{"id":70261,"date":"2023-08-01T09:56:23","date_gmt":"2023-08-01T15:56:23","guid":{"rendered":"https:\/\/elmetropolitano.com.gt\/es\/?p=70261"},"modified":"2023-08-01T09:56:36","modified_gmt":"2023-08-01T15:56:36","slug":"guatemala-coordina-actividades-de-fiestas-patrias-2023","status":"publish","type":"post","link":"https:\/\/elmetropolitano.com.gt\/es\/guatemala-coordina-actividades-de-fiestas-patrias-2023\/","title":{"rendered":"Guatemala coordina actividades de fiestas patrias 2023"},"content":{"rendered":"\n<p>Jorge Gramajo, gobernador departamental de Guatemala y presidente de la Comisi\u00f3n Ejecutiva del Comit\u00e9 Permanente Pro Festejos de la Independencia Nacional, sostuvo una segunda reuni\u00f3n bilateral con la delegaci\u00f3n de El Salvador para la coordinaci\u00f3n de la Antorcha Centroamericana por La Paz y la Libertad 2023.<\/p>\n\n\n\n<p>El <a><\/a>encuentro se llev\u00f3 a cabo en las instalaciones de la Guardia de Honor del Ministerio de la Defensa Nacional.<\/p><div class=\"elmet-contenido\" id=\"elmet-1211771717\"><div class=\"elmet-adlabel\">Anuncios<\/div><div style=\"margin-top: 20px;margin-right: 20px;margin-bottom: 20px;margin-left: 20px;\" id=\"elmet-1720689446\"><a href=\"https:\/\/www.facebook.com\/arrincuanantigua\/\" aria-label=\"cintillo-arrin-cual\"><img loading=\"lazy\" decoding=\"async\" src=\"https:\/\/elmetropolitano.com.gt\/es\/wp-content\/uploads\/2021\/11\/cintillo-arrin-cual-1.jpg\" alt=\"\"  srcset=\"https:\/\/elmetropolitano.com.gt\/es\/wp-content\/uploads\/2021\/11\/cintillo-arrin-cual-1.jpg 750w, https:\/\/elmetropolitano.com.gt\/es\/wp-content\/uploads\/2021\/11\/cintillo-arrin-cual-1-300x36.jpg 300w, https:\/\/elmetropolitano.com.gt\/es\/wp-content\/uploads\/2021\/11\/cintillo-arrin-cual-1-600x72.jpg 600w\" sizes=\"(max-width: 750px) 100vw, 750px\" width=\"750\" height=\"90\"   \/><\/a><\/div><\/div>\n\n\n\n<p>Se cont\u00f3 con la participaci\u00f3n de los siguientes representantes de entidades de El Salvador:<\/p>\n\n\n\n<p>-Directora Departamental de Educaci\u00f3n de Ahuachap\u00e1n<\/p>\n\n\n\n<p>-Gerente de Educaci\u00f3n para la Ciudadan\u00eda<\/p>\n\n\n\n<p>-Jefe de Deporte, jefe de Ciudadan\u00eda, jefe Gestor de Centros Educativos, coordinadora ADCI<\/p>\n\n\n\n<p>-T\u00e9cnico ADCI, T\u00e9cnico de Deporte, -T\u00e9cnico de Ciudadan\u00eda<\/p>\n\n\n\n<p>Subdirector General<\/p>\n\n\n\n<p>-Vicegobernador Departamental de Ahuachap\u00e1n<\/p>\n\n\n\n<p>-T\u00e9cnico Departamental de Desarrollo Territorial<\/p>\n\n\n\n<p>-Enlace de Espect\u00e1culos P\u00fablicos y Comunicaciones<\/p>\n\n\n\n<p>Coordinaci\u00f3n interinstitucional<\/p>\n\n\n\n<p>Asimismo, participaron representantes de los ministerios de Gobernaci\u00f3n, Educaci\u00f3n, Defensa, Polic\u00eda Nacional Civil. Adem\u00e1s, del Instituto Guatemalteco de Migraci\u00f3n y Gobernaci\u00f3n Departamental de Guatemala.<\/p>\n\n\n\n<p>En la reuni\u00f3n se anunci\u00f3 que se entregar\u00e1 la Antorcha Centroamericana por La Paz y la Libertad a los hermanos vecinos de la Rep\u00fablica de El Salvador el lunes 4 de septiembre del presente a\u00f1o.<\/p>\n\n\n\n<p>La finalidad es que contin\u00fae su recorrido hacia Honduras, y de Honduras a Nicaragua, hasta llegar a Costa Rica.<\/p>\n\n\n\n<p>Asimismo, a trav\u00e9s del Comit\u00e9 Permanente Pro-Festejos de la Independencia Nacional, que tiene a su cargo las actividades oficiales, este a\u00f1o los actos conmemorativos se efect\u00faan en el municipio de Ahuachap\u00e1n, El Salvador.<\/p>\n\n\n\n<p>Lo anterior, ya que tradicionalmente a cada pa\u00eds le corresponde un a\u00f1o ser anfitri\u00f3n. Adem\u00e1s, se record\u00f3 que las antorchas y fiestas patrias son parte de las tradiciones guatemaltecas que forman parte de la cultura guatemalteca.<\/p>\n\n\n\n<p>Esfuerzo interinstitucional<\/p>\n\n\n\n<p>Por otro lado, se hizo menci\u00f3n que para garantizar que las actividades de fiestas patrias se lleven a cabo con \u00e9xito, se har\u00e1 un trabajo interinstitucional.<\/p>\n\n\n\n<p>Texto: Linda Blanco<\/p>\n\n\n\n<p><a href=\"https:\/\/www.facebook.com\/hashtag\/metroredes?__eep__=6&amp;__cft__[0]=AZXehcSY8ww7ByQXHqflkJkjd95JfXz_HrCefAxcchmyfJJUNzQPw7lcUKuObRrxqQj1ZsItF2zTQroYP28kGnc76zCbCbaEpRAe8odEMlBB3unW2v-T4dJXgNdLYth6-RINaZeOBNuis2jVOUWmIeFhGX0AzttCJ88WFci0lw1i1PmO-1aiy2qM2W5MEbpF_f4&amp;__tn__=*NK-R\">#metroredes<\/a><a href=\"https:\/\/www.facebook.com\/hashtag\/independenciapatria?__eep__=6&amp;__cft__[0]=AZXehcSY8ww7ByQXHqflkJkjd95JfXz_HrCefAxcchmyfJJUNzQPw7lcUKuObRrxqQj1ZsItF2zTQroYP28kGnc76zCbCbaEpRAe8odEMlBB3unW2v-T4dJXgNdLYth6-RINaZeOBNuis2jVOUWmIeFhGX0AzttCJ88WFci0lw1i1PmO-1aiy2qM2W5MEbpF_f4&amp;__tn__=*NK-R\">#IndependenciaPatria<\/a><a href=\"https:\/\/www.facebook.com\/hashtag\/agn?__eep__=6&amp;__cft__[0]=AZXehcSY8ww7ByQXHqflkJkjd95JfXz_HrCefAxcchmyfJJUNzQPw7lcUKuObRrxqQj1ZsItF2zTQroYP28kGnc76zCbCbaEpRAe8odEMlBB3unW2v-T4dJXgNdLYth6-RINaZeOBNuis2jVOUWmIeFhGX0AzttCJ88WFci0lw1i1PmO-1aiy2qM2W5MEbpF_f4&amp;__tn__=*NK-R\">#Agn<\/a><a href=\"https:\/\/www.facebook.com\/hashtag\/15septiwmbre?__eep__=6&amp;__cft__[0]=AZXehcSY8ww7ByQXHqflkJkjd95JfXz_HrCefAxcchmyfJJUNzQPw7lcUKuObRrxqQj1ZsItF2zTQroYP28kGnc76zCbCbaEpRAe8odEMlBB3unW2v-T4dJXgNdLYth6-RINaZeOBNuis2jVOUWmIeFhGX0AzttCJ88WFci0lw1i1PmO-1aiy2qM2W5MEbpF_f4&amp;__tn__=*NK-R\">#15septiwmbre<\/a><\/p>\n\n\n\n<figure class=\"wp-block-gallery has-nested-images columns-default is-cropped wp-block-gallery-1 is-layout-flex wp-block-gallery-is-layout-flex\">\n<figure class=\"wp-block-image size-large\"><img loading=\"lazy\" decoding=\"async\" width=\"1024\" height=\"768\" data-id=\"70263\" src=\"https:\/\/elmetropolitano.com.gt\/es\/wp-content\/uploads\/2023\/08\/358145992_752939256832160_7194548174410627465_n-1024x768.jpg\" alt=\"\" class=\"wp-image-70263\" srcset=\"https:\/\/elmetropolitano.com.gt\/es\/wp-content\/uploads\/2023\/08\/358145992_752939256832160_7194548174410627465_n-1024x768.jpg 1024w, https:\/\/elmetropolitano.com.gt\/es\/wp-content\/uploads\/2023\/08\/358145992_752939256832160_7194548174410627465_n-300x225.jpg 300w, https:\/\/elmetropolitano.com.gt\/es\/wp-content\/uploads\/2023\/08\/358145992_752939256832160_7194548174410627465_n-768x576.jpg 768w, https:\/\/elmetropolitano.com.gt\/es\/wp-content\/uploads\/2023\/08\/358145992_752939256832160_7194548174410627465_n-600x450.jpg 600w, https:\/\/elmetropolitano.com.gt\/es\/wp-content\/uploads\/2023\/08\/358145992_752939256832160_7194548174410627465_n.jpg 1280w\" sizes=\"auto, (max-width: 1024px) 100vw, 1024px\" \/><\/figure>\n<\/figure>\n","protected":false},"excerpt":{"rendered":"<p>Jorge Gramajo, gobernador departamental de Guatemala y presidente de la Comisi\u00f3n Ejecutiva del Comit\u00e9 Permanente Pro Festejos de la Independencia Nacional, sostuvo una segunda reuni\u00f3n bilateral con la delegaci\u00f3n de El Salvador para la coordinaci\u00f3n de la Antorcha Centroamericana por La Paz y la Libertad 2023. El encuentro se llev\u00f3 a cabo en las instalaciones <a class=\"read-more\" href=\"https:\/\/elmetropolitano.com.gt\/es\/guatemala-coordina-actividades-de-fiestas-patrias-2023\/\">Leer m\u00e1s<\/a><\/p>\n","protected":false},"author":1,"featured_media":70262,"comment_status":"open","ping_status":"closed","sticky":false,"template":"","format":"standard","meta":{"footnotes":""},"categories":[2],"tags":[12],"class_list":["post-70261","post","type-post","status-publish","format-standard","has-post-thumbnail","hentry","category-nacionales","tag-nacionales"],"_links":{"self":[{"href":"https:\/\/elmetropolitano.com.gt\/es\/wp-json\/wp\/v2\/posts\/70261","targetHints":{"allow":["GET"]}}],"collection":[{"href":"https:\/\/elmetropolitano.com.gt\/es\/wp-json\/wp\/v2\/posts"}],"about":[{"href":"https:\/\/elmetropolitano.com.gt\/es\/wp-json\/wp\/v2\/types\/post"}],"author":[{"embeddable":true,"href":"https:\/\/elmetropolitano.com.gt\/es\/wp-json\/wp\/v2\/users\/1"}],"replies":[{"embeddable":true,"href":"https:\/\/elmetropolitano.com.gt\/es\/wp-json\/wp\/v2\/comments?post=70261"}],"version-history":[{"count":1,"href":"https:\/\/elmetropolitano.com.gt\/es\/wp-json\/wp\/v2\/posts\/70261\/revisions"}],"predecessor-version":[{"id":70264,"href":"https:\/\/elmetropolitano.com.gt\/es\/wp-json\/wp\/v2\/posts\/70261\/revisions\/70264"}],"wp:featuredmedia":[{"embeddable":true,"href":"https:\/\/elmetropolitano.com.gt\/es\/wp-json\/wp\/v2\/media\/70262"}],"wp:attachment":[{"href":"https:\/\/elmetropolitano.com.gt\/es\/wp-json\/wp\/v2\/media?parent=70261"}],"wp:term":[{"taxonomy":"category","embeddable":true,"href":"https:\/\/elmetropolitano.com.gt\/es\/wp-json\/wp\/v2\/categories?post=70261"},{"taxonomy":"post_tag","embeddable":true,"href":"https:\/\/elmetropolitano.com.gt\/es\/wp-json\/wp\/v2\/tags?post=70261"}],"curies":[{"name":"wp","href":"https:\/\/api.w.org\/{rel}","templated":true}]}}