{"id":70272,"date":"2023-08-01T10:14:27","date_gmt":"2023-08-01T16:14:27","guid":{"rendered":"https:\/\/elmetropolitano.com.gt\/es\/?p=70272"},"modified":"2023-08-01T10:14:32","modified_gmt":"2023-08-01T16:14:32","slug":"gobierno-impulsa-campana-no-te-dejes-enganar-piensalo-2-veces","status":"publish","type":"post","link":"https:\/\/elmetropolitano.com.gt\/es\/gobierno-impulsa-campana-no-te-dejes-enganar-piensalo-2-veces\/","title":{"rendered":"Gobierno impulsa campa\u00f1a \u201cNo te dejes enga\u00f1ar, \u00a1pi\u00e9nsalo 2 veces!\u201d"},"content":{"rendered":"\n<p>El Presidente de la Rep\u00fablica de Alejandro Giammattei , juntamente con el Instituto Guatemalteco de Migraci\u00f3n (IGM), la Organizaci\u00f3n Internacional de Trabajo (OIT) y la Organizaci\u00f3n Internacional para las Migraciones (OIM), llevaron a cabo este lunes la campa\u00f1a de movilidad laboral No te dejes enga\u00f1ar, \u00a1pi\u00e9nsalo 2 veces!<\/p>\n\n\n\n<p>El objetivo es evitar estafas a migrantes con falsas promesas laborales, cobros ilegales, <a><\/a>contratos falsos, abuso f\u00edsico o sexual.<\/p><div class=\"elmet-contenido\" id=\"elmet-95165665\"><div class=\"elmet-adlabel\">Anuncios<\/div><div style=\"margin-top: 20px;margin-right: 20px;margin-bottom: 20px;margin-left: 20px;\" id=\"elmet-1811856484\"><a href=\"https:\/\/www.facebook.com\/arrincuanantigua\/\" aria-label=\"cintillo-arrin-cual\"><img loading=\"lazy\" decoding=\"async\" src=\"https:\/\/elmetropolitano.com.gt\/es\/wp-content\/uploads\/2021\/11\/cintillo-arrin-cual-1.jpg\" alt=\"\"  srcset=\"https:\/\/elmetropolitano.com.gt\/es\/wp-content\/uploads\/2021\/11\/cintillo-arrin-cual-1.jpg 750w, https:\/\/elmetropolitano.com.gt\/es\/wp-content\/uploads\/2021\/11\/cintillo-arrin-cual-1-300x36.jpg 300w, https:\/\/elmetropolitano.com.gt\/es\/wp-content\/uploads\/2021\/11\/cintillo-arrin-cual-1-600x72.jpg 600w\" sizes=\"(max-width: 750px) 100vw, 750px\" width=\"750\" height=\"90\"   \/><\/a><\/div><\/div>\n\n\n\n<p>La campa\u00f1a, que durar\u00e1 30 d\u00edas, va dirigida a j\u00f3venes, adultos y mayores de 65 a\u00f1os, y alienta a usar los canales de consulta legales sobre migraci\u00f3n y mercado laboral.<\/p>\n\n\n\n<p>Ante ello, las organizaciones y representantes unen sus esfuerzos para facilitar la migraci\u00f3n de forma ordenada, segura y regular.<\/p>\n\n\n\n<p>Para ilustrar, el Ministerio de Trabajo y Previsi\u00f3n Social (Mintrab), a trav\u00e9s del departamento de movilidad laboral, cumple la normativa de asegurar el proceso de contrataci\u00f3n con derechos laborales; por el contrario, si se recurre a otras v\u00edas, se exponen a ser v\u00edctimas de fraude.<\/p>\n\n\n\n<p>En cuanto a la migraci\u00f3n laboral regulada, Stephanie Daviot, jefa de Misi\u00f3n de la OIM, indic\u00f3 que la \u201cOIM somos la agencia l\u00edder de migraci\u00f3n, estamos apoyando al Estado guatemalteco para gestionar los asuntos migratorios en el pa\u00eds. Entre estos, la migraci\u00f3n laboral, y queremos ofrecer la posibilidad a los guatemaltecos de irse de manera segura y digna a trabajar a otros pa\u00edses\u201d<\/p>\n\n\n\n<p>Documentos<\/p>\n\n\n\n<p>De acuerdo con la informaci\u00f3n, se cont\u00f3 con la participaci\u00f3n estrat\u00e9gica del IGM. Esta instituci\u00f3n aporta en el proceso mediante la agilizaci\u00f3n de documentos migratorios como pasaportes y certificaci\u00f3n de carencia de arraigos.<\/p>\n\n\n\n<p>De la siguiente manera se expres\u00f3 el presidente Alejandro Giammattei durante la presentaci\u00f3n de la campa\u00f1a indicando que \u201cExiste el programa de trabajo temporal, ha hecho alianzas estrat\u00e9gicas para brindarles un buen servicio, es real. Miles de guatemaltecos han trabajado en Estados Unidos y Canad\u00e1 en \u00e1reas agr\u00edcolas y hoteler\u00eda. Continuaremos trabajando, informando a la poblaci\u00f3n para que no se deje enga\u00f1ar, y en las gestiones para la creaci\u00f3n de m\u00e1s empleos en Guatemala\u201d<\/p>\n\n\n\n<p>Adem\u00e1s, Ana Mar\u00eda M\u00e9ndez, Oficial Nacional de Migraci\u00f3n OIT, expres\u00f3 que \u201cun empleo que satisfaga las necesidades y aspiraciones es el eje central de la migraci\u00f3n laboral. En la b\u00fasqueda de esa oportunidad de trabajo, el proceso de la contrataci\u00f3n marca la pauta de la experiencia laboral que una persona tiene por delante\u201d<\/p>\n\n\n\n<p>Acudir al Ministerio de Trabajo, a trav\u00e9s del departamento de movilidad laboral, y que cumplen la normativa, es asegurar el proceso de contrataci\u00f3n con derechos laborales.<\/p>\n\n\n\n<p>Para concluir, el mandatario Giammattei hizo \u00e9nfasis en fortalecer la migraci\u00f3n laboral, segura, ordenada, regular y circular. Estrategia promovida para fortalecer la econom\u00eda y mejorar las condiciones de vida. Adem\u00e1s de contribuir a la reducci\u00f3n de separaci\u00f3n de familias, as\u00ed como en el decremento de la pobreza.<\/p>\n\n\n\n<p>Texto: Jenny Herrera<\/p>\n\n\n\n<figure class=\"wp-block-gallery has-nested-images columns-default is-cropped wp-block-gallery-1 is-layout-flex wp-block-gallery-is-layout-flex\">\n<figure class=\"wp-block-image size-large\"><img loading=\"lazy\" decoding=\"async\" width=\"960\" height=\"640\" data-id=\"70276\" src=\"https:\/\/elmetropolitano.com.gt\/es\/wp-content\/uploads\/2023\/08\/362282012_752972043495548_4156890547849678454_n.jpg\" alt=\"\" class=\"wp-image-70276\" srcset=\"https:\/\/elmetropolitano.com.gt\/es\/wp-content\/uploads\/2023\/08\/362282012_752972043495548_4156890547849678454_n.jpg 960w, https:\/\/elmetropolitano.com.gt\/es\/wp-content\/uploads\/2023\/08\/362282012_752972043495548_4156890547849678454_n-300x200.jpg 300w, https:\/\/elmetropolitano.com.gt\/es\/wp-content\/uploads\/2023\/08\/362282012_752972043495548_4156890547849678454_n-768x512.jpg 768w, https:\/\/elmetropolitano.com.gt\/es\/wp-content\/uploads\/2023\/08\/362282012_752972043495548_4156890547849678454_n-600x400.jpg 600w\" sizes=\"auto, (max-width: 960px) 100vw, 960px\" \/><\/figure>\n\n\n\n<figure class=\"wp-block-image size-large\"><img loading=\"lazy\" decoding=\"async\" width=\"960\" height=\"640\" data-id=\"70275\" src=\"https:\/\/elmetropolitano.com.gt\/es\/wp-content\/uploads\/2023\/08\/362286320_752971980162221_4590679614781793851_n.jpg\" alt=\"\" class=\"wp-image-70275\" srcset=\"https:\/\/elmetropolitano.com.gt\/es\/wp-content\/uploads\/2023\/08\/362286320_752971980162221_4590679614781793851_n.jpg 960w, https:\/\/elmetropolitano.com.gt\/es\/wp-content\/uploads\/2023\/08\/362286320_752971980162221_4590679614781793851_n-300x200.jpg 300w, https:\/\/elmetropolitano.com.gt\/es\/wp-content\/uploads\/2023\/08\/362286320_752971980162221_4590679614781793851_n-768x512.jpg 768w, https:\/\/elmetropolitano.com.gt\/es\/wp-content\/uploads\/2023\/08\/362286320_752971980162221_4590679614781793851_n-600x400.jpg 600w\" sizes=\"auto, (max-width: 960px) 100vw, 960px\" \/><\/figure>\n\n\n\n<figure class=\"wp-block-image size-large\"><img loading=\"lazy\" decoding=\"async\" width=\"960\" height=\"640\" data-id=\"70274\" src=\"https:\/\/elmetropolitano.com.gt\/es\/wp-content\/uploads\/2023\/08\/362662405_752972013495551_7810226818838938396_n.jpg\" alt=\"\" class=\"wp-image-70274\" srcset=\"https:\/\/elmetropolitano.com.gt\/es\/wp-content\/uploads\/2023\/08\/362662405_752972013495551_7810226818838938396_n.jpg 960w, https:\/\/elmetropolitano.com.gt\/es\/wp-content\/uploads\/2023\/08\/362662405_752972013495551_7810226818838938396_n-300x200.jpg 300w, https:\/\/elmetropolitano.com.gt\/es\/wp-content\/uploads\/2023\/08\/362662405_752972013495551_7810226818838938396_n-768x512.jpg 768w, https:\/\/elmetropolitano.com.gt\/es\/wp-content\/uploads\/2023\/08\/362662405_752972013495551_7810226818838938396_n-600x400.jpg 600w\" sizes=\"auto, (max-width: 960px) 100vw, 960px\" \/><\/figure>\n\n\n\n<figure class=\"wp-block-image size-large\"><img loading=\"lazy\" decoding=\"async\" width=\"1024\" height=\"683\" data-id=\"70277\" src=\"https:\/\/elmetropolitano.com.gt\/es\/wp-content\/uploads\/2023\/08\/363409199_752972133495539_4016312779625032262_n-1024x683.jpg\" alt=\"\" class=\"wp-image-70277\" srcset=\"https:\/\/elmetropolitano.com.gt\/es\/wp-content\/uploads\/2023\/08\/363409199_752972133495539_4016312779625032262_n-1024x683.jpg 1024w, https:\/\/elmetropolitano.com.gt\/es\/wp-content\/uploads\/2023\/08\/363409199_752972133495539_4016312779625032262_n-300x200.jpg 300w, https:\/\/elmetropolitano.com.gt\/es\/wp-content\/uploads\/2023\/08\/363409199_752972133495539_4016312779625032262_n-768x512.jpg 768w, https:\/\/elmetropolitano.com.gt\/es\/wp-content\/uploads\/2023\/08\/363409199_752972133495539_4016312779625032262_n-600x400.jpg 600w, https:\/\/elmetropolitano.com.gt\/es\/wp-content\/uploads\/2023\/08\/363409199_752972133495539_4016312779625032262_n.jpg 1440w\" sizes=\"auto, (max-width: 1024px) 100vw, 1024px\" \/><\/figure>\n\n\n\n<figure class=\"wp-block-image size-large\"><img loading=\"lazy\" decoding=\"async\" width=\"1024\" height=\"682\" data-id=\"70278\" src=\"https:\/\/elmetropolitano.com.gt\/es\/wp-content\/uploads\/2023\/08\/363454953_752972500162169_7125191342777713216_n-1024x682.jpg\" alt=\"\" class=\"wp-image-70278\" srcset=\"https:\/\/elmetropolitano.com.gt\/es\/wp-content\/uploads\/2023\/08\/363454953_752972500162169_7125191342777713216_n-1024x682.jpg 1024w, https:\/\/elmetropolitano.com.gt\/es\/wp-content\/uploads\/2023\/08\/363454953_752972500162169_7125191342777713216_n-300x200.jpg 300w, https:\/\/elmetropolitano.com.gt\/es\/wp-content\/uploads\/2023\/08\/363454953_752972500162169_7125191342777713216_n-768x512.jpg 768w, https:\/\/elmetropolitano.com.gt\/es\/wp-content\/uploads\/2023\/08\/363454953_752972500162169_7125191342777713216_n-1536x1023.jpg 1536w, https:\/\/elmetropolitano.com.gt\/es\/wp-content\/uploads\/2023\/08\/363454953_752972500162169_7125191342777713216_n-600x400.jpg 600w, https:\/\/elmetropolitano.com.gt\/es\/wp-content\/uploads\/2023\/08\/363454953_752972500162169_7125191342777713216_n.jpg 1600w\" sizes=\"auto, (max-width: 1024px) 100vw, 1024px\" \/><\/figure>\n<\/figure>\n","protected":false},"excerpt":{"rendered":"<p>El Presidente de la Rep\u00fablica de Alejandro Giammattei , juntamente con el Instituto Guatemalteco de Migraci\u00f3n (IGM), la Organizaci\u00f3n Internacional de Trabajo (OIT) y la Organizaci\u00f3n Internacional para las Migraciones (OIM), llevaron a cabo este lunes la campa\u00f1a de movilidad laboral No te dejes enga\u00f1ar, \u00a1pi\u00e9nsalo 2 veces! El objetivo es evitar estafas a migrantes <a class=\"read-more\" href=\"https:\/\/elmetropolitano.com.gt\/es\/gobierno-impulsa-campana-no-te-dejes-enganar-piensalo-2-veces\/\">Leer m\u00e1s<\/a><\/p>\n","protected":false},"author":1,"featured_media":70273,"comment_status":"open","ping_status":"closed","sticky":false,"template":"","format":"standard","meta":{"footnotes":""},"categories":[2],"tags":[12],"class_list":["post-70272","post","type-post","status-publish","format-standard","has-post-thumbnail","hentry","category-nacionales","tag-nacionales"],"_links":{"self":[{"href":"https:\/\/elmetropolitano.com.gt\/es\/wp-json\/wp\/v2\/posts\/70272","targetHints":{"allow":["GET"]}}],"collection":[{"href":"https:\/\/elmetropolitano.com.gt\/es\/wp-json\/wp\/v2\/posts"}],"about":[{"href":"https:\/\/elmetropolitano.com.gt\/es\/wp-json\/wp\/v2\/types\/post"}],"author":[{"embeddable":true,"href":"https:\/\/elmetropolitano.com.gt\/es\/wp-json\/wp\/v2\/users\/1"}],"replies":[{"embeddable":true,"href":"https:\/\/elmetropolitano.com.gt\/es\/wp-json\/wp\/v2\/comments?post=70272"}],"version-history":[{"count":1,"href":"https:\/\/elmetropolitano.com.gt\/es\/wp-json\/wp\/v2\/posts\/70272\/revisions"}],"predecessor-version":[{"id":70279,"href":"https:\/\/elmetropolitano.com.gt\/es\/wp-json\/wp\/v2\/posts\/70272\/revisions\/70279"}],"wp:featuredmedia":[{"embeddable":true,"href":"https:\/\/elmetropolitano.com.gt\/es\/wp-json\/wp\/v2\/media\/70273"}],"wp:attachment":[{"href":"https:\/\/elmetropolitano.com.gt\/es\/wp-json\/wp\/v2\/media?parent=70272"}],"wp:term":[{"taxonomy":"category","embeddable":true,"href":"https:\/\/elmetropolitano.com.gt\/es\/wp-json\/wp\/v2\/categories?post=70272"},{"taxonomy":"post_tag","embeddable":true,"href":"https:\/\/elmetropolitano.com.gt\/es\/wp-json\/wp\/v2\/tags?post=70272"}],"curies":[{"name":"wp","href":"https:\/\/api.w.org\/{rel}","templated":true}]}}