{"id":70439,"date":"2023-08-04T11:38:44","date_gmt":"2023-08-04T17:38:44","guid":{"rendered":"https:\/\/elmetropolitano.com.gt\/es\/?p=70439"},"modified":"2023-08-04T11:38:45","modified_gmt":"2023-08-04T17:38:45","slug":"sandra-torres-expone-a-oea-preocupacion-por-irregularidades-en-proceso-electoral","status":"publish","type":"post","link":"https:\/\/elmetropolitano.com.gt\/es\/sandra-torres-expone-a-oea-preocupacion-por-irregularidades-en-proceso-electoral\/","title":{"rendered":"Sandra Torres expone a OEA preocupaci\u00f3n por irregularidades en proceso electoral"},"content":{"rendered":"\n<p>Derivado que a\u00fan no hay respuesta clara de las autoridades electorales en cuanto a los motivos para usar el sistema alterno de conteo votos el pasado 25 de junio, la presidenciable de la Unidad Nacional de la Esperanza UNE, expuso su preocupaci\u00f3n porque este tipo de irregularidades puedan presentarse de nuevo el 20 de agosto.<\/p>\n\n\n\n<p>\u201cNos llama la atenci\u00f3n que nunca tuvimos respuesta formal de los <a><\/a>magistrados del TSE por el software contratado a la empresa SEGA S. A. \u201c, refiri\u00f3 la candidata.<\/p><div class=\"elmet-contenido\" id=\"elmet-2827696212\"><div class=\"elmet-adlabel\">Anuncios<\/div><div style=\"margin-top: 20px;margin-right: 20px;margin-bottom: 20px;margin-left: 20px;\" id=\"elmet-1834815570\"><a href=\"https:\/\/www.facebook.com\/arrincuanantigua\/\" aria-label=\"cintillo-arrin-cual\"><img loading=\"lazy\" decoding=\"async\" src=\"https:\/\/elmetropolitano.com.gt\/es\/wp-content\/uploads\/2021\/11\/cintillo-arrin-cual-1.jpg\" alt=\"\"  srcset=\"https:\/\/elmetropolitano.com.gt\/es\/wp-content\/uploads\/2021\/11\/cintillo-arrin-cual-1.jpg 750w, https:\/\/elmetropolitano.com.gt\/es\/wp-content\/uploads\/2021\/11\/cintillo-arrin-cual-1-300x36.jpg 300w, https:\/\/elmetropolitano.com.gt\/es\/wp-content\/uploads\/2021\/11\/cintillo-arrin-cual-1-600x72.jpg 600w\" sizes=\"(max-width: 750px) 100vw, 750px\" width=\"750\" height=\"90\"   \/><\/a><\/div><\/div>\n\n\n\n<p>La charla tuvo lugar entre Sandra Torres y Luis Almagro, secretario general de la OEA, en compa\u00f1\u00eda de Gustavo Cinosi, Franchesca Sterling, Pablo Sandino, de OEA, entre otros.<\/p>\n\n\n\n<p>De parte de la UNE estuvieron presentes, Romeo Guerra, candidato a la Vicepresidencia V\u00edctor Guerra, Secretario General en funciones, Adim Maldonado, diputado electo, Arkel Ben\u00edtez, asesor y C\u00e9sar Romano, fiscal nacional ante el TSE.<\/p>\n\n\n\n<p>Este \u00faltimo manifest\u00f3 que \u201cfue una falta de respeto que no nos hayan notificado el cambio del conteo de votos sino a \u00faltima hora, aunque siempre los magistrados lo negaron\u201d.<\/p>\n\n\n\n<p>Record\u00f3 que \u201cno hay o no aparecen 400 actas de las 24 mil que se usaron para elecci\u00f3n presidencial, lo cual representan unos 160 mil votos, que pueden definir una elecci\u00f3n \u201c.<\/p>\n\n\n\n<p>Romano agreg\u00f3 que desde 1985, nunca el TSE hab\u00eda negado a los partidos pol\u00edticos, informaci\u00f3n, ni certificaci\u00f3n de escrutinios. \u201cNo dejaron a nuestros fiscales de mesa tomar foto del documento o papeleta de elecci\u00f3n para presidencia, lo cual es ilegal \u201c.<\/p>\n\n\n\n<p>Sandra Torres pidi\u00f3 a la OEA que como observadores, haya objetividad, se garantice transparencia y certeza jur\u00eddica del pr\u00f3ximo evento electoral.<\/p>\n\n\n\n<p><a href=\"https:\/\/www.facebook.com\/hashtag\/metroredes?__eep__=6&amp;__cft__[0]=AZXjvJAd7VPZJiX3XWz6EZ__le7UaR_wwfXFcN_MaMXUnf3lzPFCDbYPLBmxa9YdqweRNLn7EglnP4rCSNlj2kXBKGwo3hw5dZwzF_f85T_rR87uNOkEI_v0ZLHFVmigDQ37Q_jN7cXE1UZPF4Vfqh3kRVWxZgLn5KzlzDmIdOYn_xBWnKDtv2iMCe9-cmLAhxQ&amp;__tn__=*NK-R\">#metroredes<\/a><a href=\"https:\/\/www.facebook.com\/hashtag\/eleccionesgt2023?__eep__=6&amp;__cft__[0]=AZXjvJAd7VPZJiX3XWz6EZ__le7UaR_wwfXFcN_MaMXUnf3lzPFCDbYPLBmxa9YdqweRNLn7EglnP4rCSNlj2kXBKGwo3hw5dZwzF_f85T_rR87uNOkEI_v0ZLHFVmigDQ37Q_jN7cXE1UZPF4Vfqh3kRVWxZgLn5KzlzDmIdOYn_xBWnKDtv2iMCe9-cmLAhxQ&amp;__tn__=*NK-R\">#EleccionesGT2023<\/a><a href=\"https:\/\/www.facebook.com\/hashtag\/oea_oficial?__eep__=6&amp;__cft__[0]=AZXjvJAd7VPZJiX3XWz6EZ__le7UaR_wwfXFcN_MaMXUnf3lzPFCDbYPLBmxa9YdqweRNLn7EglnP4rCSNlj2kXBKGwo3hw5dZwzF_f85T_rR87uNOkEI_v0ZLHFVmigDQ37Q_jN7cXE1UZPF4Vfqh3kRVWxZgLn5KzlzDmIdOYn_xBWnKDtv2iMCe9-cmLAhxQ&amp;__tn__=*NK-R\">#OEA_oficial<\/a><a href=\"https:\/\/www.facebook.com\/hashtag\/partidoune?__eep__=6&amp;__cft__[0]=AZXjvJAd7VPZJiX3XWz6EZ__le7UaR_wwfXFcN_MaMXUnf3lzPFCDbYPLBmxa9YdqweRNLn7EglnP4rCSNlj2kXBKGwo3hw5dZwzF_f85T_rR87uNOkEI_v0ZLHFVmigDQ37Q_jN7cXE1UZPF4Vfqh3kRVWxZgLn5KzlzDmIdOYn_xBWnKDtv2iMCe9-cmLAhxQ&amp;__tn__=*NK-R\">#PartidoUNE<\/a><\/p>\n\n\n\n<p><\/p>\n","protected":false},"excerpt":{"rendered":"<p>Derivado que a\u00fan no hay respuesta clara de las autoridades electorales en cuanto a los motivos para usar el sistema alterno de conteo votos el pasado 25 de junio, la presidenciable de la Unidad Nacional de la Esperanza UNE, expuso su preocupaci\u00f3n porque este tipo de irregularidades puedan presentarse de nuevo el 20 de agosto. <a class=\"read-more\" href=\"https:\/\/elmetropolitano.com.gt\/es\/sandra-torres-expone-a-oea-preocupacion-por-irregularidades-en-proceso-electoral\/\">Leer m\u00e1s<\/a><\/p>\n","protected":false},"author":1,"featured_media":70440,"comment_status":"open","ping_status":"closed","sticky":false,"template":"","format":"standard","meta":{"footnotes":""},"categories":[97],"tags":[98],"class_list":["post-70439","post","type-post","status-publish","format-standard","has-post-thumbnail","hentry","category-politica","tag-politica"],"_links":{"self":[{"href":"https:\/\/elmetropolitano.com.gt\/es\/wp-json\/wp\/v2\/posts\/70439","targetHints":{"allow":["GET"]}}],"collection":[{"href":"https:\/\/elmetropolitano.com.gt\/es\/wp-json\/wp\/v2\/posts"}],"about":[{"href":"https:\/\/elmetropolitano.com.gt\/es\/wp-json\/wp\/v2\/types\/post"}],"author":[{"embeddable":true,"href":"https:\/\/elmetropolitano.com.gt\/es\/wp-json\/wp\/v2\/users\/1"}],"replies":[{"embeddable":true,"href":"https:\/\/elmetropolitano.com.gt\/es\/wp-json\/wp\/v2\/comments?post=70439"}],"version-history":[{"count":1,"href":"https:\/\/elmetropolitano.com.gt\/es\/wp-json\/wp\/v2\/posts\/70439\/revisions"}],"predecessor-version":[{"id":70441,"href":"https:\/\/elmetropolitano.com.gt\/es\/wp-json\/wp\/v2\/posts\/70439\/revisions\/70441"}],"wp:featuredmedia":[{"embeddable":true,"href":"https:\/\/elmetropolitano.com.gt\/es\/wp-json\/wp\/v2\/media\/70440"}],"wp:attachment":[{"href":"https:\/\/elmetropolitano.com.gt\/es\/wp-json\/wp\/v2\/media?parent=70439"}],"wp:term":[{"taxonomy":"category","embeddable":true,"href":"https:\/\/elmetropolitano.com.gt\/es\/wp-json\/wp\/v2\/categories?post=70439"},{"taxonomy":"post_tag","embeddable":true,"href":"https:\/\/elmetropolitano.com.gt\/es\/wp-json\/wp\/v2\/tags?post=70439"}],"curies":[{"name":"wp","href":"https:\/\/api.w.org\/{rel}","templated":true}]}}