{"id":70953,"date":"2023-08-12T15:57:58","date_gmt":"2023-08-12T21:57:58","guid":{"rendered":"https:\/\/elmetropolitano.com.gt\/es\/?p=70953"},"modified":"2023-08-12T15:57:59","modified_gmt":"2023-08-12T21:57:59","slug":"guatemala-se-une-a-la-conmemoracion-del-dia-internacional-de-la-juventud","status":"publish","type":"post","link":"https:\/\/elmetropolitano.com.gt\/es\/guatemala-se-une-a-la-conmemoracion-del-dia-internacional-de-la-juventud\/","title":{"rendered":"Guatemala se une a la conmemoraci\u00f3n del D\u00eda Internacional de la Juventud"},"content":{"rendered":"\n<p>Guatemala se une a la celebraci\u00f3n del D\u00eda Internacional de la Juventud que se festeja hoy 12 de agosto.<\/p>\n\n\n\n<p>En el pa\u00eds se han implementado diversas acciones para dar apoyo a este grupo poblacional y con el fin de contribuir al desarrollo del pa\u00eds.<\/p><div class=\"elmet-contenido\" id=\"elmet-1404192569\"><div class=\"elmet-adlabel\">Anuncios<\/div><div style=\"margin-top: 20px;margin-right: 20px;margin-bottom: 20px;margin-left: 20px;\" id=\"elmet-3366924939\"><a href=\"https:\/\/www.facebook.com\/arrincuanantigua\/\" aria-label=\"cintillo-arrin-cual\"><img loading=\"lazy\" decoding=\"async\" src=\"https:\/\/elmetropolitano.com.gt\/es\/wp-content\/uploads\/2021\/11\/cintillo-arrin-cual-1.jpg\" alt=\"\"  srcset=\"https:\/\/elmetropolitano.com.gt\/es\/wp-content\/uploads\/2021\/11\/cintillo-arrin-cual-1.jpg 750w, https:\/\/elmetropolitano.com.gt\/es\/wp-content\/uploads\/2021\/11\/cintillo-arrin-cual-1-300x36.jpg 300w, https:\/\/elmetropolitano.com.gt\/es\/wp-content\/uploads\/2021\/11\/cintillo-arrin-cual-1-600x72.jpg 600w\" sizes=\"(max-width: 750px) 100vw, 750px\" width=\"750\" height=\"90\"   \/><\/a><\/div><\/div>\n\n\n\n<p>De <a><\/a>ese modo, el Gobierno de Guatemala, ha compartido las estrategias impulsadas encaminadas a mejorar las competencias, destrezas, conocimientos y potenciar su crecimiento.<\/p>\n\n\n\n<p>Esta celebraci\u00f3n fue aprobada en 1999 por la Asamblea General de las Naciones Unidas, con el objetivo de reconocer y ampliar la importancia de las y los j\u00f3venes en los asuntos y desaf\u00edos de la actualidad, los cuales son considerados muy importantes para su desarrollo.<\/p>\n\n\n\n<p>Acciones<\/p>\n\n\n\n<p>Una de las iniciativas impulsadas para el apoyo a la juventud es el programa de Becas de Ingl\u00e9s. Por medio de este se ha logrado beneficiar a m\u00e1s de 5 mil 200 estudiantes en todo el territorio nacional.<\/p>\n\n\n\n<p>Igualmente, se han entregado m\u00e1s de 3 mil 200 becas educativas en Derecho Registral, Alfabetizadores, Idioma y Baile Coreano y Desarrollo Tecnol\u00f3gico.<\/p>\n\n\n\n<p>Aparte, se resalta que m\u00e1s de 3 millones de j\u00f3venes tambi\u00e9n se han beneficiado con el Programa de Alimentaci\u00f3n escolar.<\/p>\n\n\n\n<p>Entre otros datos, por medio de la Secretar\u00eda de Bienestar Social de la Presidencia se brinda atenci\u00f3n integral a m\u00e1s de 5 mil 200 ni\u00f1os, ni\u00f1as y adolescentes que residen en condici\u00f3n vulnerable o presentan alguna discapacidad.<\/p>\n\n\n\n<p>En temas de empleo, bajo la coordinaci\u00f3n del Ministerio de Trabajo y Previsi\u00f3n Social, con el Servicio Nacional de Empleo se han reinsertado al campo laboral m\u00e1s de 9 mil 200 j\u00f3venes. Sumado a ellos, otros 7 mil 487 consiguieron empleos formales en el extranjero.<\/p>\n\n\n\n<p>Bajo ese mismo objetivo, el Programa Beca Mi Primer Empleo ha sido de favor para mil 439 j\u00f3venes, esta iniciativa promueve la contrataci\u00f3n de guatemaltecos de entre 18 y 24 a\u00f1os de edad.<\/p>\n\n\n\n<p>Finalmente, bajo el programa de Apoyo al Empleo Digno, mil 507 j\u00f3venes se han capacitado y han fortalecido sus competencias para encontrar mejores oportunidades de empleo.<\/p>\n\n\n\n<figure class=\"wp-block-gallery has-nested-images columns-default is-cropped wp-block-gallery-1 is-layout-flex wp-block-gallery-is-layout-flex\">\n<figure class=\"wp-block-image size-large\"><img loading=\"lazy\" decoding=\"async\" width=\"1024\" height=\"1024\" data-id=\"70955\" src=\"https:\/\/elmetropolitano.com.gt\/es\/wp-content\/uploads\/2023\/08\/366625668_760629966063089_2729017540996490553_n-1-1024x1024.jpg\" alt=\"\" class=\"wp-image-70955\" srcset=\"https:\/\/elmetropolitano.com.gt\/es\/wp-content\/uploads\/2023\/08\/366625668_760629966063089_2729017540996490553_n-1-1024x1024.jpg 1024w, https:\/\/elmetropolitano.com.gt\/es\/wp-content\/uploads\/2023\/08\/366625668_760629966063089_2729017540996490553_n-1-300x300.jpg 300w, https:\/\/elmetropolitano.com.gt\/es\/wp-content\/uploads\/2023\/08\/366625668_760629966063089_2729017540996490553_n-1-150x150.jpg 150w, https:\/\/elmetropolitano.com.gt\/es\/wp-content\/uploads\/2023\/08\/366625668_760629966063089_2729017540996490553_n-1-768x768.jpg 768w, https:\/\/elmetropolitano.com.gt\/es\/wp-content\/uploads\/2023\/08\/366625668_760629966063089_2729017540996490553_n-1-600x600.jpg 600w, https:\/\/elmetropolitano.com.gt\/es\/wp-content\/uploads\/2023\/08\/366625668_760629966063089_2729017540996490553_n-1-100x100.jpg 100w, https:\/\/elmetropolitano.com.gt\/es\/wp-content\/uploads\/2023\/08\/366625668_760629966063089_2729017540996490553_n-1.jpg 1500w\" sizes=\"auto, (max-width: 1024px) 100vw, 1024px\" \/><\/figure>\n<\/figure>\n","protected":false},"excerpt":{"rendered":"<p>Guatemala se une a la celebraci\u00f3n del D\u00eda Internacional de la Juventud que se festeja hoy 12 de agosto. En el pa\u00eds se han implementado diversas acciones para dar apoyo a este grupo poblacional y con el fin de contribuir al desarrollo del pa\u00eds. De ese modo, el Gobierno de Guatemala, ha compartido las estrategias <a class=\"read-more\" href=\"https:\/\/elmetropolitano.com.gt\/es\/guatemala-se-une-a-la-conmemoracion-del-dia-internacional-de-la-juventud\/\">Leer m\u00e1s<\/a><\/p>\n","protected":false},"author":1,"featured_media":70954,"comment_status":"open","ping_status":"closed","sticky":false,"template":"","format":"standard","meta":{"footnotes":""},"categories":[2],"tags":[12],"class_list":["post-70953","post","type-post","status-publish","format-standard","has-post-thumbnail","hentry","category-nacionales","tag-nacionales"],"_links":{"self":[{"href":"https:\/\/elmetropolitano.com.gt\/es\/wp-json\/wp\/v2\/posts\/70953","targetHints":{"allow":["GET"]}}],"collection":[{"href":"https:\/\/elmetropolitano.com.gt\/es\/wp-json\/wp\/v2\/posts"}],"about":[{"href":"https:\/\/elmetropolitano.com.gt\/es\/wp-json\/wp\/v2\/types\/post"}],"author":[{"embeddable":true,"href":"https:\/\/elmetropolitano.com.gt\/es\/wp-json\/wp\/v2\/users\/1"}],"replies":[{"embeddable":true,"href":"https:\/\/elmetropolitano.com.gt\/es\/wp-json\/wp\/v2\/comments?post=70953"}],"version-history":[{"count":1,"href":"https:\/\/elmetropolitano.com.gt\/es\/wp-json\/wp\/v2\/posts\/70953\/revisions"}],"predecessor-version":[{"id":70956,"href":"https:\/\/elmetropolitano.com.gt\/es\/wp-json\/wp\/v2\/posts\/70953\/revisions\/70956"}],"wp:featuredmedia":[{"embeddable":true,"href":"https:\/\/elmetropolitano.com.gt\/es\/wp-json\/wp\/v2\/media\/70954"}],"wp:attachment":[{"href":"https:\/\/elmetropolitano.com.gt\/es\/wp-json\/wp\/v2\/media?parent=70953"}],"wp:term":[{"taxonomy":"category","embeddable":true,"href":"https:\/\/elmetropolitano.com.gt\/es\/wp-json\/wp\/v2\/categories?post=70953"},{"taxonomy":"post_tag","embeddable":true,"href":"https:\/\/elmetropolitano.com.gt\/es\/wp-json\/wp\/v2\/tags?post=70953"}],"curies":[{"name":"wp","href":"https:\/\/api.w.org\/{rel}","templated":true}]}}