{"id":71066,"date":"2023-08-14T10:01:30","date_gmt":"2023-08-14T16:01:30","guid":{"rendered":"https:\/\/elmetropolitano.com.gt\/es\/?p=71066"},"modified":"2023-08-14T10:01:31","modified_gmt":"2023-08-14T16:01:31","slug":"sonido-de-la-libertad-la-pelicula-que-promueve-la-erradicacion-de-la-trata-de-personas","status":"publish","type":"post","link":"https:\/\/elmetropolitano.com.gt\/es\/sonido-de-la-libertad-la-pelicula-que-promueve-la-erradicacion-de-la-trata-de-personas\/","title":{"rendered":"\u201cSonido de la Libertad\u00bb la pel\u00edcula que promueve la erradicaci\u00f3n de la trata de personas"},"content":{"rendered":"\n<p>Este d\u00eda se llev\u00f3 a cabo la premier de la pel\u00edcula Sonido de Libertad. Se trata de una producci\u00f3n cinematogr\u00e1fica enfocada en la protecci\u00f3n de la vida y la erradicaci\u00f3n de la trata de personas.<\/p>\n\n\n\n<p>La <a><\/a>presentaci\u00f3n se llev\u00f3 a cabo en la Gran Sala Efra\u00edn Recinos del Teatro Nacional Miguel \u00c1ngel Asturias.<\/p><div class=\"elmet-contenido\" id=\"elmet-3261035083\"><div class=\"elmet-adlabel\">Anuncios<\/div><div style=\"margin-top: 20px;margin-right: 20px;margin-bottom: 20px;margin-left: 20px;\" id=\"elmet-967364260\"><a href=\"https:\/\/www.facebook.com\/arrincuanantigua\/\" aria-label=\"cintillo-arrin-cual\"><img loading=\"lazy\" decoding=\"async\" src=\"https:\/\/elmetropolitano.com.gt\/es\/wp-content\/uploads\/2021\/11\/cintillo-arrin-cual-1.jpg\" alt=\"\"  srcset=\"https:\/\/elmetropolitano.com.gt\/es\/wp-content\/uploads\/2021\/11\/cintillo-arrin-cual-1.jpg 750w, https:\/\/elmetropolitano.com.gt\/es\/wp-content\/uploads\/2021\/11\/cintillo-arrin-cual-1-300x36.jpg 300w, https:\/\/elmetropolitano.com.gt\/es\/wp-content\/uploads\/2021\/11\/cintillo-arrin-cual-1-600x72.jpg 600w\" sizes=\"(max-width: 750px) 100vw, 750px\" width=\"750\" height=\"90\"   \/><\/a><\/div><\/div>\n\n\n\n<p>El evento cont\u00f3 con la participaci\u00f3n de autoridades de las diversas instituciones que conforman el Ejecutivo. Asimismo, del director y actor, Eduardo Ver\u00e1stegui, quien fue reconocido con la Medalla de la Paz por parte del Ministerio de Cultura y Deportes (MCD).<\/p>\n\n\n\n<p>El Presidente de la Rep\u00fablica Alejandro Giammattei resalt\u00f3 el compromiso de su Gobierno para la protecci\u00f3n de la vida.<\/p>\n\n\n\n<p>\u201cHoy Guatemala se viste de gala. Esta es la primera pel\u00edcula que un Gobierno del pa\u00eds hace una premier. Y la hace por lo que significa. Por la lucha que tenemos que hacer. En esta tarde especial, nos re\u00fane un acontecimiento emblem\u00e1tico en los esfuerzos de la vida, desde su concepci\u00f3n, a la que mi Gobierno ha estado consagrado de principio a fin\u201d indic\u00f3 Giammattei<\/p>\n\n\n\n<p>Sonido de la libertad<\/p>\n\n\n\n<p>Es una pel\u00edcula que se basa en una historia de la vida real y que explica c\u00f3mo funciona el mundo del tr\u00e1fico de menores.<\/p>\n\n\n\n<p>Luego de rescatar a un peque\u00f1o de manos de traficantes, uno de los agentes federales se percata de que la hermana del ni\u00f1o a\u00fan se encuentra cautiva.<\/p>\n\n\n\n<p>Al descubrirlo, el hombre decide rescatarla e inicia una peligrosa misi\u00f3n para conseguirlo.<\/p>\n\n\n\n<p>Luego de varios sucesos, el hombre busca regresarla a su hogar.<\/p>\n\n\n\n<p>Este ya dur\u00f3 como el filme m\u00e1s exitoso de los Estados Unidos y de se ha convertido en un movimiento contra la trata de ni\u00f1os. Adem\u00e1s se ha colocado en el n\u00famero uno en taquilla entre otras pel\u00edculas de su categor\u00eda.<\/p>\n\n\n\n<p>Fue lanzada en los Estados Unidos el pasado 4 de julio, y en Guatemala ser\u00e1 estrenada el 31 de agosto<\/p>\n\n\n\n<p><a href=\"https:\/\/www.facebook.com\/hashtag\/metroredes?__eep__=6&amp;__cft__[0]=AZUsD9GlMmkfjGxT6k5ennbTlUp1jn0NpbK5gmNZ44Qr1wnASKbTwRHBvlqmQmizroaMFLk-OUR-vpTSnblnwLkw1VAhoDjbnp8FLh7LqFn-z9VooeC5hAJp-bIEewV4NBDI5wjy8LJmvwvoygcaFSOhMmE8mNZBlLy7TeuoIzxRJgs6Kaau9OCR7NwvR3y_KIM&amp;__tn__=*NK-R\">#metroredes<\/a><a href=\"https:\/\/www.facebook.com\/hashtag\/sonidodelibertad?__eep__=6&amp;__cft__[0]=AZUsD9GlMmkfjGxT6k5ennbTlUp1jn0NpbK5gmNZ44Qr1wnASKbTwRHBvlqmQmizroaMFLk-OUR-vpTSnblnwLkw1VAhoDjbnp8FLh7LqFn-z9VooeC5hAJp-bIEewV4NBDI5wjy8LJmvwvoygcaFSOhMmE8mNZBlLy7TeuoIzxRJgs6Kaau9OCR7NwvR3y_KIM&amp;__tn__=*NK-R\">#SonidodeLibertad<\/a><\/p>\n\n\n\n<figure class=\"wp-block-gallery has-nested-images columns-default is-cropped wp-block-gallery-1 is-layout-flex wp-block-gallery-is-layout-flex\">\n<figure class=\"wp-block-image size-large\"><img loading=\"lazy\" decoding=\"async\" width=\"1024\" height=\"683\" data-id=\"71071\" src=\"https:\/\/elmetropolitano.com.gt\/es\/wp-content\/uploads\/2023\/08\/365237563_761445359314883_8243940354411062059_n-1024x683.jpg\" alt=\"\" class=\"wp-image-71071\" srcset=\"https:\/\/elmetropolitano.com.gt\/es\/wp-content\/uploads\/2023\/08\/365237563_761445359314883_8243940354411062059_n-1024x683.jpg 1024w, https:\/\/elmetropolitano.com.gt\/es\/wp-content\/uploads\/2023\/08\/365237563_761445359314883_8243940354411062059_n-300x200.jpg 300w, https:\/\/elmetropolitano.com.gt\/es\/wp-content\/uploads\/2023\/08\/365237563_761445359314883_8243940354411062059_n-768x512.jpg 768w, https:\/\/elmetropolitano.com.gt\/es\/wp-content\/uploads\/2023\/08\/365237563_761445359314883_8243940354411062059_n-1536x1024.jpg 1536w, https:\/\/elmetropolitano.com.gt\/es\/wp-content\/uploads\/2023\/08\/365237563_761445359314883_8243940354411062059_n-600x400.jpg 600w, https:\/\/elmetropolitano.com.gt\/es\/wp-content\/uploads\/2023\/08\/365237563_761445359314883_8243940354411062059_n.jpg 2048w\" sizes=\"auto, (max-width: 1024px) 100vw, 1024px\" \/><\/figure>\n\n\n\n<figure class=\"wp-block-image size-large\"><img loading=\"lazy\" decoding=\"async\" width=\"960\" height=\"640\" data-id=\"71068\" src=\"https:\/\/elmetropolitano.com.gt\/es\/wp-content\/uploads\/2023\/08\/365297384_761444952648257_5511477796058503626_n.jpg\" alt=\"\" class=\"wp-image-71068\" srcset=\"https:\/\/elmetropolitano.com.gt\/es\/wp-content\/uploads\/2023\/08\/365297384_761444952648257_5511477796058503626_n.jpg 960w, https:\/\/elmetropolitano.com.gt\/es\/wp-content\/uploads\/2023\/08\/365297384_761444952648257_5511477796058503626_n-300x200.jpg 300w, https:\/\/elmetropolitano.com.gt\/es\/wp-content\/uploads\/2023\/08\/365297384_761444952648257_5511477796058503626_n-768x512.jpg 768w, https:\/\/elmetropolitano.com.gt\/es\/wp-content\/uploads\/2023\/08\/365297384_761444952648257_5511477796058503626_n-600x400.jpg 600w\" sizes=\"auto, (max-width: 960px) 100vw, 960px\" \/><\/figure>\n\n\n\n<figure class=\"wp-block-image size-large\"><img loading=\"lazy\" decoding=\"async\" width=\"1024\" height=\"768\" data-id=\"71070\" src=\"https:\/\/elmetropolitano.com.gt\/es\/wp-content\/uploads\/2023\/08\/365665350_761445335981552_55651874610754625_n-1024x768.jpg\" alt=\"\" class=\"wp-image-71070\" srcset=\"https:\/\/elmetropolitano.com.gt\/es\/wp-content\/uploads\/2023\/08\/365665350_761445335981552_55651874610754625_n-1024x768.jpg 1024w, https:\/\/elmetropolitano.com.gt\/es\/wp-content\/uploads\/2023\/08\/365665350_761445335981552_55651874610754625_n-300x225.jpg 300w, https:\/\/elmetropolitano.com.gt\/es\/wp-content\/uploads\/2023\/08\/365665350_761445335981552_55651874610754625_n-768x576.jpg 768w, https:\/\/elmetropolitano.com.gt\/es\/wp-content\/uploads\/2023\/08\/365665350_761445335981552_55651874610754625_n-1536x1152.jpg 1536w, https:\/\/elmetropolitano.com.gt\/es\/wp-content\/uploads\/2023\/08\/365665350_761445335981552_55651874610754625_n-600x450.jpg 600w, https:\/\/elmetropolitano.com.gt\/es\/wp-content\/uploads\/2023\/08\/365665350_761445335981552_55651874610754625_n.jpg 2048w\" sizes=\"auto, (max-width: 1024px) 100vw, 1024px\" \/><\/figure>\n\n\n\n<figure class=\"wp-block-image size-large\"><img loading=\"lazy\" decoding=\"async\" width=\"960\" height=\"480\" data-id=\"71069\" src=\"https:\/\/elmetropolitano.com.gt\/es\/wp-content\/uploads\/2023\/08\/366544709_761444962648256_6173341569572633993_n.jpg\" alt=\"\" class=\"wp-image-71069\" srcset=\"https:\/\/elmetropolitano.com.gt\/es\/wp-content\/uploads\/2023\/08\/366544709_761444962648256_6173341569572633993_n.jpg 960w, https:\/\/elmetropolitano.com.gt\/es\/wp-content\/uploads\/2023\/08\/366544709_761444962648256_6173341569572633993_n-300x150.jpg 300w, https:\/\/elmetropolitano.com.gt\/es\/wp-content\/uploads\/2023\/08\/366544709_761444962648256_6173341569572633993_n-768x384.jpg 768w, https:\/\/elmetropolitano.com.gt\/es\/wp-content\/uploads\/2023\/08\/366544709_761444962648256_6173341569572633993_n-600x300.jpg 600w\" sizes=\"auto, (max-width: 960px) 100vw, 960px\" \/><\/figure>\n<\/figure>\n","protected":false},"excerpt":{"rendered":"<p>Este d\u00eda se llev\u00f3 a cabo la premier de la pel\u00edcula Sonido de Libertad. Se trata de una producci\u00f3n cinematogr\u00e1fica enfocada en la protecci\u00f3n de la vida y la erradicaci\u00f3n de la trata de personas. La presentaci\u00f3n se llev\u00f3 a cabo en la Gran Sala Efra\u00edn Recinos del Teatro Nacional Miguel \u00c1ngel Asturias. El evento <a class=\"read-more\" href=\"https:\/\/elmetropolitano.com.gt\/es\/sonido-de-la-libertad-la-pelicula-que-promueve-la-erradicacion-de-la-trata-de-personas\/\">Leer m\u00e1s<\/a><\/p>\n","protected":false},"author":1,"featured_media":71067,"comment_status":"open","ping_status":"closed","sticky":false,"template":"","format":"standard","meta":{"footnotes":""},"categories":[22],"tags":[18],"class_list":["post-71066","post","type-post","status-publish","format-standard","has-post-thumbnail","hentry","category-espectaculos","tag-espectaculos"],"_links":{"self":[{"href":"https:\/\/elmetropolitano.com.gt\/es\/wp-json\/wp\/v2\/posts\/71066","targetHints":{"allow":["GET"]}}],"collection":[{"href":"https:\/\/elmetropolitano.com.gt\/es\/wp-json\/wp\/v2\/posts"}],"about":[{"href":"https:\/\/elmetropolitano.com.gt\/es\/wp-json\/wp\/v2\/types\/post"}],"author":[{"embeddable":true,"href":"https:\/\/elmetropolitano.com.gt\/es\/wp-json\/wp\/v2\/users\/1"}],"replies":[{"embeddable":true,"href":"https:\/\/elmetropolitano.com.gt\/es\/wp-json\/wp\/v2\/comments?post=71066"}],"version-history":[{"count":1,"href":"https:\/\/elmetropolitano.com.gt\/es\/wp-json\/wp\/v2\/posts\/71066\/revisions"}],"predecessor-version":[{"id":71072,"href":"https:\/\/elmetropolitano.com.gt\/es\/wp-json\/wp\/v2\/posts\/71066\/revisions\/71072"}],"wp:featuredmedia":[{"embeddable":true,"href":"https:\/\/elmetropolitano.com.gt\/es\/wp-json\/wp\/v2\/media\/71067"}],"wp:attachment":[{"href":"https:\/\/elmetropolitano.com.gt\/es\/wp-json\/wp\/v2\/media?parent=71066"}],"wp:term":[{"taxonomy":"category","embeddable":true,"href":"https:\/\/elmetropolitano.com.gt\/es\/wp-json\/wp\/v2\/categories?post=71066"},{"taxonomy":"post_tag","embeddable":true,"href":"https:\/\/elmetropolitano.com.gt\/es\/wp-json\/wp\/v2\/tags?post=71066"}],"curies":[{"name":"wp","href":"https:\/\/api.w.org\/{rel}","templated":true}]}}