{"id":71212,"date":"2023-08-18T10:41:10","date_gmt":"2023-08-18T16:41:10","guid":{"rendered":"https:\/\/elmetropolitano.com.gt\/es\/?p=71212"},"modified":"2023-08-18T10:41:10","modified_gmt":"2023-08-18T16:41:10","slug":"proxima-legislatura-tendra-solo-una-diputada-indigena","status":"publish","type":"post","link":"https:\/\/elmetropolitano.com.gt\/es\/proxima-legislatura-tendra-solo-una-diputada-indigena\/","title":{"rendered":"Pr\u00f3xima legislatura tendr\u00e1 s\u00f3lo una diputada ind\u00edgena"},"content":{"rendered":"\n<p>La pr\u00f3xima legislatura, tendr\u00e1 s\u00f3lo una diputada ind\u00edgena y es la reelecta Sonia Guti\u00e9rrez Raguay, se conoci\u00f3 hoy durante una reuni\u00f3n sobre los desaf\u00edos en la participaci\u00f3n pol\u00edtica de los pueblos ind\u00edgenas.<\/p>\n\n\n\n<p>En esta actividad, <a><\/a>tuvo participaci\u00f3n la antrop\u00f3loga Claudia Dary, el Polit\u00f3logo, \u00c1lvaro Pop, y la abogada Ana L\u00f3pez, as\u00ed como la diputada reci\u00e9n reelecta. Pop hizo una presentaci\u00f3n en powerpoint, donde destac\u00f3 del olvido de los pueblos ind\u00edgenas que se comete desde la \u00e9poca de la conquista, por parte de los gobernantes en turno.<\/p><div class=\"elmet-contenido\" id=\"elmet-3779162749\"><div class=\"elmet-adlabel\">Anuncios<\/div><div style=\"margin-top: 20px;margin-right: 20px;margin-bottom: 20px;margin-left: 20px;\" id=\"elmet-1698543888\"><a href=\"https:\/\/www.facebook.com\/arrincuanantigua\/\" aria-label=\"cintillo-arrin-cual\"><img loading=\"lazy\" decoding=\"async\" src=\"https:\/\/elmetropolitano.com.gt\/es\/wp-content\/uploads\/2021\/11\/cintillo-arrin-cual-1.jpg\" alt=\"\"  srcset=\"https:\/\/elmetropolitano.com.gt\/es\/wp-content\/uploads\/2021\/11\/cintillo-arrin-cual-1.jpg 750w, https:\/\/elmetropolitano.com.gt\/es\/wp-content\/uploads\/2021\/11\/cintillo-arrin-cual-1-300x36.jpg 300w, https:\/\/elmetropolitano.com.gt\/es\/wp-content\/uploads\/2021\/11\/cintillo-arrin-cual-1-600x72.jpg 600w\" sizes=\"(max-width: 750px) 100vw, 750px\" width=\"750\" height=\"90\"   \/><\/a><\/div><\/div>\n\n\n\n<p>Durante la reuni\u00f3n se dijo que seg\u00fan las identificaciones de 160 diputados electos para la X Legislatura, 32 son mujeres y de ellas una es ind\u00edgena que es Sonia Guti\u00e9rrez Raguay de lengua poqomam.<\/p>\n\n\n\n<p>Se hizo el llamado de la abogada participante, Ana L\u00f3pez, de unificar estrategias de trabajo entre las bancadas progresistas y organizaciones sociales para seguir insistiendo en la agenda de pueblos ind\u00edgenas en la pr\u00f3xima X Legislaci\u00f3n.<\/p>\n\n\n\n<p>Texto: Francisco Javier Hurtarte<\/p>\n\n\n\n<p><a href=\"https:\/\/www.facebook.com\/hashtag\/metroredes?__eep__=6&amp;__cft__[0]=AZW880aitbr_APhcRhd6vVH2ikIh7fcQAk-dwc0OeMEQOSTNJ90sqJEVjrngRitb2QTyZpme5DSN1SL9AovaGC575OdL0TNYLHckY_UpBWokutdGuTa_QQDn5Vtli9C9aS6BzY1BJy2luMckESkT0G38KOUHzXBw0XnivUNZLa_yrG6Z6hhbpIeRK3bN84Cy-eM&amp;__tn__=*NK-R\">#metroredes<\/a><a href=\"https:\/\/www.facebook.com\/hashtag\/eleccionesgt2023?__eep__=6&amp;__cft__[0]=AZW880aitbr_APhcRhd6vVH2ikIh7fcQAk-dwc0OeMEQOSTNJ90sqJEVjrngRitb2QTyZpme5DSN1SL9AovaGC575OdL0TNYLHckY_UpBWokutdGuTa_QQDn5Vtli9C9aS6BzY1BJy2luMckESkT0G38KOUHzXBw0XnivUNZLa_yrG6Z6hhbpIeRK3bN84Cy-eM&amp;__tn__=*NK-R\">#EleccionesGT2023<\/a><\/p>\n\n\n\n<figure class=\"wp-block-gallery has-nested-images columns-default is-cropped wp-block-gallery-1 is-layout-flex wp-block-gallery-is-layout-flex\">\n<figure class=\"wp-block-image size-large\"><img loading=\"lazy\" decoding=\"async\" width=\"1024\" height=\"682\" data-id=\"71214\" src=\"https:\/\/elmetropolitano.com.gt\/es\/wp-content\/uploads\/2023\/08\/366347158_763759155750170_3756031558121096442_n-1024x682.jpg\" alt=\"\" class=\"wp-image-71214\" srcset=\"https:\/\/elmetropolitano.com.gt\/es\/wp-content\/uploads\/2023\/08\/366347158_763759155750170_3756031558121096442_n-1024x682.jpg 1024w, https:\/\/elmetropolitano.com.gt\/es\/wp-content\/uploads\/2023\/08\/366347158_763759155750170_3756031558121096442_n-300x200.jpg 300w, https:\/\/elmetropolitano.com.gt\/es\/wp-content\/uploads\/2023\/08\/366347158_763759155750170_3756031558121096442_n-768x512.jpg 768w, https:\/\/elmetropolitano.com.gt\/es\/wp-content\/uploads\/2023\/08\/366347158_763759155750170_3756031558121096442_n-600x400.jpg 600w, https:\/\/elmetropolitano.com.gt\/es\/wp-content\/uploads\/2023\/08\/366347158_763759155750170_3756031558121096442_n.jpg 1280w\" sizes=\"auto, (max-width: 1024px) 100vw, 1024px\" \/><\/figure>\n\n\n\n<figure class=\"wp-block-image size-large\"><img loading=\"lazy\" decoding=\"async\" width=\"1024\" height=\"682\" data-id=\"71215\" src=\"https:\/\/elmetropolitano.com.gt\/es\/wp-content\/uploads\/2023\/08\/367492288_763759145750171_8545076911646987079_n-1024x682.jpg\" alt=\"\" class=\"wp-image-71215\" srcset=\"https:\/\/elmetropolitano.com.gt\/es\/wp-content\/uploads\/2023\/08\/367492288_763759145750171_8545076911646987079_n-1024x682.jpg 1024w, https:\/\/elmetropolitano.com.gt\/es\/wp-content\/uploads\/2023\/08\/367492288_763759145750171_8545076911646987079_n-300x200.jpg 300w, https:\/\/elmetropolitano.com.gt\/es\/wp-content\/uploads\/2023\/08\/367492288_763759145750171_8545076911646987079_n-768x512.jpg 768w, https:\/\/elmetropolitano.com.gt\/es\/wp-content\/uploads\/2023\/08\/367492288_763759145750171_8545076911646987079_n-600x400.jpg 600w, https:\/\/elmetropolitano.com.gt\/es\/wp-content\/uploads\/2023\/08\/367492288_763759145750171_8545076911646987079_n.jpg 1280w\" sizes=\"auto, (max-width: 1024px) 100vw, 1024px\" \/><\/figure>\n\n\n\n<figure class=\"wp-block-image size-large\"><img loading=\"lazy\" decoding=\"async\" width=\"1024\" height=\"682\" data-id=\"71216\" src=\"https:\/\/elmetropolitano.com.gt\/es\/wp-content\/uploads\/2023\/08\/367493436_763758905750195_8245980004700943573_n-1024x682.jpg\" alt=\"\" class=\"wp-image-71216\" srcset=\"https:\/\/elmetropolitano.com.gt\/es\/wp-content\/uploads\/2023\/08\/367493436_763758905750195_8245980004700943573_n-1024x682.jpg 1024w, https:\/\/elmetropolitano.com.gt\/es\/wp-content\/uploads\/2023\/08\/367493436_763758905750195_8245980004700943573_n-300x200.jpg 300w, https:\/\/elmetropolitano.com.gt\/es\/wp-content\/uploads\/2023\/08\/367493436_763758905750195_8245980004700943573_n-768x512.jpg 768w, https:\/\/elmetropolitano.com.gt\/es\/wp-content\/uploads\/2023\/08\/367493436_763758905750195_8245980004700943573_n-600x400.jpg 600w, https:\/\/elmetropolitano.com.gt\/es\/wp-content\/uploads\/2023\/08\/367493436_763758905750195_8245980004700943573_n.jpg 1280w\" sizes=\"auto, (max-width: 1024px) 100vw, 1024px\" \/><\/figure>\n<\/figure>\n","protected":false},"excerpt":{"rendered":"<p>La pr\u00f3xima legislatura, tendr\u00e1 s\u00f3lo una diputada ind\u00edgena y es la reelecta Sonia Guti\u00e9rrez Raguay, se conoci\u00f3 hoy durante una reuni\u00f3n sobre los desaf\u00edos en la participaci\u00f3n pol\u00edtica de los pueblos ind\u00edgenas. En esta actividad, tuvo participaci\u00f3n la antrop\u00f3loga Claudia Dary, el Polit\u00f3logo, \u00c1lvaro Pop, y la abogada Ana L\u00f3pez, as\u00ed como la diputada reci\u00e9n <a class=\"read-more\" href=\"https:\/\/elmetropolitano.com.gt\/es\/proxima-legislatura-tendra-solo-una-diputada-indigena\/\">Leer m\u00e1s<\/a><\/p>\n","protected":false},"author":1,"featured_media":71213,"comment_status":"open","ping_status":"closed","sticky":false,"template":"","format":"standard","meta":{"footnotes":""},"categories":[2],"tags":[12],"class_list":["post-71212","post","type-post","status-publish","format-standard","has-post-thumbnail","hentry","category-nacionales","tag-nacionales"],"_links":{"self":[{"href":"https:\/\/elmetropolitano.com.gt\/es\/wp-json\/wp\/v2\/posts\/71212","targetHints":{"allow":["GET"]}}],"collection":[{"href":"https:\/\/elmetropolitano.com.gt\/es\/wp-json\/wp\/v2\/posts"}],"about":[{"href":"https:\/\/elmetropolitano.com.gt\/es\/wp-json\/wp\/v2\/types\/post"}],"author":[{"embeddable":true,"href":"https:\/\/elmetropolitano.com.gt\/es\/wp-json\/wp\/v2\/users\/1"}],"replies":[{"embeddable":true,"href":"https:\/\/elmetropolitano.com.gt\/es\/wp-json\/wp\/v2\/comments?post=71212"}],"version-history":[{"count":1,"href":"https:\/\/elmetropolitano.com.gt\/es\/wp-json\/wp\/v2\/posts\/71212\/revisions"}],"predecessor-version":[{"id":71217,"href":"https:\/\/elmetropolitano.com.gt\/es\/wp-json\/wp\/v2\/posts\/71212\/revisions\/71217"}],"wp:featuredmedia":[{"embeddable":true,"href":"https:\/\/elmetropolitano.com.gt\/es\/wp-json\/wp\/v2\/media\/71213"}],"wp:attachment":[{"href":"https:\/\/elmetropolitano.com.gt\/es\/wp-json\/wp\/v2\/media?parent=71212"}],"wp:term":[{"taxonomy":"category","embeddable":true,"href":"https:\/\/elmetropolitano.com.gt\/es\/wp-json\/wp\/v2\/categories?post=71212"},{"taxonomy":"post_tag","embeddable":true,"href":"https:\/\/elmetropolitano.com.gt\/es\/wp-json\/wp\/v2\/tags?post=71212"}],"curies":[{"name":"wp","href":"https:\/\/api.w.org\/{rel}","templated":true}]}}