{"id":71284,"date":"2023-08-18T17:16:47","date_gmt":"2023-08-18T23:16:47","guid":{"rendered":"https:\/\/elmetropolitano.com.gt\/es\/?p=71284"},"modified":"2023-08-18T17:16:47","modified_gmt":"2023-08-18T23:16:47","slug":"encargado-de-la-direccion-de-informatica-del-tse-es-citado-por-la-feci","status":"publish","type":"post","link":"https:\/\/elmetropolitano.com.gt\/es\/encargado-de-la-direccion-de-informatica-del-tse-es-citado-por-la-feci\/","title":{"rendered":"Encargado de la direcci\u00f3n de inform\u00e1tica del TSE es citado por la FECI"},"content":{"rendered":"\n<p>Jorge Santos, encargado de la direcci\u00f3n de inform\u00e1tica del Tribunal Supremo Electoral, TSE, fue citado por la Fiscal\u00eda Especial Contra la Impunidad, FECI, tal como lo anunciara de que cuando terminara la segunda ronda electoral se fortalecer\u00edan las investigaciones con respecto al caso Semilla.<\/p>\n\n\n\n<p>Santos, seg\u00fan la citaci\u00f3n, deber\u00e1 presentarse el pr\u00f3ximo mi\u00e9rcoles 23 de agosto en la sede de la FECI, acompa\u00f1ado de su abogado, seg\u00fan lo anunciara Rafael Curruchiche, la diligencia ser\u00e1 una declaraci\u00f3n testimonial, en calidad de testigo.<\/p><div class=\"elmet-contenido\" id=\"elmet-1040126365\"><div class=\"elmet-adlabel\">Anuncios<\/div><div style=\"margin-top: 20px;margin-right: 20px;margin-bottom: 20px;margin-left: 20px;\" id=\"elmet-1710903668\"><a href=\"https:\/\/www.facebook.com\/arrincuanantigua\/\" aria-label=\"cintillo-arrin-cual\"><img loading=\"lazy\" decoding=\"async\" src=\"https:\/\/elmetropolitano.com.gt\/es\/wp-content\/uploads\/2021\/11\/cintillo-arrin-cual-1.jpg\" alt=\"\"  srcset=\"https:\/\/elmetropolitano.com.gt\/es\/wp-content\/uploads\/2021\/11\/cintillo-arrin-cual-1.jpg 750w, https:\/\/elmetropolitano.com.gt\/es\/wp-content\/uploads\/2021\/11\/cintillo-arrin-cual-1-300x36.jpg 300w, https:\/\/elmetropolitano.com.gt\/es\/wp-content\/uploads\/2021\/11\/cintillo-arrin-cual-1-600x72.jpg 600w\" sizes=\"(max-width: 750px) 100vw, 750px\" width=\"750\" height=\"90\"   \/><\/a><\/div><\/div>\n\n\n\n<p>El titular de la citada fiscal\u00eda, Rafael Curruchiche, anunci\u00f3 el jueves 17 de agosto que pasada la elecci\u00f3n del binomio presidencial se podr\u00edan realizar allanamientos, capturas y hasta solicitudes de antejuicio, en el marco de las investigaciones que est\u00e1n en curso por el proceso electoral.<\/p>\n\n\n\n<p>Tambi\u00e9n record\u00f3 que uno de los casos est\u00e1 relacionado con el sistema inform\u00e1tico y supuestas irregularidades en el manejo de datos en el TSE durante la primera vuelta electoral.<\/p>\n\n\n\n<p>El jefe de la FECI ha se\u00f1alado que ya hay informaci\u00f3n al respecto y que se ampliar\u00e1 despu\u00e9s del 20 de agosto y que dentro de las pesquisas se encuentra la supuesta intervenci\u00f3n de extranjeros en el manejo del mecanismo utilizado en los comicios.<\/p>\n\n\n\n<p>Agreg\u00f3 que una de las personas a quien se indagar\u00eda es el colombiano Gustavo Villamil, de la empresa Datasys Group, S. A., creadora del sistema que usa el TSE para la transmisi\u00f3n de resultados. La FECI tambi\u00e9n lo cit\u00f3 a declarar.<\/p>\n\n\n\n<p>Personal de la Fiscal\u00eda contra Delitos Electorales estuvo a cargo de esas labores. Seg\u00fan se inform\u00f3 en ese entonces, la investigaci\u00f3n est\u00e1 relacionada con \u00abla forma de documentar y de sumar o computar los resultados\u00bb de la primera ronda de votaciones que se celebr\u00f3 el 25 de junio.<\/p>\n\n\n\n<p>Con las diligencias, el MP buscaba obtener copia certificada en formato digital de los resultados electorales de las distintas elecciones, tanto de presidente y vicepresidente, as\u00ed como de las corporaciones municipales y de los diputados del Congreso y del Parlamento Centroamericano (Parlacen).<\/p>\n\n\n\n<p>#metroredes<\/p>\n\n\n\n<p><\/p>\n","protected":false},"excerpt":{"rendered":"<p>Jorge Santos, encargado de la direcci\u00f3n de inform\u00e1tica del Tribunal Supremo Electoral, TSE, fue citado por la Fiscal\u00eda Especial Contra la Impunidad, FECI, tal como lo anunciara de que cuando terminara la segunda ronda electoral se fortalecer\u00edan las investigaciones con respecto al caso Semilla. Santos, seg\u00fan la citaci\u00f3n, deber\u00e1 presentarse el pr\u00f3ximo mi\u00e9rcoles 23 de <a class=\"read-more\" href=\"https:\/\/elmetropolitano.com.gt\/es\/encargado-de-la-direccion-de-informatica-del-tse-es-citado-por-la-feci\/\">Leer m\u00e1s<\/a><\/p>\n","protected":false},"author":1,"featured_media":71285,"comment_status":"open","ping_status":"closed","sticky":false,"template":"","format":"standard","meta":{"footnotes":""},"categories":[2],"tags":[12],"class_list":["post-71284","post","type-post","status-publish","format-standard","has-post-thumbnail","hentry","category-nacionales","tag-nacionales"],"_links":{"self":[{"href":"https:\/\/elmetropolitano.com.gt\/es\/wp-json\/wp\/v2\/posts\/71284","targetHints":{"allow":["GET"]}}],"collection":[{"href":"https:\/\/elmetropolitano.com.gt\/es\/wp-json\/wp\/v2\/posts"}],"about":[{"href":"https:\/\/elmetropolitano.com.gt\/es\/wp-json\/wp\/v2\/types\/post"}],"author":[{"embeddable":true,"href":"https:\/\/elmetropolitano.com.gt\/es\/wp-json\/wp\/v2\/users\/1"}],"replies":[{"embeddable":true,"href":"https:\/\/elmetropolitano.com.gt\/es\/wp-json\/wp\/v2\/comments?post=71284"}],"version-history":[{"count":1,"href":"https:\/\/elmetropolitano.com.gt\/es\/wp-json\/wp\/v2\/posts\/71284\/revisions"}],"predecessor-version":[{"id":71286,"href":"https:\/\/elmetropolitano.com.gt\/es\/wp-json\/wp\/v2\/posts\/71284\/revisions\/71286"}],"wp:featuredmedia":[{"embeddable":true,"href":"https:\/\/elmetropolitano.com.gt\/es\/wp-json\/wp\/v2\/media\/71285"}],"wp:attachment":[{"href":"https:\/\/elmetropolitano.com.gt\/es\/wp-json\/wp\/v2\/media?parent=71284"}],"wp:term":[{"taxonomy":"category","embeddable":true,"href":"https:\/\/elmetropolitano.com.gt\/es\/wp-json\/wp\/v2\/categories?post=71284"},{"taxonomy":"post_tag","embeddable":true,"href":"https:\/\/elmetropolitano.com.gt\/es\/wp-json\/wp\/v2\/tags?post=71284"}],"curies":[{"name":"wp","href":"https:\/\/api.w.org\/{rel}","templated":true}]}}