{"id":71290,"date":"2023-08-18T18:36:45","date_gmt":"2023-08-19T00:36:45","guid":{"rendered":"https:\/\/elmetropolitano.com.gt\/es\/?p=71290"},"modified":"2023-08-18T18:36:45","modified_gmt":"2023-08-19T00:36:45","slug":"csj-otorga-amparo-definitivo-al-partido-movimiento-semilla","status":"publish","type":"post","link":"https:\/\/elmetropolitano.com.gt\/es\/csj-otorga-amparo-definitivo-al-partido-movimiento-semilla\/","title":{"rendered":"CSJ otorga amparo definitivo al partido Movimiento Semilla"},"content":{"rendered":"\n<p>En pleno extraordinario, los magistrados de la Corte Suprema de Justicia otorgaron hoy el amparo definitivo al partido Movimiento Semilla, con efecto inmediato, garantizando la personer\u00eda jur\u00eddica de la agrupaci\u00f3n que impulsa la candidatura del binomio presidencial de Bernardo Ar\u00e9valo y Karin Herrera.<\/p>\n\n\n\n<p>Ar\u00e9valo y su vice presidenciable Karin Herrera pueden sin ning\u00fan problema estar en la segunda vuelta que se llevar\u00e1 a cabo este domingo cuando los guatemaltecos asistan a las urnas electorales para elegir al nuevo presidente de nuestro pa\u00eds.<\/p><div class=\"elmet-contenido\" id=\"elmet-1788329673\"><div class=\"elmet-adlabel\">Anuncios<\/div><div style=\"margin-top: 20px;margin-right: 20px;margin-bottom: 20px;margin-left: 20px;\" id=\"elmet-292501295\"><a href=\"https:\/\/www.facebook.com\/arrincuanantigua\/\" aria-label=\"cintillo-arrin-cual\"><img loading=\"lazy\" decoding=\"async\" src=\"https:\/\/elmetropolitano.com.gt\/es\/wp-content\/uploads\/2021\/11\/cintillo-arrin-cual-1.jpg\" alt=\"\"  srcset=\"https:\/\/elmetropolitano.com.gt\/es\/wp-content\/uploads\/2021\/11\/cintillo-arrin-cual-1.jpg 750w, https:\/\/elmetropolitano.com.gt\/es\/wp-content\/uploads\/2021\/11\/cintillo-arrin-cual-1-300x36.jpg 300w, https:\/\/elmetropolitano.com.gt\/es\/wp-content\/uploads\/2021\/11\/cintillo-arrin-cual-1-600x72.jpg 600w\" sizes=\"(max-width: 750px) 100vw, 750px\" width=\"750\" height=\"90\"   \/><\/a><\/div><\/div>\n\n\n\n<p>Horas antes la Misi\u00f3n de Observaci\u00f3n Electoral de la OEA expres\u00f3 su preocupaci\u00f3n ante el anuncio por parte de la FECI de una serie de acciones que \u00abpersisten en judicializar el proceso electoral en Guatemala\u00bb.<\/p>\n\n\n\n<p>El pleno de magistrados de la CSJ le da el espaldarazo al partido Movimiento Semilla y a su binomio presidencial, en definitiva, para que puedan participar sin ning\u00fan impedimento en las elecciones de este domingo.<\/p>\n\n\n\n<p>#metroredes\u00a0 <a href=\"http:\/\/www.elmetropolitano.com.gt\">www.elmetropolitano.com.gt<\/a>\u00a0 #elecciones2023<\/p>\n\n\n\n<figure class=\"wp-block-gallery has-nested-images columns-default is-cropped wp-block-gallery-1 is-layout-flex wp-block-gallery-is-layout-flex\">\n<figure class=\"wp-block-image size-large\"><img loading=\"lazy\" decoding=\"async\" width=\"1024\" height=\"683\" data-id=\"71292\" src=\"https:\/\/elmetropolitano.com.gt\/es\/wp-content\/uploads\/2023\/08\/7f558cd4-e5de-415e-9553-69b3c1cff52b-1024x683.jpg\" alt=\"\" class=\"wp-image-71292\" srcset=\"https:\/\/elmetropolitano.com.gt\/es\/wp-content\/uploads\/2023\/08\/7f558cd4-e5de-415e-9553-69b3c1cff52b-1024x683.jpg 1024w, https:\/\/elmetropolitano.com.gt\/es\/wp-content\/uploads\/2023\/08\/7f558cd4-e5de-415e-9553-69b3c1cff52b-300x200.jpg 300w, https:\/\/elmetropolitano.com.gt\/es\/wp-content\/uploads\/2023\/08\/7f558cd4-e5de-415e-9553-69b3c1cff52b-768x512.jpg 768w, https:\/\/elmetropolitano.com.gt\/es\/wp-content\/uploads\/2023\/08\/7f558cd4-e5de-415e-9553-69b3c1cff52b-600x400.jpg 600w, https:\/\/elmetropolitano.com.gt\/es\/wp-content\/uploads\/2023\/08\/7f558cd4-e5de-415e-9553-69b3c1cff52b.jpg 1280w\" sizes=\"auto, (max-width: 1024px) 100vw, 1024px\" \/><\/figure>\n\n\n\n<figure class=\"wp-block-image size-large\"><img loading=\"lazy\" decoding=\"async\" width=\"1025\" height=\"570\" data-id=\"71293\" src=\"https:\/\/elmetropolitano.com.gt\/es\/wp-content\/uploads\/2023\/08\/OJ01-1.jpg\" alt=\"\" class=\"wp-image-71293\" srcset=\"https:\/\/elmetropolitano.com.gt\/es\/wp-content\/uploads\/2023\/08\/OJ01-1.jpg 1025w, https:\/\/elmetropolitano.com.gt\/es\/wp-content\/uploads\/2023\/08\/OJ01-1-300x167.jpg 300w, https:\/\/elmetropolitano.com.gt\/es\/wp-content\/uploads\/2023\/08\/OJ01-1-768x427.jpg 768w, https:\/\/elmetropolitano.com.gt\/es\/wp-content\/uploads\/2023\/08\/OJ01-1-600x334.jpg 600w\" sizes=\"auto, (max-width: 1025px) 100vw, 1025px\" \/><\/figure>\n<\/figure>\n","protected":false},"excerpt":{"rendered":"<p>En pleno extraordinario, los magistrados de la Corte Suprema de Justicia otorgaron hoy el amparo definitivo al partido Movimiento Semilla, con efecto inmediato, garantizando la personer\u00eda jur\u00eddica de la agrupaci\u00f3n que impulsa la candidatura del binomio presidencial de Bernardo Ar\u00e9valo y Karin Herrera. Ar\u00e9valo y su vice presidenciable Karin Herrera pueden sin ning\u00fan problema estar <a class=\"read-more\" href=\"https:\/\/elmetropolitano.com.gt\/es\/csj-otorga-amparo-definitivo-al-partido-movimiento-semilla\/\">Leer m\u00e1s<\/a><\/p>\n","protected":false},"author":1,"featured_media":71291,"comment_status":"open","ping_status":"closed","sticky":false,"template":"","format":"standard","meta":{"footnotes":""},"categories":[2],"tags":[12],"class_list":["post-71290","post","type-post","status-publish","format-standard","has-post-thumbnail","hentry","category-nacionales","tag-nacionales"],"_links":{"self":[{"href":"https:\/\/elmetropolitano.com.gt\/es\/wp-json\/wp\/v2\/posts\/71290","targetHints":{"allow":["GET"]}}],"collection":[{"href":"https:\/\/elmetropolitano.com.gt\/es\/wp-json\/wp\/v2\/posts"}],"about":[{"href":"https:\/\/elmetropolitano.com.gt\/es\/wp-json\/wp\/v2\/types\/post"}],"author":[{"embeddable":true,"href":"https:\/\/elmetropolitano.com.gt\/es\/wp-json\/wp\/v2\/users\/1"}],"replies":[{"embeddable":true,"href":"https:\/\/elmetropolitano.com.gt\/es\/wp-json\/wp\/v2\/comments?post=71290"}],"version-history":[{"count":1,"href":"https:\/\/elmetropolitano.com.gt\/es\/wp-json\/wp\/v2\/posts\/71290\/revisions"}],"predecessor-version":[{"id":71294,"href":"https:\/\/elmetropolitano.com.gt\/es\/wp-json\/wp\/v2\/posts\/71290\/revisions\/71294"}],"wp:featuredmedia":[{"embeddable":true,"href":"https:\/\/elmetropolitano.com.gt\/es\/wp-json\/wp\/v2\/media\/71291"}],"wp:attachment":[{"href":"https:\/\/elmetropolitano.com.gt\/es\/wp-json\/wp\/v2\/media?parent=71290"}],"wp:term":[{"taxonomy":"category","embeddable":true,"href":"https:\/\/elmetropolitano.com.gt\/es\/wp-json\/wp\/v2\/categories?post=71290"},{"taxonomy":"post_tag","embeddable":true,"href":"https:\/\/elmetropolitano.com.gt\/es\/wp-json\/wp\/v2\/tags?post=71290"}],"curies":[{"name":"wp","href":"https:\/\/api.w.org\/{rel}","templated":true}]}}