{"id":71295,"date":"2023-08-19T09:39:23","date_gmt":"2023-08-19T15:39:23","guid":{"rendered":"https:\/\/elmetropolitano.com.gt\/es\/?p=71295"},"modified":"2023-08-19T09:39:24","modified_gmt":"2023-08-19T15:39:24","slug":"proponen-expulsion-para-mareros-de-centros-educativos","status":"publish","type":"post","link":"https:\/\/elmetropolitano.com.gt\/es\/proponen-expulsion-para-mareros-de-centros-educativos\/","title":{"rendered":"Proponen expulsi\u00f3n para mareros de centros educativos"},"content":{"rendered":"\n<p>La expulsi\u00f3n para todo aquel marero que sea identificado dentro de un centro educativo, sea p\u00fablico o privado, es una de las propuestas que se discuti\u00f3 en el Congreso de la Rep\u00fablica en los protocolos para la prevenci\u00f3n y protecci\u00f3n de la ni\u00f1ez en colegios, escuelas o institutos con la finalidad de hacer la unificaci\u00f3n de criterios para su inmediata implementaci\u00f3n.<\/p>\n\n\n\n<p>Esta <a><\/a>ser\u00eda una de las sanciones m\u00e1s severas para un estudiante dentro de una instituci\u00f3n educativa, adem\u00e1s de que si el alumno tiene un comportamiento violento, lo mejor es aplicarle la educaci\u00f3n a distancia.<\/p><div class=\"elmet-contenido\" id=\"elmet-3670583869\"><div class=\"elmet-adlabel\">Anuncios<\/div><div style=\"margin-top: 20px;margin-right: 20px;margin-bottom: 20px;margin-left: 20px;\" id=\"elmet-1261216154\"><a href=\"https:\/\/www.facebook.com\/arrincuanantigua\/\" aria-label=\"cintillo-arrin-cual\"><img loading=\"lazy\" decoding=\"async\" src=\"https:\/\/elmetropolitano.com.gt\/es\/wp-content\/uploads\/2021\/11\/cintillo-arrin-cual-1.jpg\" alt=\"\"  srcset=\"https:\/\/elmetropolitano.com.gt\/es\/wp-content\/uploads\/2021\/11\/cintillo-arrin-cual-1.jpg 750w, https:\/\/elmetropolitano.com.gt\/es\/wp-content\/uploads\/2021\/11\/cintillo-arrin-cual-1-300x36.jpg 300w, https:\/\/elmetropolitano.com.gt\/es\/wp-content\/uploads\/2021\/11\/cintillo-arrin-cual-1-600x72.jpg 600w\" sizes=\"(max-width: 750px) 100vw, 750px\" width=\"750\" height=\"90\"   \/><\/a><\/div><\/div>\n\n\n\n<p>Antonio Balam, presidente de la Asociaci\u00f3n Desaf\u00edo indic\u00f3 que hay que dar acompa\u00f1amientos psicol\u00f3gicos con los adolescentes cuando se da la violencia en alg\u00fan centro de educaci\u00f3n sea privado o p\u00fablico.<\/p>\n\n\n\n<p>La diputada Lucrecia Marroqu\u00edn de Palomo asegur\u00f3 que hay miedo a las maras y por eso no se denuncia en las escuelas y menos a las autoridades educativas y Polic\u00eda Nacional Civil PNC.<\/p>\n\n\n\n<p>Balam quien fue director de un colegio evang\u00e9lico hizo ver que ha tenido que dialogar con j\u00f3venes violentos para calmar la situaci\u00f3n, pero que es necesario evaluar hasta d\u00f3nde es esto posible.<\/p>\n\n\n\n<p>Texto: Francisco Javier Hurtarte<\/p>\n\n\n\n<figure class=\"wp-block-gallery has-nested-images columns-default is-cropped wp-block-gallery-1 is-layout-flex wp-block-gallery-is-layout-flex\">\n<figure class=\"wp-block-image size-large\"><img loading=\"lazy\" decoding=\"async\" width=\"1024\" height=\"683\" data-id=\"71301\" src=\"https:\/\/elmetropolitano.com.gt\/es\/wp-content\/uploads\/2023\/08\/366722670_764672748992144_7934367663485374065_n.jpg\" alt=\"\" class=\"wp-image-71301\" srcset=\"https:\/\/elmetropolitano.com.gt\/es\/wp-content\/uploads\/2023\/08\/366722670_764672748992144_7934367663485374065_n.jpg 1024w, https:\/\/elmetropolitano.com.gt\/es\/wp-content\/uploads\/2023\/08\/366722670_764672748992144_7934367663485374065_n-300x200.jpg 300w, https:\/\/elmetropolitano.com.gt\/es\/wp-content\/uploads\/2023\/08\/366722670_764672748992144_7934367663485374065_n-768x512.jpg 768w, https:\/\/elmetropolitano.com.gt\/es\/wp-content\/uploads\/2023\/08\/366722670_764672748992144_7934367663485374065_n-600x400.jpg 600w\" sizes=\"auto, (max-width: 1024px) 100vw, 1024px\" \/><\/figure>\n\n\n\n<figure class=\"wp-block-image size-large\"><img loading=\"lazy\" decoding=\"async\" width=\"1024\" height=\"683\" data-id=\"71299\" src=\"https:\/\/elmetropolitano.com.gt\/es\/wp-content\/uploads\/2023\/08\/366744763_764672582325494_8672379961020575701_n.jpg\" alt=\"\" class=\"wp-image-71299\" srcset=\"https:\/\/elmetropolitano.com.gt\/es\/wp-content\/uploads\/2023\/08\/366744763_764672582325494_8672379961020575701_n.jpg 1024w, https:\/\/elmetropolitano.com.gt\/es\/wp-content\/uploads\/2023\/08\/366744763_764672582325494_8672379961020575701_n-300x200.jpg 300w, https:\/\/elmetropolitano.com.gt\/es\/wp-content\/uploads\/2023\/08\/366744763_764672582325494_8672379961020575701_n-768x512.jpg 768w, https:\/\/elmetropolitano.com.gt\/es\/wp-content\/uploads\/2023\/08\/366744763_764672582325494_8672379961020575701_n-600x400.jpg 600w\" sizes=\"auto, (max-width: 1024px) 100vw, 1024px\" \/><\/figure>\n\n\n\n<figure class=\"wp-block-image size-large\"><img loading=\"lazy\" decoding=\"async\" width=\"1024\" height=\"683\" data-id=\"71297\" src=\"https:\/\/elmetropolitano.com.gt\/es\/wp-content\/uploads\/2023\/08\/367383714_764672725658813_3349988216782277376_n.jpg\" alt=\"\" class=\"wp-image-71297\" srcset=\"https:\/\/elmetropolitano.com.gt\/es\/wp-content\/uploads\/2023\/08\/367383714_764672725658813_3349988216782277376_n.jpg 1024w, https:\/\/elmetropolitano.com.gt\/es\/wp-content\/uploads\/2023\/08\/367383714_764672725658813_3349988216782277376_n-300x200.jpg 300w, https:\/\/elmetropolitano.com.gt\/es\/wp-content\/uploads\/2023\/08\/367383714_764672725658813_3349988216782277376_n-768x512.jpg 768w, https:\/\/elmetropolitano.com.gt\/es\/wp-content\/uploads\/2023\/08\/367383714_764672725658813_3349988216782277376_n-600x400.jpg 600w\" sizes=\"auto, (max-width: 1024px) 100vw, 1024px\" \/><\/figure>\n\n\n\n<figure class=\"wp-block-image size-large\"><img loading=\"lazy\" decoding=\"async\" width=\"1024\" height=\"683\" data-id=\"71298\" src=\"https:\/\/elmetropolitano.com.gt\/es\/wp-content\/uploads\/2023\/08\/367445831_764672465658839_5749114416891605409_n.jpg\" alt=\"\" class=\"wp-image-71298\" srcset=\"https:\/\/elmetropolitano.com.gt\/es\/wp-content\/uploads\/2023\/08\/367445831_764672465658839_5749114416891605409_n.jpg 1024w, https:\/\/elmetropolitano.com.gt\/es\/wp-content\/uploads\/2023\/08\/367445831_764672465658839_5749114416891605409_n-300x200.jpg 300w, https:\/\/elmetropolitano.com.gt\/es\/wp-content\/uploads\/2023\/08\/367445831_764672465658839_5749114416891605409_n-768x512.jpg 768w, https:\/\/elmetropolitano.com.gt\/es\/wp-content\/uploads\/2023\/08\/367445831_764672465658839_5749114416891605409_n-600x400.jpg 600w\" sizes=\"auto, (max-width: 1024px) 100vw, 1024px\" \/><\/figure>\n\n\n\n<figure class=\"wp-block-image size-large\"><img loading=\"lazy\" decoding=\"async\" width=\"1024\" height=\"683\" data-id=\"71300\" src=\"https:\/\/elmetropolitano.com.gt\/es\/wp-content\/uploads\/2023\/08\/367459197_764672758992143_8642377898820401558_n.jpg\" alt=\"\" class=\"wp-image-71300\" srcset=\"https:\/\/elmetropolitano.com.gt\/es\/wp-content\/uploads\/2023\/08\/367459197_764672758992143_8642377898820401558_n.jpg 1024w, https:\/\/elmetropolitano.com.gt\/es\/wp-content\/uploads\/2023\/08\/367459197_764672758992143_8642377898820401558_n-300x200.jpg 300w, https:\/\/elmetropolitano.com.gt\/es\/wp-content\/uploads\/2023\/08\/367459197_764672758992143_8642377898820401558_n-768x512.jpg 768w, https:\/\/elmetropolitano.com.gt\/es\/wp-content\/uploads\/2023\/08\/367459197_764672758992143_8642377898820401558_n-600x400.jpg 600w\" sizes=\"auto, (max-width: 1024px) 100vw, 1024px\" \/><\/figure>\n<\/figure>\n","protected":false},"excerpt":{"rendered":"<p>La expulsi\u00f3n para todo aquel marero que sea identificado dentro de un centro educativo, sea p\u00fablico o privado, es una de las propuestas que se discuti\u00f3 en el Congreso de la Rep\u00fablica en los protocolos para la prevenci\u00f3n y protecci\u00f3n de la ni\u00f1ez en colegios, escuelas o institutos con la finalidad de hacer la unificaci\u00f3n <a class=\"read-more\" href=\"https:\/\/elmetropolitano.com.gt\/es\/proponen-expulsion-para-mareros-de-centros-educativos\/\">Leer m\u00e1s<\/a><\/p>\n","protected":false},"author":1,"featured_media":71296,"comment_status":"open","ping_status":"closed","sticky":false,"template":"","format":"standard","meta":{"footnotes":""},"categories":[2],"tags":[12],"class_list":["post-71295","post","type-post","status-publish","format-standard","has-post-thumbnail","hentry","category-nacionales","tag-nacionales"],"_links":{"self":[{"href":"https:\/\/elmetropolitano.com.gt\/es\/wp-json\/wp\/v2\/posts\/71295","targetHints":{"allow":["GET"]}}],"collection":[{"href":"https:\/\/elmetropolitano.com.gt\/es\/wp-json\/wp\/v2\/posts"}],"about":[{"href":"https:\/\/elmetropolitano.com.gt\/es\/wp-json\/wp\/v2\/types\/post"}],"author":[{"embeddable":true,"href":"https:\/\/elmetropolitano.com.gt\/es\/wp-json\/wp\/v2\/users\/1"}],"replies":[{"embeddable":true,"href":"https:\/\/elmetropolitano.com.gt\/es\/wp-json\/wp\/v2\/comments?post=71295"}],"version-history":[{"count":1,"href":"https:\/\/elmetropolitano.com.gt\/es\/wp-json\/wp\/v2\/posts\/71295\/revisions"}],"predecessor-version":[{"id":71302,"href":"https:\/\/elmetropolitano.com.gt\/es\/wp-json\/wp\/v2\/posts\/71295\/revisions\/71302"}],"wp:featuredmedia":[{"embeddable":true,"href":"https:\/\/elmetropolitano.com.gt\/es\/wp-json\/wp\/v2\/media\/71296"}],"wp:attachment":[{"href":"https:\/\/elmetropolitano.com.gt\/es\/wp-json\/wp\/v2\/media?parent=71295"}],"wp:term":[{"taxonomy":"category","embeddable":true,"href":"https:\/\/elmetropolitano.com.gt\/es\/wp-json\/wp\/v2\/categories?post=71295"},{"taxonomy":"post_tag","embeddable":true,"href":"https:\/\/elmetropolitano.com.gt\/es\/wp-json\/wp\/v2\/tags?post=71295"}],"curies":[{"name":"wp","href":"https:\/\/api.w.org\/{rel}","templated":true}]}}