{"id":71303,"date":"2023-08-19T09:41:40","date_gmt":"2023-08-19T15:41:40","guid":{"rendered":"https:\/\/elmetropolitano.com.gt\/es\/?p=71303"},"modified":"2023-08-19T09:41:42","modified_gmt":"2023-08-19T15:41:42","slug":"comadronas-piden-no-sufrir-discriminacion","status":"publish","type":"post","link":"https:\/\/elmetropolitano.com.gt\/es\/comadronas-piden-no-sufrir-discriminacion\/","title":{"rendered":"Comadronas piden no sufrir discriminaci\u00f3n"},"content":{"rendered":"\n<p>Las abuelas comadronas solicitaron hoy al personal Registro Nacional de Personas (RENAP), especialmente y tambi\u00e9n a las autoridades del Ministerio de Salud, que no las discriminen, especialmente cuando informen sobre un nacimiento.<\/p>\n\n\n\n<p>Esto, <a><\/a>especialmente porque hace pocos d\u00edas la comadrona Antonia Garc\u00eda denunci\u00f3 que fue objeto de discriminaci\u00f3n, por parte de la registradora del RENAP de Zunil, Quetzaltenango.<\/p><div class=\"elmet-contenido\" id=\"elmet-828350673\"><div class=\"elmet-adlabel\">Anuncios<\/div><div style=\"margin-top: 20px;margin-right: 20px;margin-bottom: 20px;margin-left: 20px;\" id=\"elmet-3903990488\"><a href=\"https:\/\/www.facebook.com\/arrincuanantigua\/\" aria-label=\"cintillo-arrin-cual\"><img loading=\"lazy\" decoding=\"async\" src=\"https:\/\/elmetropolitano.com.gt\/es\/wp-content\/uploads\/2021\/11\/cintillo-arrin-cual-1.jpg\" alt=\"\"  srcset=\"https:\/\/elmetropolitano.com.gt\/es\/wp-content\/uploads\/2021\/11\/cintillo-arrin-cual-1.jpg 750w, https:\/\/elmetropolitano.com.gt\/es\/wp-content\/uploads\/2021\/11\/cintillo-arrin-cual-1-300x36.jpg 300w, https:\/\/elmetropolitano.com.gt\/es\/wp-content\/uploads\/2021\/11\/cintillo-arrin-cual-1-600x72.jpg 600w\" sizes=\"(max-width: 750px) 100vw, 750px\" width=\"750\" height=\"90\"   \/><\/a><\/div><\/div>\n\n\n\n<p>El diputado Edgar Batres, quien organiz\u00f3 la actividad para<\/p>\n\n\n\n<p>seguimiento al proyecto de alerta temprana de nacimientos, en donde RENAP, Salud y Comadronas juegan un papel importante, se molest\u00f3 por ese hecho y dijo que esta persona debe de ser despedida.<\/p>\n\n\n\n<p>Ramiro Toledo del RENAP expres\u00f3 disculpas e inform\u00f3 que en este mes emitir\u00e1n un dictamen legal, inform\u00e1tico y presupuestario del proyecto del Programa de Alerta Temprana de Nacimientos.<\/p>\n\n\n\n<p>Texto Francisco Javier Hurtarte<\/p>\n\n\n\n<p><a href=\"https:\/\/www.facebook.com\/hashtag\/metroredes?__eep__=6&amp;__cft__[0]=AZWhMqBwCV3g4BnlWGNb-iMK3J7ZLCIp-1ZcXkZcHyW-Uw8TP-xK3uu3a2wTKHBHwK-Mu7UEBN2qpRluJIvJhtiFOW5exEU-n6wtR_z-5LlPGOzq5J0S_nJACm35rscrgpG485pLnuollLkPs9CpiivD8Idx85IviVSSwOpUso1IPiX_4JveY1LsKdswQ3VOBmw&amp;__tn__=*NK-R\">#metroredes<\/a><a href=\"https:\/\/www.facebook.com\/hashtag\/comadronas?__eep__=6&amp;__cft__[0]=AZWhMqBwCV3g4BnlWGNb-iMK3J7ZLCIp-1ZcXkZcHyW-Uw8TP-xK3uu3a2wTKHBHwK-Mu7UEBN2qpRluJIvJhtiFOW5exEU-n6wtR_z-5LlPGOzq5J0S_nJACm35rscrgpG485pLnuollLkPs9CpiivD8Idx85IviVSSwOpUso1IPiX_4JveY1LsKdswQ3VOBmw&amp;__tn__=*NK-R\">#comadronas<\/a><a href=\"https:\/\/www.facebook.com\/hashtag\/renap?__eep__=6&amp;__cft__[0]=AZWhMqBwCV3g4BnlWGNb-iMK3J7ZLCIp-1ZcXkZcHyW-Uw8TP-xK3uu3a2wTKHBHwK-Mu7UEBN2qpRluJIvJhtiFOW5exEU-n6wtR_z-5LlPGOzq5J0S_nJACm35rscrgpG485pLnuollLkPs9CpiivD8Idx85IviVSSwOpUso1IPiX_4JveY1LsKdswQ3VOBmw&amp;__tn__=*NK-R\">#Renap<\/a><\/p>\n\n\n\n<figure class=\"wp-block-gallery has-nested-images columns-default is-cropped wp-block-gallery-1 is-layout-flex wp-block-gallery-is-layout-flex\">\n<figure class=\"wp-block-image size-large\"><img loading=\"lazy\" decoding=\"async\" width=\"1024\" height=\"683\" data-id=\"71306\" src=\"https:\/\/elmetropolitano.com.gt\/es\/wp-content\/uploads\/2023\/08\/366734379_764677152325037_7736141321551677816_n.jpg\" alt=\"\" class=\"wp-image-71306\" srcset=\"https:\/\/elmetropolitano.com.gt\/es\/wp-content\/uploads\/2023\/08\/366734379_764677152325037_7736141321551677816_n.jpg 1024w, https:\/\/elmetropolitano.com.gt\/es\/wp-content\/uploads\/2023\/08\/366734379_764677152325037_7736141321551677816_n-300x200.jpg 300w, https:\/\/elmetropolitano.com.gt\/es\/wp-content\/uploads\/2023\/08\/366734379_764677152325037_7736141321551677816_n-768x512.jpg 768w, https:\/\/elmetropolitano.com.gt\/es\/wp-content\/uploads\/2023\/08\/366734379_764677152325037_7736141321551677816_n-600x400.jpg 600w\" sizes=\"auto, (max-width: 1024px) 100vw, 1024px\" \/><\/figure>\n\n\n\n<figure class=\"wp-block-image size-large\"><img loading=\"lazy\" decoding=\"async\" width=\"1024\" height=\"682\" data-id=\"71305\" src=\"https:\/\/elmetropolitano.com.gt\/es\/wp-content\/uploads\/2023\/08\/367448279_764677128991706_8782847260054583737_n.jpg\" alt=\"\" class=\"wp-image-71305\" srcset=\"https:\/\/elmetropolitano.com.gt\/es\/wp-content\/uploads\/2023\/08\/367448279_764677128991706_8782847260054583737_n.jpg 1024w, https:\/\/elmetropolitano.com.gt\/es\/wp-content\/uploads\/2023\/08\/367448279_764677128991706_8782847260054583737_n-300x200.jpg 300w, https:\/\/elmetropolitano.com.gt\/es\/wp-content\/uploads\/2023\/08\/367448279_764677128991706_8782847260054583737_n-768x512.jpg 768w, https:\/\/elmetropolitano.com.gt\/es\/wp-content\/uploads\/2023\/08\/367448279_764677128991706_8782847260054583737_n-600x400.jpg 600w\" sizes=\"auto, (max-width: 1024px) 100vw, 1024px\" \/><\/figure>\n\n\n\n<figure class=\"wp-block-image size-large\"><img loading=\"lazy\" decoding=\"async\" width=\"960\" height=\"632\" data-id=\"71307\" src=\"https:\/\/elmetropolitano.com.gt\/es\/wp-content\/uploads\/2023\/08\/368807938_764676285658457_257413375584957138_n.jpg\" alt=\"\" class=\"wp-image-71307\" srcset=\"https:\/\/elmetropolitano.com.gt\/es\/wp-content\/uploads\/2023\/08\/368807938_764676285658457_257413375584957138_n.jpg 960w, https:\/\/elmetropolitano.com.gt\/es\/wp-content\/uploads\/2023\/08\/368807938_764676285658457_257413375584957138_n-300x198.jpg 300w, https:\/\/elmetropolitano.com.gt\/es\/wp-content\/uploads\/2023\/08\/368807938_764676285658457_257413375584957138_n-768x506.jpg 768w, https:\/\/elmetropolitano.com.gt\/es\/wp-content\/uploads\/2023\/08\/368807938_764676285658457_257413375584957138_n-600x395.jpg 600w\" sizes=\"auto, (max-width: 960px) 100vw, 960px\" \/><\/figure>\n<\/figure>\n","protected":false},"excerpt":{"rendered":"<p>Las abuelas comadronas solicitaron hoy al personal Registro Nacional de Personas (RENAP), especialmente y tambi\u00e9n a las autoridades del Ministerio de Salud, que no las discriminen, especialmente cuando informen sobre un nacimiento. Esto, especialmente porque hace pocos d\u00edas la comadrona Antonia Garc\u00eda denunci\u00f3 que fue objeto de discriminaci\u00f3n, por parte de la registradora del RENAP <a class=\"read-more\" href=\"https:\/\/elmetropolitano.com.gt\/es\/comadronas-piden-no-sufrir-discriminacion\/\">Leer m\u00e1s<\/a><\/p>\n","protected":false},"author":1,"featured_media":71304,"comment_status":"open","ping_status":"closed","sticky":false,"template":"","format":"standard","meta":{"footnotes":""},"categories":[2],"tags":[12],"class_list":["post-71303","post","type-post","status-publish","format-standard","has-post-thumbnail","hentry","category-nacionales","tag-nacionales"],"_links":{"self":[{"href":"https:\/\/elmetropolitano.com.gt\/es\/wp-json\/wp\/v2\/posts\/71303","targetHints":{"allow":["GET"]}}],"collection":[{"href":"https:\/\/elmetropolitano.com.gt\/es\/wp-json\/wp\/v2\/posts"}],"about":[{"href":"https:\/\/elmetropolitano.com.gt\/es\/wp-json\/wp\/v2\/types\/post"}],"author":[{"embeddable":true,"href":"https:\/\/elmetropolitano.com.gt\/es\/wp-json\/wp\/v2\/users\/1"}],"replies":[{"embeddable":true,"href":"https:\/\/elmetropolitano.com.gt\/es\/wp-json\/wp\/v2\/comments?post=71303"}],"version-history":[{"count":1,"href":"https:\/\/elmetropolitano.com.gt\/es\/wp-json\/wp\/v2\/posts\/71303\/revisions"}],"predecessor-version":[{"id":71308,"href":"https:\/\/elmetropolitano.com.gt\/es\/wp-json\/wp\/v2\/posts\/71303\/revisions\/71308"}],"wp:featuredmedia":[{"embeddable":true,"href":"https:\/\/elmetropolitano.com.gt\/es\/wp-json\/wp\/v2\/media\/71304"}],"wp:attachment":[{"href":"https:\/\/elmetropolitano.com.gt\/es\/wp-json\/wp\/v2\/media?parent=71303"}],"wp:term":[{"taxonomy":"category","embeddable":true,"href":"https:\/\/elmetropolitano.com.gt\/es\/wp-json\/wp\/v2\/categories?post=71303"},{"taxonomy":"post_tag","embeddable":true,"href":"https:\/\/elmetropolitano.com.gt\/es\/wp-json\/wp\/v2\/tags?post=71303"}],"curies":[{"name":"wp","href":"https:\/\/api.w.org\/{rel}","templated":true}]}}