{"id":71309,"date":"2023-08-19T09:45:01","date_gmt":"2023-08-19T15:45:01","guid":{"rendered":"https:\/\/elmetropolitano.com.gt\/es\/?p=71309"},"modified":"2023-08-19T09:45:03","modified_gmt":"2023-08-19T15:45:03","slug":"informan-avances-de-proceso-de-consulta-del-derecho-minero-de-el-escobal","status":"publish","type":"post","link":"https:\/\/elmetropolitano.com.gt\/es\/informan-avances-de-proceso-de-consulta-del-derecho-minero-de-el-escobal\/","title":{"rendered":"Informan avances de proceso de consulta del derecho minero de El Escobal"},"content":{"rendered":"\n<p>Autoridades del Ministerio de Energ\u00eda y Minas (MEM) ofrecieron una conferencia de prensa junto al Parlamento del Pueblo Xinka de Guatemala para informar sobre el avance en el proceso por el derecho minero de El Escobal.<\/p>\n\n\n\n<p>Se inform\u00f3 a la poblaci\u00f3n que dicho litigio est\u00e1 en fase de verificaci\u00f3n de la entrega de informaci\u00f3n por parte de las instituciones del Estado. Esta debe ser entregada como parte de la <a><\/a>segunda fase de consulta respecto al mencionado derecho.<\/p><div class=\"elmet-contenido\" id=\"elmet-601632363\"><div class=\"elmet-adlabel\">Anuncios<\/div><div style=\"margin-top: 20px;margin-right: 20px;margin-bottom: 20px;margin-left: 20px;\" id=\"elmet-859957693\"><a href=\"https:\/\/www.facebook.com\/arrincuanantigua\/\" aria-label=\"cintillo-arrin-cual\"><img loading=\"lazy\" decoding=\"async\" src=\"https:\/\/elmetropolitano.com.gt\/es\/wp-content\/uploads\/2021\/11\/cintillo-arrin-cual-1.jpg\" alt=\"\"  srcset=\"https:\/\/elmetropolitano.com.gt\/es\/wp-content\/uploads\/2021\/11\/cintillo-arrin-cual-1.jpg 750w, https:\/\/elmetropolitano.com.gt\/es\/wp-content\/uploads\/2021\/11\/cintillo-arrin-cual-1-300x36.jpg 300w, https:\/\/elmetropolitano.com.gt\/es\/wp-content\/uploads\/2021\/11\/cintillo-arrin-cual-1-600x72.jpg 600w\" sizes=\"(max-width: 750px) 100vw, 750px\" width=\"750\" height=\"90\"   \/><\/a><\/div><\/div>\n\n\n\n<p>Al respecto a esto, el viceministro de Desarrollo Sostenible del MEM Oscar Rafael P\u00e9rez Ramirez indic\u00f3 que \u201cactualmente nos encontramos ejecutando la fase dos. Existe un cronograma para esta fase, el cual consultamos ambas partes en abril de este a\u00f1o, y damos cumplimiento. Lo que nosotros esperamos es que como resultado de la consulta pueda establecerse una serie de acciones\u2026 Y que esas acciones sean consideradas compromisos bajo los cuales este proyecto minero podr\u00eda continuar su operaci\u00f3n\u201d<\/p>\n\n\n\n<p>Acciones positivas<\/p>\n\n\n\n<p>En una de las reuniones pasadas, las autoridades han destacado que gracias a estos encuentros se ha logrado un verdadero di\u00e1logo que ha permitido avanzar y continuar con dicho proceso.<\/p>\n\n\n\n<p>Aparte, se afinan detalles para poder compartir la informaci\u00f3n necesaria con la comunidad para que conozca sobre todos los detalles del mismo.<\/p>\n\n\n\n<p>Los representantes del parlamento han detallado que todas estas acciones de consulta al pueblo xinca est\u00e1n centradas en el Convenio 169 de la Organizaci\u00f3n Internacional del Trabajo.<\/p>\n\n\n\n<p>Todo esto se trabaja bajo valores como el respeto, principios de buena fe y la espiritualidad.<\/p>\n\n\n\n<p>Texto: Yuliza Mu\u00f1oz<\/p>\n\n\n\n<p><a href=\"https:\/\/www.facebook.com\/hashtag\/sanrafaellasflores?__eep__=6&amp;__cft__[0]=AZUQwUIaIsnT3G11cNnfBnyTSBF8FRgDSjFaf69LpThqmdd2llkEm6B4QEG-huAyeb8eYn3b0E1KSPucdmXsS2Y0rCHvqeikjVZG2nZpvv7CbhIQF47jJpt29yLO2swuLe545PIYG0UpQTsfKvqqI8YS_aqdVqszlMLWl9CBLDE0yd9l2rK4aUsgWy68L-RDsjk&amp;__tn__=*NK-R\">#SanRafaelLasFlores<\/a><a href=\"https:\/\/www.facebook.com\/hashtag\/santarosa?__eep__=6&amp;__cft__[0]=AZUQwUIaIsnT3G11cNnfBnyTSBF8FRgDSjFaf69LpThqmdd2llkEm6B4QEG-huAyeb8eYn3b0E1KSPucdmXsS2Y0rCHvqeikjVZG2nZpvv7CbhIQF47jJpt29yLO2swuLe545PIYG0UpQTsfKvqqI8YS_aqdVqszlMLWl9CBLDE0yd9l2rK4aUsgWy68L-RDsjk&amp;__tn__=*NK-R\">#SantaRosa<\/a><\/p>\n\n\n\n<p><\/p>\n","protected":false},"excerpt":{"rendered":"<p>Autoridades del Ministerio de Energ\u00eda y Minas (MEM) ofrecieron una conferencia de prensa junto al Parlamento del Pueblo Xinka de Guatemala para informar sobre el avance en el proceso por el derecho minero de El Escobal. Se inform\u00f3 a la poblaci\u00f3n que dicho litigio est\u00e1 en fase de verificaci\u00f3n de la entrega de informaci\u00f3n por <a class=\"read-more\" href=\"https:\/\/elmetropolitano.com.gt\/es\/informan-avances-de-proceso-de-consulta-del-derecho-minero-de-el-escobal\/\">Leer m\u00e1s<\/a><\/p>\n","protected":false},"author":1,"featured_media":71310,"comment_status":"open","ping_status":"closed","sticky":false,"template":"","format":"standard","meta":{"footnotes":""},"categories":[4],"tags":[13],"class_list":["post-71309","post","type-post","status-publish","format-standard","has-post-thumbnail","hentry","category-departamentales","tag-departamentales"],"_links":{"self":[{"href":"https:\/\/elmetropolitano.com.gt\/es\/wp-json\/wp\/v2\/posts\/71309","targetHints":{"allow":["GET"]}}],"collection":[{"href":"https:\/\/elmetropolitano.com.gt\/es\/wp-json\/wp\/v2\/posts"}],"about":[{"href":"https:\/\/elmetropolitano.com.gt\/es\/wp-json\/wp\/v2\/types\/post"}],"author":[{"embeddable":true,"href":"https:\/\/elmetropolitano.com.gt\/es\/wp-json\/wp\/v2\/users\/1"}],"replies":[{"embeddable":true,"href":"https:\/\/elmetropolitano.com.gt\/es\/wp-json\/wp\/v2\/comments?post=71309"}],"version-history":[{"count":1,"href":"https:\/\/elmetropolitano.com.gt\/es\/wp-json\/wp\/v2\/posts\/71309\/revisions"}],"predecessor-version":[{"id":71311,"href":"https:\/\/elmetropolitano.com.gt\/es\/wp-json\/wp\/v2\/posts\/71309\/revisions\/71311"}],"wp:featuredmedia":[{"embeddable":true,"href":"https:\/\/elmetropolitano.com.gt\/es\/wp-json\/wp\/v2\/media\/71310"}],"wp:attachment":[{"href":"https:\/\/elmetropolitano.com.gt\/es\/wp-json\/wp\/v2\/media?parent=71309"}],"wp:term":[{"taxonomy":"category","embeddable":true,"href":"https:\/\/elmetropolitano.com.gt\/es\/wp-json\/wp\/v2\/categories?post=71309"},{"taxonomy":"post_tag","embeddable":true,"href":"https:\/\/elmetropolitano.com.gt\/es\/wp-json\/wp\/v2\/tags?post=71309"}],"curies":[{"name":"wp","href":"https:\/\/api.w.org\/{rel}","templated":true}]}}