{"id":71317,"date":"2023-08-19T21:57:59","date_gmt":"2023-08-20T03:57:59","guid":{"rendered":"https:\/\/elmetropolitano.com.gt\/es\/?p=71317"},"modified":"2023-08-19T21:59:04","modified_gmt":"2023-08-20T03:59:04","slug":"ya-van-23-detenidos-por-violar-ley-seca","status":"publish","type":"post","link":"https:\/\/elmetropolitano.com.gt\/es\/ya-van-23-detenidos-por-violar-ley-seca\/","title":{"rendered":"Ya van 23 detenidos por violar ley seca"},"content":{"rendered":"\n<p>Por el incumplimiento de la Ley Seca, la Polic\u00eda Nacional Civil PNC informo la tarde de este s\u00e1bado de la aprehensi\u00f3n de 22 personas a nivel nacional; y una menor fue remitida.<\/p>\n\n\n\n<p>Los <a><\/a>departamentos que m\u00e1s detenidos reportan son Izabal con cuatro, Pet\u00e9n y Alta Verapaz, con tres cada departamento.<\/p><div class=\"elmet-contenido\" id=\"elmet-2551091224\"><div class=\"elmet-adlabel\">Anuncios<\/div><div style=\"margin-top: 20px;margin-right: 20px;margin-bottom: 20px;margin-left: 20px;\" id=\"elmet-4272911110\"><a href=\"https:\/\/www.facebook.com\/arrincuanantigua\/\" aria-label=\"cintillo-arrin-cual\"><img loading=\"lazy\" decoding=\"async\" src=\"https:\/\/elmetropolitano.com.gt\/es\/wp-content\/uploads\/2021\/11\/cintillo-arrin-cual-1.jpg\" alt=\"\"  srcset=\"https:\/\/elmetropolitano.com.gt\/es\/wp-content\/uploads\/2021\/11\/cintillo-arrin-cual-1.jpg 750w, https:\/\/elmetropolitano.com.gt\/es\/wp-content\/uploads\/2021\/11\/cintillo-arrin-cual-1-300x36.jpg 300w, https:\/\/elmetropolitano.com.gt\/es\/wp-content\/uploads\/2021\/11\/cintillo-arrin-cual-1-600x72.jpg 600w\" sizes=\"(max-width: 750px) 100vw, 750px\" width=\"750\" height=\"90\"   \/><\/a><\/div><\/div>\n\n\n\n<p>Ley Electoral y de Partidos Pol\u00edticos en su art\u00edculo 223 se\u00f1ala \u00abDe las prohibiciones.<\/p>\n\n\n\n<p>Durante cualquier proceso electoral es terminantemente prohibido: d) El expendio* o distribuci\u00f3n de licores, bebidas alcoh\u00f3licas y fermentadas o su consumo en lugares p\u00fablicos, desde las doce horas del d\u00eda anterior a las elecciones y hasta las seis horas del d\u00eda siguiente a \u00e9sta.<\/p>\n\n\n\n<p><a href=\"https:\/\/www.facebook.com\/hashtag\/eleccionesgt2023?__eep__=6&amp;__cft__[0]=AZWmtXFAZR_mUXdt0wWxOtpstuCOVqciYze2SajuHVjUaeLm16vVPn3RB1fHfYuSLIeb2qR8JzK4w5_8LtEmyENh8HKf-rwbcHL8VyJHEep_JoWK-_PDuzO9hNEjrx1vaibZSKQ0jXOSAoADgRsjw78Qt8hQvF07QL0-dsMQGhexDsKahDZOyomktwPiUSh4HZY&amp;__tn__=*NK-R\">#EleccionesGT2023<\/a><a href=\"https:\/\/www.facebook.com\/hashtag\/pncdeguatemala?__eep__=6&amp;__cft__[0]=AZWmtXFAZR_mUXdt0wWxOtpstuCOVqciYze2SajuHVjUaeLm16vVPn3RB1fHfYuSLIeb2qR8JzK4w5_8LtEmyENh8HKf-rwbcHL8VyJHEep_JoWK-_PDuzO9hNEjrx1vaibZSKQ0jXOSAoADgRsjw78Qt8hQvF07QL0-dsMQGhexDsKahDZOyomktwPiUSh4HZY&amp;__tn__=*NK-R\">#PNCdeGuatemala<\/a><\/p>\n\n\n\n<figure class=\"wp-block-gallery has-nested-images columns-default is-cropped wp-block-gallery-1 is-layout-flex wp-block-gallery-is-layout-flex\">\n<figure class=\"wp-block-image size-large\"><img loading=\"lazy\" decoding=\"async\" width=\"527\" height=\"761\" data-id=\"71320\" src=\"https:\/\/elmetropolitano.com.gt\/es\/wp-content\/uploads\/2023\/08\/367054978_764985275627558_7456669842242885203_n.jpg\" alt=\"\" class=\"wp-image-71320\" srcset=\"https:\/\/elmetropolitano.com.gt\/es\/wp-content\/uploads\/2023\/08\/367054978_764985275627558_7456669842242885203_n.jpg 527w, https:\/\/elmetropolitano.com.gt\/es\/wp-content\/uploads\/2023\/08\/367054978_764985275627558_7456669842242885203_n-208x300.jpg 208w\" sizes=\"auto, (max-width: 527px) 100vw, 527px\" \/><\/figure>\n\n\n\n<figure class=\"wp-block-image size-large\"><img loading=\"lazy\" decoding=\"async\" width=\"970\" height=\"1022\" data-id=\"71322\" src=\"https:\/\/elmetropolitano.com.gt\/es\/wp-content\/uploads\/2023\/08\/367428258_764986415627444_3381168420345628209_n.jpg\" alt=\"\" class=\"wp-image-71322\" srcset=\"https:\/\/elmetropolitano.com.gt\/es\/wp-content\/uploads\/2023\/08\/367428258_764986415627444_3381168420345628209_n.jpg 970w, https:\/\/elmetropolitano.com.gt\/es\/wp-content\/uploads\/2023\/08\/367428258_764986415627444_3381168420345628209_n-285x300.jpg 285w, https:\/\/elmetropolitano.com.gt\/es\/wp-content\/uploads\/2023\/08\/367428258_764986415627444_3381168420345628209_n-768x809.jpg 768w, https:\/\/elmetropolitano.com.gt\/es\/wp-content\/uploads\/2023\/08\/367428258_764986415627444_3381168420345628209_n-600x632.jpg 600w\" sizes=\"auto, (max-width: 970px) 100vw, 970px\" \/><\/figure>\n\n\n\n<figure class=\"wp-block-image size-large\"><img loading=\"lazy\" decoding=\"async\" width=\"721\" height=\"1015\" data-id=\"71321\" src=\"https:\/\/elmetropolitano.com.gt\/es\/wp-content\/uploads\/2023\/08\/367456814_764986405627445_7749381279941648199_n.jpg\" alt=\"\" class=\"wp-image-71321\" srcset=\"https:\/\/elmetropolitano.com.gt\/es\/wp-content\/uploads\/2023\/08\/367456814_764986405627445_7749381279941648199_n.jpg 721w, https:\/\/elmetropolitano.com.gt\/es\/wp-content\/uploads\/2023\/08\/367456814_764986405627445_7749381279941648199_n-213x300.jpg 213w, https:\/\/elmetropolitano.com.gt\/es\/wp-content\/uploads\/2023\/08\/367456814_764986405627445_7749381279941648199_n-600x845.jpg 600w\" sizes=\"auto, (max-width: 721px) 100vw, 721px\" \/><\/figure>\n\n\n\n<figure class=\"wp-block-image size-large\"><img loading=\"lazy\" decoding=\"async\" width=\"558\" height=\"916\" data-id=\"71319\" src=\"https:\/\/elmetropolitano.com.gt\/es\/wp-content\/uploads\/2023\/08\/367460536_764985318960887_2400975094745196934_n.jpg\" alt=\"\" class=\"wp-image-71319\" srcset=\"https:\/\/elmetropolitano.com.gt\/es\/wp-content\/uploads\/2023\/08\/367460536_764985318960887_2400975094745196934_n.jpg 558w, https:\/\/elmetropolitano.com.gt\/es\/wp-content\/uploads\/2023\/08\/367460536_764985318960887_2400975094745196934_n-183x300.jpg 183w\" sizes=\"auto, (max-width: 558px) 100vw, 558px\" \/><\/figure>\n<\/figure>\n","protected":false},"excerpt":{"rendered":"<p>Por el incumplimiento de la Ley Seca, la Polic\u00eda Nacional Civil PNC informo la tarde de este s\u00e1bado de la aprehensi\u00f3n de 22 personas a nivel nacional; y una menor fue remitida. Los departamentos que m\u00e1s detenidos reportan son Izabal con cuatro, Pet\u00e9n y Alta Verapaz, con tres cada departamento. Ley Electoral y de Partidos <a class=\"read-more\" href=\"https:\/\/elmetropolitano.com.gt\/es\/ya-van-23-detenidos-por-violar-ley-seca\/\">Leer m\u00e1s<\/a><\/p>\n","protected":false},"author":1,"featured_media":71318,"comment_status":"open","ping_status":"closed","sticky":false,"template":"","format":"standard","meta":{"footnotes":""},"categories":[2],"tags":[12],"class_list":["post-71317","post","type-post","status-publish","format-standard","has-post-thumbnail","hentry","category-nacionales","tag-nacionales"],"_links":{"self":[{"href":"https:\/\/elmetropolitano.com.gt\/es\/wp-json\/wp\/v2\/posts\/71317","targetHints":{"allow":["GET"]}}],"collection":[{"href":"https:\/\/elmetropolitano.com.gt\/es\/wp-json\/wp\/v2\/posts"}],"about":[{"href":"https:\/\/elmetropolitano.com.gt\/es\/wp-json\/wp\/v2\/types\/post"}],"author":[{"embeddable":true,"href":"https:\/\/elmetropolitano.com.gt\/es\/wp-json\/wp\/v2\/users\/1"}],"replies":[{"embeddable":true,"href":"https:\/\/elmetropolitano.com.gt\/es\/wp-json\/wp\/v2\/comments?post=71317"}],"version-history":[{"count":1,"href":"https:\/\/elmetropolitano.com.gt\/es\/wp-json\/wp\/v2\/posts\/71317\/revisions"}],"predecessor-version":[{"id":71323,"href":"https:\/\/elmetropolitano.com.gt\/es\/wp-json\/wp\/v2\/posts\/71317\/revisions\/71323"}],"wp:featuredmedia":[{"embeddable":true,"href":"https:\/\/elmetropolitano.com.gt\/es\/wp-json\/wp\/v2\/media\/71318"}],"wp:attachment":[{"href":"https:\/\/elmetropolitano.com.gt\/es\/wp-json\/wp\/v2\/media?parent=71317"}],"wp:term":[{"taxonomy":"category","embeddable":true,"href":"https:\/\/elmetropolitano.com.gt\/es\/wp-json\/wp\/v2\/categories?post=71317"},{"taxonomy":"post_tag","embeddable":true,"href":"https:\/\/elmetropolitano.com.gt\/es\/wp-json\/wp\/v2\/tags?post=71317"}],"curies":[{"name":"wp","href":"https:\/\/api.w.org\/{rel}","templated":true}]}}