{"id":71327,"date":"2023-08-20T09:20:12","date_gmt":"2023-08-20T15:20:12","guid":{"rendered":"https:\/\/elmetropolitano.com.gt\/es\/?p=71327"},"modified":"2023-08-20T09:20:14","modified_gmt":"2023-08-20T15:20:14","slug":"guatemaltecos-deciden-hoy-quien-sera-su-proximo-presidente","status":"publish","type":"post","link":"https:\/\/elmetropolitano.com.gt\/es\/guatemaltecos-deciden-hoy-quien-sera-su-proximo-presidente\/","title":{"rendered":"Guatemaltecos deciden hoy quien ser\u00e1 su pr\u00f3ximo presidente"},"content":{"rendered":"\n<p>Con entusiasmo, pero con mucha incertidumbre, hoy los guatemaltecos acudir\u00e1n a las urnas electorales para elegir a las personas que dirigir\u00e1 los pr\u00f3ximos cuatro a\u00f1os de gobierno entre los candidatos Sandra Torres de la Unidad Nacional de la Esperanza y Bernardo Ar\u00e9valo, del Movimiento Semilla.<\/p>\n\n\n\n<p>En <a><\/a>medio de amenazas por parte del ministerio P\u00fablico MP, especialmente el jefe del fiscal de la FECI quien se\u00f1alara que pasadas las elecciones se llevar\u00edan a cabo allanamientos, ordenes de captura y solicitudes de antejuicio.<\/p><div class=\"elmet-contenido\" id=\"elmet-1670282283\"><div class=\"elmet-adlabel\">Anuncios<\/div><div style=\"margin-top: 20px;margin-right: 20px;margin-bottom: 20px;margin-left: 20px;\" id=\"elmet-1900786860\"><a href=\"https:\/\/www.facebook.com\/arrincuanantigua\/\" aria-label=\"cintillo-arrin-cual\"><img loading=\"lazy\" decoding=\"async\" src=\"https:\/\/elmetropolitano.com.gt\/es\/wp-content\/uploads\/2021\/11\/cintillo-arrin-cual-1.jpg\" alt=\"\"  srcset=\"https:\/\/elmetropolitano.com.gt\/es\/wp-content\/uploads\/2021\/11\/cintillo-arrin-cual-1.jpg 750w, https:\/\/elmetropolitano.com.gt\/es\/wp-content\/uploads\/2021\/11\/cintillo-arrin-cual-1-300x36.jpg 300w, https:\/\/elmetropolitano.com.gt\/es\/wp-content\/uploads\/2021\/11\/cintillo-arrin-cual-1-600x72.jpg 600w\" sizes=\"(max-width: 750px) 100vw, 750px\" width=\"750\" height=\"90\"   \/><\/a><\/div><\/div>\n\n\n\n<p>Analistas se\u00f1alan que los obst\u00e1culos para la no participaci\u00f3n del Movimiento Semilla han sido claros desde el comienzo y adem\u00e1s de las amenazas del MP, tambi\u00e9n en un video filtrado en las redes sociales se dieron directrices de la coordinadora nacional de fiscales de la UNE, de impugnar cada mesa el d\u00eda de las elecciones, d\u00e1ndole mayor incertidumbre a las mismas.<\/p>\n\n\n\n<p>Expresan que han se\u00f1alado que hoy podr\u00edan darse intentos de boicot de resultados, pero ya se alert\u00f3 a la ciudadan\u00eda y a los observadores de la comunidad internacional.<\/p>\n\n\n\n<p>A\u00f1aden que es real la amenaza posible e intentar un boicot en las mesas de todo el pa\u00eds para obstruir y evitar que haya candidato que pueda ser declarado presidente, tratando de mantener la judicializaci\u00f3n del proceso, como lo hicieron en la primera vuelta, ese va ser un intento que seguramente van a hacer y seguro no les va resultar porque no va a haber evidencia que esas impugnaciones tengan materia, dijeron<\/p>\n\n\n\n<p>La OEA reitera \u00abpreocupaci\u00f3n\u00bb<\/p>\n\n\n\n<p>por acciones fiscales<\/p>\n\n\n\n<p>Luego de arribar a Guatemala con el despliegue de m\u00e1s de 80 expertos electorales para supervisar las elecciones de este domingo, la Misi\u00f3n de Observaci\u00f3n Electoral (MOA) de la Organizaci\u00f3n de Estados Americanos (OEA) reiter\u00f3 su \u201cpreocupaci\u00f3n\u201d por las continuas acciones de \u201cjudicializar\u201d el proceso electoral.<\/p>\n\n\n\n<p>Mientras tanto anoche a las 9 de la noche la Corte Suprema de Justicia CSJ ampar\u00f3 a la Unidad Nacional de la Esperanza UNE, quien lo que pide es que las elecciones sean transparentes que los fiscales de los diferentes partidos puedan tener fotos y libre acceso a todo incluso a la visualizaci\u00f3n de la digitalizaci\u00f3n de los datos de las mesas para que haya pureza en las elecciones.<\/p>\n\n\n\n<p>Hoy todos esperamos que el Ganador sea Guatemala y que sus votantes elijan al candidato de su simpat\u00eda pero que el resultado sea respetado y asuma la reelecci\u00f3n residencia el 14 de enero del pr\u00f3ximo a\u00f1o<\/p>\n\n\n\n<p><a href=\"https:\/\/www.facebook.com\/hashtag\/eleccionesgt2023?__eep__=6&amp;__cft__[0]=AZX0ktEC9qIY7Amq5BxnAT1b9Y_23YzLYHxxfYQPV7Z8zoONRsqR6VD6Sbwcsp6tcbUaAzYzx1fjJZ8gxkwICReQZTJUoDyqGpnbzVb545kyKDSX9wstcPGAFFlgREdzan4Zv63fTdLSub4Bq2qonvK86ZAgZw8xzSJW_iCMuIqVsdEezpcpFHlw3oWyjhmKW64&amp;__tn__=*NK-R\">#EleccionesGT2023<\/a><a href=\"https:\/\/www.facebook.com\/hashtag\/yovoto?__eep__=6&amp;__cft__[0]=AZX0ktEC9qIY7Amq5BxnAT1b9Y_23YzLYHxxfYQPV7Z8zoONRsqR6VD6Sbwcsp6tcbUaAzYzx1fjJZ8gxkwICReQZTJUoDyqGpnbzVb545kyKDSX9wstcPGAFFlgREdzan4Zv63fTdLSub4Bq2qonvK86ZAgZw8xzSJW_iCMuIqVsdEezpcpFHlw3oWyjhmKW64&amp;__tn__=*NK-R\">#YoVoto<\/a><a href=\"https:\/\/www.facebook.com\/hashtag\/tsegt?__eep__=6&amp;__cft__[0]=AZX0ktEC9qIY7Amq5BxnAT1b9Y_23YzLYHxxfYQPV7Z8zoONRsqR6VD6Sbwcsp6tcbUaAzYzx1fjJZ8gxkwICReQZTJUoDyqGpnbzVb545kyKDSX9wstcPGAFFlgREdzan4Zv63fTdLSub4Bq2qonvK86ZAgZw8xzSJW_iCMuIqVsdEezpcpFHlw3oWyjhmKW64&amp;__tn__=*NK-R\">#TSEgt<\/a><\/p>\n\n\n\n<p><\/p>\n","protected":false},"excerpt":{"rendered":"<p>Con entusiasmo, pero con mucha incertidumbre, hoy los guatemaltecos acudir\u00e1n a las urnas electorales para elegir a las personas que dirigir\u00e1 los pr\u00f3ximos cuatro a\u00f1os de gobierno entre los candidatos Sandra Torres de la Unidad Nacional de la Esperanza y Bernardo Ar\u00e9valo, del Movimiento Semilla. En medio de amenazas por parte del ministerio P\u00fablico MP, <a class=\"read-more\" href=\"https:\/\/elmetropolitano.com.gt\/es\/guatemaltecos-deciden-hoy-quien-sera-su-proximo-presidente\/\">Leer m\u00e1s<\/a><\/p>\n","protected":false},"author":1,"featured_media":71328,"comment_status":"open","ping_status":"closed","sticky":false,"template":"","format":"standard","meta":{"footnotes":""},"categories":[2],"tags":[12],"class_list":["post-71327","post","type-post","status-publish","format-standard","has-post-thumbnail","hentry","category-nacionales","tag-nacionales"],"_links":{"self":[{"href":"https:\/\/elmetropolitano.com.gt\/es\/wp-json\/wp\/v2\/posts\/71327","targetHints":{"allow":["GET"]}}],"collection":[{"href":"https:\/\/elmetropolitano.com.gt\/es\/wp-json\/wp\/v2\/posts"}],"about":[{"href":"https:\/\/elmetropolitano.com.gt\/es\/wp-json\/wp\/v2\/types\/post"}],"author":[{"embeddable":true,"href":"https:\/\/elmetropolitano.com.gt\/es\/wp-json\/wp\/v2\/users\/1"}],"replies":[{"embeddable":true,"href":"https:\/\/elmetropolitano.com.gt\/es\/wp-json\/wp\/v2\/comments?post=71327"}],"version-history":[{"count":1,"href":"https:\/\/elmetropolitano.com.gt\/es\/wp-json\/wp\/v2\/posts\/71327\/revisions"}],"predecessor-version":[{"id":71329,"href":"https:\/\/elmetropolitano.com.gt\/es\/wp-json\/wp\/v2\/posts\/71327\/revisions\/71329"}],"wp:featuredmedia":[{"embeddable":true,"href":"https:\/\/elmetropolitano.com.gt\/es\/wp-json\/wp\/v2\/media\/71328"}],"wp:attachment":[{"href":"https:\/\/elmetropolitano.com.gt\/es\/wp-json\/wp\/v2\/media?parent=71327"}],"wp:term":[{"taxonomy":"category","embeddable":true,"href":"https:\/\/elmetropolitano.com.gt\/es\/wp-json\/wp\/v2\/categories?post=71327"},{"taxonomy":"post_tag","embeddable":true,"href":"https:\/\/elmetropolitano.com.gt\/es\/wp-json\/wp\/v2\/tags?post=71327"}],"curies":[{"name":"wp","href":"https:\/\/api.w.org\/{rel}","templated":true}]}}