{"id":71377,"date":"2023-08-21T14:28:22","date_gmt":"2023-08-21T20:28:22","guid":{"rendered":"https:\/\/elmetropolitano.com.gt\/es\/?p=71377"},"modified":"2023-08-21T14:28:24","modified_gmt":"2023-08-21T20:28:24","slug":"v-carrera-uvg-transformando-suenos-en-oportunidades","status":"publish","type":"post","link":"https:\/\/elmetropolitano.com.gt\/es\/v-carrera-uvg-transformando-suenos-en-oportunidades\/","title":{"rendered":"V Carrera UVG Transformando sue\u00f1os en oportunidades"},"content":{"rendered":"\n<p>La Fundaci\u00f3n de la Universidad del Valle de Guatemala (FUVG) presenta la V edici\u00f3n de la Carrera UVG para apoyar la educaci\u00f3n en Guatemala.<\/p>\n\n\n\n<p>La carrera UVG Transformando sue\u00f1os en oportunidades naci\u00f3 en 2019, como una iniciativa de la FUVG para apoyar a estudiantes de los tres campus de la Universidad del Valle de Guatemala (UVG) a continuar sus estudios universitarios.<\/p><div class=\"elmet-contenido\" id=\"elmet-327556330\"><div class=\"elmet-adlabel\">Anuncios<\/div><div style=\"margin-top: 20px;margin-right: 20px;margin-bottom: 20px;margin-left: 20px;\" id=\"elmet-3337900387\"><a href=\"https:\/\/www.facebook.com\/arrincuanantigua\/\" aria-label=\"cintillo-arrin-cual\"><img loading=\"lazy\" decoding=\"async\" src=\"https:\/\/elmetropolitano.com.gt\/es\/wp-content\/uploads\/2021\/11\/cintillo-arrin-cual-1.jpg\" alt=\"\"  srcset=\"https:\/\/elmetropolitano.com.gt\/es\/wp-content\/uploads\/2021\/11\/cintillo-arrin-cual-1.jpg 750w, https:\/\/elmetropolitano.com.gt\/es\/wp-content\/uploads\/2021\/11\/cintillo-arrin-cual-1-300x36.jpg 300w, https:\/\/elmetropolitano.com.gt\/es\/wp-content\/uploads\/2021\/11\/cintillo-arrin-cual-1-600x72.jpg 600w\" sizes=\"(max-width: 750px) 100vw, 750px\" width=\"750\" height=\"90\"   \/><\/a><\/div><\/div>\n\n\n\n<p>Este <a><\/a>a\u00f1o, en su V edici\u00f3n, nuevamente busca ser el punto de encuentro para las familias de la comunidad UVG y para todas las personas que deseen apoyar la educaci\u00f3n en Guatemala.<\/p>\n\n\n\n<p>La carrera UVG es uno de los proyectos de la campa\u00f1a de recaudaci\u00f3n El Poder de Uno. En sus primeras dos ediciones, la actividad aport\u00f3 a la campa\u00f1a EstudiantexEstudiante de laAsociaci\u00f3n de Estudiantes de UVG (AEUVG), cuyo objetivo inicial durante la pandemia por la COVID-19 fue apoyar a estudiantes que necesitaron ayuda econ\u00f3mica para continuar sus estudios. En 2023, los fondos recaudados ser\u00e1n destinados al programa de becas de UVG, en sus tres campus.<\/p>\n\n\n\n<p>Sera el domingo 24 de septiembre<\/p>\n\n\n\n<p>La carrera se llevar\u00e1 a cabo el domingo, 24 de septiembre, de 6:00 a 9:00 a. m., en modalidad de 5 y 10 kil\u00f3metros, en el circuito de Avenida La Reforma.<\/p>\n\n\n\n<p>El evento es patrocinado por Banco Industrial y la familia Leal Toledo, con el apoyo de Alerta M\u00e9dica, Behabits, Caf\u00e9 Gitane, Champ\u2019s Guatemala, Fundaci\u00f3n Bolar, Gatorade, Hilton Garden Inn, Panitos, S&amp;P Guatemala, Transcaf\u00e9 y Wayfree.<\/p>\n\n\n\n<p>Homenaje a Dra. Yolanda Toledo de Leal<\/p>\n\n\n\n<p>Miembro de la clase de 1962 del Colegio Americano de Guatemala y qu\u00edmica de profesi\u00f3n inicial, Yolanda Toledo de Leal es una mujer visionaria, una madre ejemplar, una empresaria innovadora y una ciudadana comprometida. En esta V edici\u00f3n de la carrera, UVG le rendir\u00e1 homenaje como un reconocimiento a su trayectoria y valiosas contribuciones a la educaci\u00f3n en Guatemala.<\/p>\n\n\n\n<p>La Dra. Toledo de Leal forma parte del Grupo Educativo del Valle desde hace cerca de treinta a\u00f1os, en los que ha integrado el Consejo de Fiduciarios de la FUVG, la Junta Directiva del Colegio Americano del Sur y el Consejo Directivo de UVG. En 2016, UVG le otorg\u00f3 un Doctorado Honoris Causa en Educaci\u00f3n.<\/p>\n\n\n\n<p>Su participaci\u00f3n fue determinante para la creaci\u00f3n y desarrollo del Programa Educativo del Sur, ahora UVG Campus Sur, y del Colegio Americano del Sur, ambos en Santa Luc\u00eda Cotzumalguapa. Estas dos entidades brindan m\u00faltiples beneficios a ni\u00f1os, j\u00f3venes y adultos, con lo que han tenido gran impacto en la regi\u00f3n.<\/p>\n\n\n\n<p>Para rendirle homenaje, la playera oficial y medalla de participaci\u00f3n de la carrera UVG incluyen un dise\u00f1o alusivo a la Paladina de la Educaci\u00f3n, una escultura en honor a la Dra. Toledo de Leal, la cual est\u00e1 ubicada en la plaza que lleva su nombre en el s\u00e9ptimo nivel del Centro de Innovaci\u00f3n y Tecnolog\u00eda (CIT) de UVG.<\/p>\n\n\n\n<p>Recorrido en el circuito de La Reforma<\/p>\n\n\n\n<p>La salida ser\u00e1 frente a la Estrella de David, en direcci\u00f3n hacia El Obelisco. Luego, en la plaza Costa Rica, se dar\u00e1 vuelta hacia la Guardia de Honor, retornando en la 2.\u00aa calle, para culminar en el punto de inicio. Los participantes tienen la opci\u00f3n de correr 5 o 10 km con una o dos vueltas al circuito. Habr\u00e1 tres parqueos cercanos a punto de inicio para resguardo de los veh\u00edculos.<\/p>\n\n\n\n<p>Inscripciones hasta el 19 de septiembre<\/p>\n\n\n\n<p>Para participar es necesario llenar el formulario de inscripci\u00f3n y realizar la donaci\u00f3n de Q125.00 por medio de una transferencia electr\u00f3nica a la cuenta monetaria de Banco Industrial de la FUVG (027-046594-8). Tambi\u00e9n es posible realizarla con tarjeta de cr\u00e9dito o d\u00e9bito por medio de CompraClick. El d\u00eda l\u00edmite para inscribirse es el 19 de septiembre a las 8:00 p. m.<\/p>\n\n\n\n<p>Evento previo: Expo UVG 2023<\/p>\n\n\n\n<p>La Expo UVG 2023 es un espacio para que los inscritos en la carrera convivan y obtengan su kit de participante. Este incluye la playera oficial, el n\u00famero de corredor, una mochila y souvenirs proporcionados por los patrocinadores.<\/p>\n\n\n\n<p>Expo UVG 2023 se desarrollar\u00e1 durante dos d\u00edas en la plaza \u201cDra. Isabel Guti\u00e9rrez de Bosch\u201d (nivel 2 del CIT): el viernes 22 de septiembre, de 2:00 a 5:00 p. m. y el s\u00e1bado 23, de 8:00 a. m. a 13:00 p. m. Para recoger el kit es necesario presentar el DPI y la boleta de pago f\u00edsica o digital. En Expo UVG 2023:<\/p>\n\n\n\n<p>\u25cfLos estudiantes de Ingenier\u00eda en Ciencias de Alimentos brindar\u00e1n informaci\u00f3n sobre las barras energ\u00e9ticas que recibir\u00e1n los corredores al finalizar.<\/p>\n\n\n\n<p>\u25cfLos estudiantes de la Licenciatura en Nutrici\u00f3n har\u00e1n evaluaciones profesionales de peso y talla a los corredores que lo soliciten.<\/p>\n\n\n\n<p>\u25cfLos estudiantes de Ingenier\u00eda Industrial har\u00e1n un recorrido virtual 3D para que los asistentes conozcan el circuito.<\/p>\n\n\n\n<p>Para m\u00e1s informaci\u00f3n, comunicarse a asuntosestudiantiles@uvg.edu.gt o al Tel. (502) 5948-1387 por medio de un mensaje de WhatsApp.<\/p>\n\n\n\n<p><a href=\"https:\/\/www.facebook.com\/hashtag\/metroredes?__eep__=6&amp;__cft__[0]=AZWR2gr695KzpO1Hzd46NdbGPF3teMW1T772GyfrDFfmCgswAeuTg_if7eZRiSYuLOG0mIkHMX8uUH7V-mqfsql5p6_wfOXS9QsTrESa17RG1acfAD7aiyosw2jBQYAxPwfjqp_kR0DyfFetPRe0QZnp7wx5T4H9YmgAR__2a2xubgnC_PqKtrFEq-ZDuSv0bPc&amp;__tn__=*NK-R\">#metroredes<\/a><a href=\"https:\/\/www.facebook.com\/hashtag\/carrerauvg?__eep__=6&amp;__cft__[0]=AZWR2gr695KzpO1Hzd46NdbGPF3teMW1T772GyfrDFfmCgswAeuTg_if7eZRiSYuLOG0mIkHMX8uUH7V-mqfsql5p6_wfOXS9QsTrESa17RG1acfAD7aiyosw2jBQYAxPwfjqp_kR0DyfFetPRe0QZnp7wx5T4H9YmgAR__2a2xubgnC_PqKtrFEq-ZDuSv0bPc&amp;__tn__=*NK-R\">#carrerauvg<\/a><a href=\"https:\/\/www.facebook.com\/hashtag\/bancoindustrial?__eep__=6&amp;__cft__[0]=AZWR2gr695KzpO1Hzd46NdbGPF3teMW1T772GyfrDFfmCgswAeuTg_if7eZRiSYuLOG0mIkHMX8uUH7V-mqfsql5p6_wfOXS9QsTrESa17RG1acfAD7aiyosw2jBQYAxPwfjqp_kR0DyfFetPRe0QZnp7wx5T4H9YmgAR__2a2xubgnC_PqKtrFEq-ZDuSv0bPc&amp;__tn__=*NK-R\">#BancoIndustrial<\/a><\/p>\n\n\n\n<figure class=\"wp-block-gallery has-nested-images columns-default is-cropped wp-block-gallery-1 is-layout-flex wp-block-gallery-is-layout-flex\">\n<figure class=\"wp-block-image size-large\"><img loading=\"lazy\" decoding=\"async\" width=\"1024\" height=\"683\" data-id=\"71382\" src=\"https:\/\/elmetropolitano.com.gt\/es\/wp-content\/uploads\/2023\/08\/367431243_765992045526881_3325459941027485798_n-1024x683.jpg\" alt=\"\" class=\"wp-image-71382\" srcset=\"https:\/\/elmetropolitano.com.gt\/es\/wp-content\/uploads\/2023\/08\/367431243_765992045526881_3325459941027485798_n-1024x683.jpg 1024w, https:\/\/elmetropolitano.com.gt\/es\/wp-content\/uploads\/2023\/08\/367431243_765992045526881_3325459941027485798_n-300x200.jpg 300w, https:\/\/elmetropolitano.com.gt\/es\/wp-content\/uploads\/2023\/08\/367431243_765992045526881_3325459941027485798_n-768x512.jpg 768w, https:\/\/elmetropolitano.com.gt\/es\/wp-content\/uploads\/2023\/08\/367431243_765992045526881_3325459941027485798_n-1536x1025.jpg 1536w, https:\/\/elmetropolitano.com.gt\/es\/wp-content\/uploads\/2023\/08\/367431243_765992045526881_3325459941027485798_n-600x400.jpg 600w, https:\/\/elmetropolitano.com.gt\/es\/wp-content\/uploads\/2023\/08\/367431243_765992045526881_3325459941027485798_n.jpg 2048w\" sizes=\"auto, (max-width: 1024px) 100vw, 1024px\" \/><\/figure>\n\n\n\n<figure class=\"wp-block-image size-large\"><img loading=\"lazy\" decoding=\"async\" width=\"1024\" height=\"683\" data-id=\"71380\" src=\"https:\/\/elmetropolitano.com.gt\/es\/wp-content\/uploads\/2023\/08\/367474192_765992065526879_1518569180323123488_n-1-1024x683.jpg\" alt=\"\" class=\"wp-image-71380\" srcset=\"https:\/\/elmetropolitano.com.gt\/es\/wp-content\/uploads\/2023\/08\/367474192_765992065526879_1518569180323123488_n-1-1024x683.jpg 1024w, https:\/\/elmetropolitano.com.gt\/es\/wp-content\/uploads\/2023\/08\/367474192_765992065526879_1518569180323123488_n-1-300x200.jpg 300w, https:\/\/elmetropolitano.com.gt\/es\/wp-content\/uploads\/2023\/08\/367474192_765992065526879_1518569180323123488_n-1-768x512.jpg 768w, https:\/\/elmetropolitano.com.gt\/es\/wp-content\/uploads\/2023\/08\/367474192_765992065526879_1518569180323123488_n-1-1536x1025.jpg 1536w, https:\/\/elmetropolitano.com.gt\/es\/wp-content\/uploads\/2023\/08\/367474192_765992065526879_1518569180323123488_n-1-600x400.jpg 600w, https:\/\/elmetropolitano.com.gt\/es\/wp-content\/uploads\/2023\/08\/367474192_765992065526879_1518569180323123488_n-1.jpg 2048w\" sizes=\"auto, (max-width: 1024px) 100vw, 1024px\" \/><\/figure>\n\n\n\n<figure class=\"wp-block-image size-large\"><img loading=\"lazy\" decoding=\"async\" width=\"1024\" height=\"683\" data-id=\"71381\" src=\"https:\/\/elmetropolitano.com.gt\/es\/wp-content\/uploads\/2023\/08\/369862891_765992102193542_4504897181783222340_n-1024x683.jpg\" alt=\"\" class=\"wp-image-71381\" srcset=\"https:\/\/elmetropolitano.com.gt\/es\/wp-content\/uploads\/2023\/08\/369862891_765992102193542_4504897181783222340_n-1024x683.jpg 1024w, https:\/\/elmetropolitano.com.gt\/es\/wp-content\/uploads\/2023\/08\/369862891_765992102193542_4504897181783222340_n-300x200.jpg 300w, https:\/\/elmetropolitano.com.gt\/es\/wp-content\/uploads\/2023\/08\/369862891_765992102193542_4504897181783222340_n-768x512.jpg 768w, https:\/\/elmetropolitano.com.gt\/es\/wp-content\/uploads\/2023\/08\/369862891_765992102193542_4504897181783222340_n-1536x1025.jpg 1536w, https:\/\/elmetropolitano.com.gt\/es\/wp-content\/uploads\/2023\/08\/369862891_765992102193542_4504897181783222340_n-600x400.jpg 600w, https:\/\/elmetropolitano.com.gt\/es\/wp-content\/uploads\/2023\/08\/369862891_765992102193542_4504897181783222340_n.jpg 2048w\" sizes=\"auto, (max-width: 1024px) 100vw, 1024px\" \/><\/figure>\n\n\n\n<figure class=\"wp-block-image size-large\"><img loading=\"lazy\" decoding=\"async\" width=\"1024\" height=\"683\" data-id=\"71379\" src=\"https:\/\/elmetropolitano.com.gt\/es\/wp-content\/uploads\/2023\/08\/369970023_765992152193537_4858416254018333681_n-1024x683.jpg\" alt=\"\" class=\"wp-image-71379\" srcset=\"https:\/\/elmetropolitano.com.gt\/es\/wp-content\/uploads\/2023\/08\/369970023_765992152193537_4858416254018333681_n-1024x683.jpg 1024w, https:\/\/elmetropolitano.com.gt\/es\/wp-content\/uploads\/2023\/08\/369970023_765992152193537_4858416254018333681_n-300x200.jpg 300w, https:\/\/elmetropolitano.com.gt\/es\/wp-content\/uploads\/2023\/08\/369970023_765992152193537_4858416254018333681_n-768x512.jpg 768w, https:\/\/elmetropolitano.com.gt\/es\/wp-content\/uploads\/2023\/08\/369970023_765992152193537_4858416254018333681_n-1536x1025.jpg 1536w, https:\/\/elmetropolitano.com.gt\/es\/wp-content\/uploads\/2023\/08\/369970023_765992152193537_4858416254018333681_n-600x400.jpg 600w, https:\/\/elmetropolitano.com.gt\/es\/wp-content\/uploads\/2023\/08\/369970023_765992152193537_4858416254018333681_n.jpg 2048w\" sizes=\"auto, (max-width: 1024px) 100vw, 1024px\" \/><\/figure>\n<\/figure>\n","protected":false},"excerpt":{"rendered":"<p>La Fundaci\u00f3n de la Universidad del Valle de Guatemala (FUVG) presenta la V edici\u00f3n de la Carrera UVG para apoyar la educaci\u00f3n en Guatemala. La carrera UVG Transformando sue\u00f1os en oportunidades naci\u00f3 en 2019, como una iniciativa de la FUVG para apoyar a estudiantes de los tres campus de la Universidad del Valle de Guatemala <a class=\"read-more\" href=\"https:\/\/elmetropolitano.com.gt\/es\/v-carrera-uvg-transformando-suenos-en-oportunidades\/\">Leer m\u00e1s<\/a><\/p>\n","protected":false},"author":1,"featured_media":71378,"comment_status":"open","ping_status":"closed","sticky":false,"template":"","format":"standard","meta":{"footnotes":""},"categories":[31],"tags":[32],"class_list":["post-71377","post","type-post","status-publish","format-standard","has-post-thumbnail","hentry","category-metroimpulso","tag-metroimpulso"],"_links":{"self":[{"href":"https:\/\/elmetropolitano.com.gt\/es\/wp-json\/wp\/v2\/posts\/71377","targetHints":{"allow":["GET"]}}],"collection":[{"href":"https:\/\/elmetropolitano.com.gt\/es\/wp-json\/wp\/v2\/posts"}],"about":[{"href":"https:\/\/elmetropolitano.com.gt\/es\/wp-json\/wp\/v2\/types\/post"}],"author":[{"embeddable":true,"href":"https:\/\/elmetropolitano.com.gt\/es\/wp-json\/wp\/v2\/users\/1"}],"replies":[{"embeddable":true,"href":"https:\/\/elmetropolitano.com.gt\/es\/wp-json\/wp\/v2\/comments?post=71377"}],"version-history":[{"count":1,"href":"https:\/\/elmetropolitano.com.gt\/es\/wp-json\/wp\/v2\/posts\/71377\/revisions"}],"predecessor-version":[{"id":71383,"href":"https:\/\/elmetropolitano.com.gt\/es\/wp-json\/wp\/v2\/posts\/71377\/revisions\/71383"}],"wp:featuredmedia":[{"embeddable":true,"href":"https:\/\/elmetropolitano.com.gt\/es\/wp-json\/wp\/v2\/media\/71378"}],"wp:attachment":[{"href":"https:\/\/elmetropolitano.com.gt\/es\/wp-json\/wp\/v2\/media?parent=71377"}],"wp:term":[{"taxonomy":"category","embeddable":true,"href":"https:\/\/elmetropolitano.com.gt\/es\/wp-json\/wp\/v2\/categories?post=71377"},{"taxonomy":"post_tag","embeddable":true,"href":"https:\/\/elmetropolitano.com.gt\/es\/wp-json\/wp\/v2\/tags?post=71377"}],"curies":[{"name":"wp","href":"https:\/\/api.w.org\/{rel}","templated":true}]}}