{"id":71384,"date":"2023-08-21T14:46:06","date_gmt":"2023-08-21T20:46:06","guid":{"rendered":"https:\/\/elmetropolitano.com.gt\/es\/?p=71384"},"modified":"2023-08-21T14:46:07","modified_gmt":"2023-08-21T20:46:07","slug":"porsche-latin-america-reconoce-a-grupo-los-tres-con-el-premio-al-importador-del-ano-2022","status":"publish","type":"post","link":"https:\/\/elmetropolitano.com.gt\/es\/porsche-latin-america-reconoce-a-grupo-los-tres-con-el-premio-al-importador-del-ano-2022\/","title":{"rendered":"Porsche Lat\u00edn Am\u00e9rica reconoce a Grupo Los Tres, con el premio al Importador del A\u00f1o 2022"},"content":{"rendered":"\n<p>Los Tres, importador oficial exclusivo de Porsche en Guatemala, tuvo el honor de recibir el premio al \u201cImportador del A\u00f1o 2022\u201d. Este reconocimiento se brinda conforme al trabajo realizado durante el a\u00f1o, el cualfue otorgado durante la Conferencia de Importadores de Porsche Lat\u00edn Am\u00e9rica, que se realiz\u00f3recientemente en Tenerife, Espa\u00f1a.<\/p>\n\n\n\n<p>Cada <a><\/a>a\u00f1o, Porsche Lat\u00edn Am\u00e9rica, Inc, (PLA), premia a los principales importadores que demuestran calidaden los procesos e innovaci\u00f3n para brindar valor y servicio excepcional a sus clientes para alcanzar la excelencia. En esta edici\u00f3n, se cont\u00f3 con la presencia de los 16 importadores que representan a Porsche en Am\u00e9rica Latina y el Caribe.<\/p><div class=\"elmet-contenido\" id=\"elmet-2457811359\"><div class=\"elmet-adlabel\">Anuncios<\/div><div style=\"margin-top: 20px;margin-right: 20px;margin-bottom: 20px;margin-left: 20px;\" id=\"elmet-723165807\"><a href=\"https:\/\/www.facebook.com\/arrincuanantigua\/\" aria-label=\"cintillo-arrin-cual\"><img loading=\"lazy\" decoding=\"async\" src=\"https:\/\/elmetropolitano.com.gt\/es\/wp-content\/uploads\/2021\/11\/cintillo-arrin-cual-1.jpg\" alt=\"\"  srcset=\"https:\/\/elmetropolitano.com.gt\/es\/wp-content\/uploads\/2021\/11\/cintillo-arrin-cual-1.jpg 750w, https:\/\/elmetropolitano.com.gt\/es\/wp-content\/uploads\/2021\/11\/cintillo-arrin-cual-1-300x36.jpg 300w, https:\/\/elmetropolitano.com.gt\/es\/wp-content\/uploads\/2021\/11\/cintillo-arrin-cual-1-600x72.jpg 600w\" sizes=\"(max-width: 750px) 100vw, 750px\" width=\"750\" height=\"90\"   \/><\/a><\/div><\/div>\n\n\n\n<p>Para la selecci\u00f3n delganador del premio de \u201cImportador del A\u00f1o\u201d, se evaluaron los resultados combinados de los puntajes obtenidos enm\u00e1s de 20 indicadores clave de la industria, tales como: gesti\u00f3n de \u00e1reas clave de negocio, inversi\u00f3n en mercadeo, relaciones p\u00fablicas, satisfacci\u00f3n del cliente y objetivos de venta y posventa, entre otros.<\/p>\n\n\n\n<p>\u201cSer reconocidos como Importador del A\u00f1o 2022 es un verdadero honor. Me enorgullece mucho haber recibido este reconocimiento en nombre de todo nuestro equipo de trabajo y nuestros socios.. No hay nada nada m\u00e1s importante que el trabajo de equipo para lograr los resultados y la satisfacci\u00f3n de nuestros clientes como objetivo primordial. Este reconocimiento nos motiva a seguir luchando por la mejora continua y aspirar a brindar el m\u00e1s alto nivel de servicio, mantener y mejorar los est\u00e1ndares por los que se nos reconoce actualmente, nuevamente, todo con el fin de garantizar el valor de nuestros clientes\u201d menciona Diego Cuestas, Gerente General de Grupo Los Tres.<\/p>\n\n\n\n<p>Porsche Guatemala, alcanz\u00f3 el mejor puntaje, destacando entre los 16 importadores que representan a Porsche en 22 pa\u00edses de Am\u00e9rica Latina y el Caribe.<\/p>\n\n\n\n<p>\u201cEstamosmuy felicespor recibir este premio, que demuestra nuestro compromiso, liderazgo, dedicaci\u00f3n y esfuerzode todo el equipo de Porsche en Guatemala\u201d, dijoMiguel Casta\u00f1eda, Gerente de Marca de Porsche en Guatemala. \u201cEste premio nos impulsa a continuar con nuestra labor y agradecemos el esfuerzo de todo el equipo, el cual fue un factor determinante para la evaluaci\u00f3n en los criterios claves\u201d.<\/p>\n\n\n\n<p><a href=\"https:\/\/www.facebook.com\/hashtag\/metroredes?__eep__=6&amp;__cft__[0]=AZWVXkX3M3fNScWZVZ1aNS0-HEeHk0WH-3kORExZDOobeRh8rm-Wd4K1-t77__RJ9dBoVoDESH299SzILZzrjWZuO4LaMX_mKv0AUCxTtJz9xf_Zi6cn29AoI3NrnvT-kSt93JcLfkChnHIEeWsbYLNJ4TjVj5wjOSpxS-Ogw2G4celF89KOyYXBjHjTeDaQ2fc&amp;__tn__=*NK-R\">#metroredes<\/a><a href=\"https:\/\/www.facebook.com\/hashtag\/porche?__eep__=6&amp;__cft__[0]=AZWVXkX3M3fNScWZVZ1aNS0-HEeHk0WH-3kORExZDOobeRh8rm-Wd4K1-t77__RJ9dBoVoDESH299SzILZzrjWZuO4LaMX_mKv0AUCxTtJz9xf_Zi6cn29AoI3NrnvT-kSt93JcLfkChnHIEeWsbYLNJ4TjVj5wjOSpxS-Ogw2G4celF89KOyYXBjHjTeDaQ2fc&amp;__tn__=*NK-R\">#porche<\/a><a href=\"https:\/\/www.facebook.com\/hashtag\/grupolostres?__eep__=6&amp;__cft__[0]=AZWVXkX3M3fNScWZVZ1aNS0-HEeHk0WH-3kORExZDOobeRh8rm-Wd4K1-t77__RJ9dBoVoDESH299SzILZzrjWZuO4LaMX_mKv0AUCxTtJz9xf_Zi6cn29AoI3NrnvT-kSt93JcLfkChnHIEeWsbYLNJ4TjVj5wjOSpxS-Ogw2G4celF89KOyYXBjHjTeDaQ2fc&amp;__tn__=*NK-R\">#GrupoLosTres<\/a><\/p>\n\n\n\n<p><\/p>\n","protected":false},"excerpt":{"rendered":"<p>Los Tres, importador oficial exclusivo de Porsche en Guatemala, tuvo el honor de recibir el premio al \u201cImportador del A\u00f1o 2022\u201d. Este reconocimiento se brinda conforme al trabajo realizado durante el a\u00f1o, el cualfue otorgado durante la Conferencia de Importadores de Porsche Lat\u00edn Am\u00e9rica, que se realiz\u00f3recientemente en Tenerife, Espa\u00f1a. Cada a\u00f1o, Porsche Lat\u00edn Am\u00e9rica, <a class=\"read-more\" href=\"https:\/\/elmetropolitano.com.gt\/es\/porsche-latin-america-reconoce-a-grupo-los-tres-con-el-premio-al-importador-del-ano-2022\/\">Leer m\u00e1s<\/a><\/p>\n","protected":false},"author":1,"featured_media":71385,"comment_status":"open","ping_status":"closed","sticky":false,"template":"","format":"standard","meta":{"footnotes":""},"categories":[31],"tags":[32],"class_list":["post-71384","post","type-post","status-publish","format-standard","has-post-thumbnail","hentry","category-metroimpulso","tag-metroimpulso"],"_links":{"self":[{"href":"https:\/\/elmetropolitano.com.gt\/es\/wp-json\/wp\/v2\/posts\/71384","targetHints":{"allow":["GET"]}}],"collection":[{"href":"https:\/\/elmetropolitano.com.gt\/es\/wp-json\/wp\/v2\/posts"}],"about":[{"href":"https:\/\/elmetropolitano.com.gt\/es\/wp-json\/wp\/v2\/types\/post"}],"author":[{"embeddable":true,"href":"https:\/\/elmetropolitano.com.gt\/es\/wp-json\/wp\/v2\/users\/1"}],"replies":[{"embeddable":true,"href":"https:\/\/elmetropolitano.com.gt\/es\/wp-json\/wp\/v2\/comments?post=71384"}],"version-history":[{"count":1,"href":"https:\/\/elmetropolitano.com.gt\/es\/wp-json\/wp\/v2\/posts\/71384\/revisions"}],"predecessor-version":[{"id":71386,"href":"https:\/\/elmetropolitano.com.gt\/es\/wp-json\/wp\/v2\/posts\/71384\/revisions\/71386"}],"wp:featuredmedia":[{"embeddable":true,"href":"https:\/\/elmetropolitano.com.gt\/es\/wp-json\/wp\/v2\/media\/71385"}],"wp:attachment":[{"href":"https:\/\/elmetropolitano.com.gt\/es\/wp-json\/wp\/v2\/media?parent=71384"}],"wp:term":[{"taxonomy":"category","embeddable":true,"href":"https:\/\/elmetropolitano.com.gt\/es\/wp-json\/wp\/v2\/categories?post=71384"},{"taxonomy":"post_tag","embeddable":true,"href":"https:\/\/elmetropolitano.com.gt\/es\/wp-json\/wp\/v2\/tags?post=71384"}],"curies":[{"name":"wp","href":"https:\/\/api.w.org\/{rel}","templated":true}]}}