{"id":71395,"date":"2023-08-21T21:58:23","date_gmt":"2023-08-22T03:58:23","guid":{"rendered":"https:\/\/elmetropolitano.com.gt\/es\/?p=71395"},"modified":"2023-08-21T21:58:24","modified_gmt":"2023-08-22T03:58:24","slug":"joe-biden-felicita-a-guatemala-por-elecciones-justas-y-pacificas","status":"publish","type":"post","link":"https:\/\/elmetropolitano.com.gt\/es\/joe-biden-felicita-a-guatemala-por-elecciones-justas-y-pacificas\/","title":{"rendered":"Joe Biden felicita a Guatemala por elecciones justas y pac\u00edficas"},"content":{"rendered":"\n<p>El presidente de Estados Unidos, Joe Biden, felicit\u00f3 este lunes a Guatemala y al presidente electo Bernanrdo Ar\u00e9valo por la segunda vuelta electoral.<\/p>\n\n\n\n<p>El <a><\/a>mandatario Biden dijo en sus redes sociales \u201cFelicitaciones al pueblo de Guatemala por una segunda vuelta electoral justa y pac\u00edfica, y a Bernardo Ar\u00e9valo de Le\u00f3n por su elecci\u00f3n como pr\u00f3ximo presidente de Guatemala\u201d<\/p><div class=\"elmet-contenido\" id=\"elmet-2011799742\"><div class=\"elmet-adlabel\">Anuncios<\/div><div style=\"margin-top: 20px;margin-right: 20px;margin-bottom: 20px;margin-left: 20px;\" id=\"elmet-1464588082\"><a href=\"https:\/\/www.facebook.com\/arrincuanantigua\/\" aria-label=\"cintillo-arrin-cual\"><img loading=\"lazy\" decoding=\"async\" src=\"https:\/\/elmetropolitano.com.gt\/es\/wp-content\/uploads\/2021\/11\/cintillo-arrin-cual-1.jpg\" alt=\"\"  srcset=\"https:\/\/elmetropolitano.com.gt\/es\/wp-content\/uploads\/2021\/11\/cintillo-arrin-cual-1.jpg 750w, https:\/\/elmetropolitano.com.gt\/es\/wp-content\/uploads\/2021\/11\/cintillo-arrin-cual-1-300x36.jpg 300w, https:\/\/elmetropolitano.com.gt\/es\/wp-content\/uploads\/2021\/11\/cintillo-arrin-cual-1-600x72.jpg 600w\" sizes=\"(max-width: 750px) 100vw, 750px\" width=\"750\" height=\"90\"   \/><\/a><\/div><\/div>\n\n\n\n<p>Al respecto, Biden ofreci\u00f3 trabajar en favor de la prosperidad y seguridad de Guatemala.<\/p>\n\n\n\n<p>Biden a\u00f1adi\u00f3 que espera trabajar para fomentar la prosperidad y la seguridad en Guatemala<\/p>\n\n\n\n<p><a href=\"https:\/\/www.facebook.com\/hashtag\/metroredes?__eep__=6&amp;__cft__[0]=AZXns9FzZK5mKZCgZQjUfeWFRBts3DzcU2sZ1UDA6TeL9rq3DPz1I2EtoZ2C2-jKhLPR6TbLHroAZsYLY4wOIDCkjF0GV5teAKN1RQvXvV1vtO-5zA2CA0L_qfc0b-qWOqY_rxsB-l99GzZrxyNo8hXRXDt51UC0iRxuU3cTFUurb3sAGc-v1B6si-_AHxrX7gU&amp;__tn__=*NK-R\">#metroredes<\/a><\/p>\n\n\n\n<p><\/p>\n","protected":false},"excerpt":{"rendered":"<p>El presidente de Estados Unidos, Joe Biden, felicit\u00f3 este lunes a Guatemala y al presidente electo Bernanrdo Ar\u00e9valo por la segunda vuelta electoral. El mandatario Biden dijo en sus redes sociales \u201cFelicitaciones al pueblo de Guatemala por una segunda vuelta electoral justa y pac\u00edfica, y a Bernardo Ar\u00e9valo de Le\u00f3n por su elecci\u00f3n como pr\u00f3ximo <a class=\"read-more\" href=\"https:\/\/elmetropolitano.com.gt\/es\/joe-biden-felicita-a-guatemala-por-elecciones-justas-y-pacificas\/\">Leer m\u00e1s<\/a><\/p>\n","protected":false},"author":1,"featured_media":71396,"comment_status":"open","ping_status":"closed","sticky":false,"template":"","format":"standard","meta":{"footnotes":""},"categories":[14],"tags":[15],"class_list":["post-71395","post","type-post","status-publish","format-standard","has-post-thumbnail","hentry","category-internacionales","tag-internacionales"],"_links":{"self":[{"href":"https:\/\/elmetropolitano.com.gt\/es\/wp-json\/wp\/v2\/posts\/71395","targetHints":{"allow":["GET"]}}],"collection":[{"href":"https:\/\/elmetropolitano.com.gt\/es\/wp-json\/wp\/v2\/posts"}],"about":[{"href":"https:\/\/elmetropolitano.com.gt\/es\/wp-json\/wp\/v2\/types\/post"}],"author":[{"embeddable":true,"href":"https:\/\/elmetropolitano.com.gt\/es\/wp-json\/wp\/v2\/users\/1"}],"replies":[{"embeddable":true,"href":"https:\/\/elmetropolitano.com.gt\/es\/wp-json\/wp\/v2\/comments?post=71395"}],"version-history":[{"count":1,"href":"https:\/\/elmetropolitano.com.gt\/es\/wp-json\/wp\/v2\/posts\/71395\/revisions"}],"predecessor-version":[{"id":71397,"href":"https:\/\/elmetropolitano.com.gt\/es\/wp-json\/wp\/v2\/posts\/71395\/revisions\/71397"}],"wp:featuredmedia":[{"embeddable":true,"href":"https:\/\/elmetropolitano.com.gt\/es\/wp-json\/wp\/v2\/media\/71396"}],"wp:attachment":[{"href":"https:\/\/elmetropolitano.com.gt\/es\/wp-json\/wp\/v2\/media?parent=71395"}],"wp:term":[{"taxonomy":"category","embeddable":true,"href":"https:\/\/elmetropolitano.com.gt\/es\/wp-json\/wp\/v2\/categories?post=71395"},{"taxonomy":"post_tag","embeddable":true,"href":"https:\/\/elmetropolitano.com.gt\/es\/wp-json\/wp\/v2\/tags?post=71395"}],"curies":[{"name":"wp","href":"https:\/\/api.w.org\/{rel}","templated":true}]}}