{"id":71401,"date":"2023-08-21T22:04:13","date_gmt":"2023-08-22T04:04:13","guid":{"rendered":"https:\/\/elmetropolitano.com.gt\/es\/?p=71401"},"modified":"2023-08-21T22:04:14","modified_gmt":"2023-08-22T04:04:14","slug":"diputado-archila-de-cabal-dialogo-con-ex-presidentes","status":"publish","type":"post","link":"https:\/\/elmetropolitano.com.gt\/es\/diputado-archila-de-cabal-dialogo-con-ex-presidentes\/","title":{"rendered":"Diputado Archila de Cabal di\u00e1logo con ex presidentes"},"content":{"rendered":"\n<p>El diputado reci\u00e9n electo, Manuel Archila dialog\u00f3 con los dos ex presidentes latinoamericanos, Andr\u00e9s Pastrana, de Colombia y Luis Felipe Calder\u00f3n, de M\u00e9xico.<\/p>\n\n\n\n<p>El <a><\/a>ingeniero Archila aprovech\u00f3 que lleg\u00f3 a ver los resultados en el hotel Tikal Futura, en vivo, de la segunda vuelta electoral, donde tambi\u00e9n estaban los ex mandatarios.<\/p><div class=\"elmet-contenido\" id=\"elmet-2232737726\"><div class=\"elmet-adlabel\">Anuncios<\/div><div style=\"margin-top: 20px;margin-right: 20px;margin-bottom: 20px;margin-left: 20px;\" id=\"elmet-1056149377\"><a href=\"https:\/\/www.facebook.com\/arrincuanantigua\/\" aria-label=\"cintillo-arrin-cual\"><img loading=\"lazy\" decoding=\"async\" src=\"https:\/\/elmetropolitano.com.gt\/es\/wp-content\/uploads\/2021\/11\/cintillo-arrin-cual-1.jpg\" alt=\"\"  srcset=\"https:\/\/elmetropolitano.com.gt\/es\/wp-content\/uploads\/2021\/11\/cintillo-arrin-cual-1.jpg 750w, https:\/\/elmetropolitano.com.gt\/es\/wp-content\/uploads\/2021\/11\/cintillo-arrin-cual-1-300x36.jpg 300w, https:\/\/elmetropolitano.com.gt\/es\/wp-content\/uploads\/2021\/11\/cintillo-arrin-cual-1-600x72.jpg 600w\" sizes=\"(max-width: 750px) 100vw, 750px\" width=\"750\" height=\"90\"   \/><\/a><\/div><\/div>\n\n\n\n<p>El diputado de Cabal aprovech\u00f3 un par de minutos para compartir con Calder\u00f3n y Pastrana y se tom\u00f3 unas fotograf\u00edas con los ex presidentes.<\/p>\n\n\n\n<p>Fue una buena experiencia la conversaci\u00f3n, expres\u00f3<\/p>\n\n\n\n<p>Texto: Francisco Javier Hurtarte<\/p>\n\n\n\n<figure class=\"wp-block-gallery has-nested-images columns-default is-cropped wp-block-gallery-1 is-layout-flex wp-block-gallery-is-layout-flex\">\n<figure class=\"wp-block-image size-large\"><img loading=\"lazy\" decoding=\"async\" width=\"720\" height=\"498\" data-id=\"71403\" src=\"https:\/\/elmetropolitano.com.gt\/es\/wp-content\/uploads\/2023\/08\/367492944_766102108849208_2587181467965907343_n.jpg\" alt=\"\" class=\"wp-image-71403\" srcset=\"https:\/\/elmetropolitano.com.gt\/es\/wp-content\/uploads\/2023\/08\/367492944_766102108849208_2587181467965907343_n.jpg 720w, https:\/\/elmetropolitano.com.gt\/es\/wp-content\/uploads\/2023\/08\/367492944_766102108849208_2587181467965907343_n-300x208.jpg 300w, https:\/\/elmetropolitano.com.gt\/es\/wp-content\/uploads\/2023\/08\/367492944_766102108849208_2587181467965907343_n-600x415.jpg 600w\" sizes=\"auto, (max-width: 720px) 100vw, 720px\" \/><\/figure>\n\n\n\n<figure class=\"wp-block-image size-large\"><img loading=\"lazy\" decoding=\"async\" width=\"720\" height=\"551\" data-id=\"71404\" src=\"https:\/\/elmetropolitano.com.gt\/es\/wp-content\/uploads\/2023\/08\/368782032_766102118849207_4158049181424773215_n.jpg\" alt=\"\" class=\"wp-image-71404\" srcset=\"https:\/\/elmetropolitano.com.gt\/es\/wp-content\/uploads\/2023\/08\/368782032_766102118849207_4158049181424773215_n.jpg 720w, https:\/\/elmetropolitano.com.gt\/es\/wp-content\/uploads\/2023\/08\/368782032_766102118849207_4158049181424773215_n-300x230.jpg 300w, https:\/\/elmetropolitano.com.gt\/es\/wp-content\/uploads\/2023\/08\/368782032_766102118849207_4158049181424773215_n-600x459.jpg 600w\" sizes=\"auto, (max-width: 720px) 100vw, 720px\" \/><\/figure>\n\n\n\n<figure class=\"wp-block-image size-large\"><img loading=\"lazy\" decoding=\"async\" width=\"720\" height=\"583\" data-id=\"71405\" src=\"https:\/\/elmetropolitano.com.gt\/es\/wp-content\/uploads\/2023\/08\/369042436_766102045515881_6989275513133816066_n.jpg\" alt=\"\" class=\"wp-image-71405\" srcset=\"https:\/\/elmetropolitano.com.gt\/es\/wp-content\/uploads\/2023\/08\/369042436_766102045515881_6989275513133816066_n.jpg 720w, https:\/\/elmetropolitano.com.gt\/es\/wp-content\/uploads\/2023\/08\/369042436_766102045515881_6989275513133816066_n-300x243.jpg 300w, https:\/\/elmetropolitano.com.gt\/es\/wp-content\/uploads\/2023\/08\/369042436_766102045515881_6989275513133816066_n-600x486.jpg 600w\" sizes=\"auto, (max-width: 720px) 100vw, 720px\" \/><\/figure>\n<\/figure>\n","protected":false},"excerpt":{"rendered":"<p>El diputado reci\u00e9n electo, Manuel Archila dialog\u00f3 con los dos ex presidentes latinoamericanos, Andr\u00e9s Pastrana, de Colombia y Luis Felipe Calder\u00f3n, de M\u00e9xico. El ingeniero Archila aprovech\u00f3 que lleg\u00f3 a ver los resultados en el hotel Tikal Futura, en vivo, de la segunda vuelta electoral, donde tambi\u00e9n estaban los ex mandatarios. El diputado de Cabal <a class=\"read-more\" href=\"https:\/\/elmetropolitano.com.gt\/es\/diputado-archila-de-cabal-dialogo-con-ex-presidentes\/\">Leer m\u00e1s<\/a><\/p>\n","protected":false},"author":1,"featured_media":71402,"comment_status":"open","ping_status":"closed","sticky":false,"template":"","format":"standard","meta":{"footnotes":""},"categories":[2],"tags":[12],"class_list":["post-71401","post","type-post","status-publish","format-standard","has-post-thumbnail","hentry","category-nacionales","tag-nacionales"],"_links":{"self":[{"href":"https:\/\/elmetropolitano.com.gt\/es\/wp-json\/wp\/v2\/posts\/71401","targetHints":{"allow":["GET"]}}],"collection":[{"href":"https:\/\/elmetropolitano.com.gt\/es\/wp-json\/wp\/v2\/posts"}],"about":[{"href":"https:\/\/elmetropolitano.com.gt\/es\/wp-json\/wp\/v2\/types\/post"}],"author":[{"embeddable":true,"href":"https:\/\/elmetropolitano.com.gt\/es\/wp-json\/wp\/v2\/users\/1"}],"replies":[{"embeddable":true,"href":"https:\/\/elmetropolitano.com.gt\/es\/wp-json\/wp\/v2\/comments?post=71401"}],"version-history":[{"count":1,"href":"https:\/\/elmetropolitano.com.gt\/es\/wp-json\/wp\/v2\/posts\/71401\/revisions"}],"predecessor-version":[{"id":71406,"href":"https:\/\/elmetropolitano.com.gt\/es\/wp-json\/wp\/v2\/posts\/71401\/revisions\/71406"}],"wp:featuredmedia":[{"embeddable":true,"href":"https:\/\/elmetropolitano.com.gt\/es\/wp-json\/wp\/v2\/media\/71402"}],"wp:attachment":[{"href":"https:\/\/elmetropolitano.com.gt\/es\/wp-json\/wp\/v2\/media?parent=71401"}],"wp:term":[{"taxonomy":"category","embeddable":true,"href":"https:\/\/elmetropolitano.com.gt\/es\/wp-json\/wp\/v2\/categories?post=71401"},{"taxonomy":"post_tag","embeddable":true,"href":"https:\/\/elmetropolitano.com.gt\/es\/wp-json\/wp\/v2\/tags?post=71401"}],"curies":[{"name":"wp","href":"https:\/\/api.w.org\/{rel}","templated":true}]}}