{"id":71427,"date":"2023-08-22T15:56:57","date_gmt":"2023-08-22T21:56:57","guid":{"rendered":"https:\/\/elmetropolitano.com.gt\/es\/?p=71427"},"modified":"2023-08-22T15:56:58","modified_gmt":"2023-08-22T21:56:58","slug":"mp-presenta-solicitud-de-antejuicio-contra-director-del-registro-de-ciudadanos-del-tse","status":"publish","type":"post","link":"https:\/\/elmetropolitano.com.gt\/es\/mp-presenta-solicitud-de-antejuicio-contra-director-del-registro-de-ciudadanos-del-tse\/","title":{"rendered":"MP presenta solicitud de antejuicio contra director del Registro de Ciudadanos del TSE"},"content":{"rendered":"\n<p>La Fiscal\u00eda contra Delitos Electorales del MP, presenta solicitud de antejuicio contra el director del Registro de Ciudadanos del TSE, Ramiro Mu\u00f1oz por los delitos de incumplimiento de deberes y abuso de autoridad con fines electorales.<\/p>\n\n\n\n<p>Analistas pol\u00edticos se\u00f1alan que la persecuci\u00f3n, despu\u00e9s de las elecciones ya empezaron, sin importar la presencia de observadores, del proceso electoral sin problemas, pero a\u00fan as\u00ed insistir\u00e1n en encontrar el pelo en la sopa.<\/p><div class=\"elmet-contenido\" id=\"elmet-3421034596\"><div class=\"elmet-adlabel\">Anuncios<\/div><div style=\"margin-top: 20px;margin-right: 20px;margin-bottom: 20px;margin-left: 20px;\" id=\"elmet-2771495521\"><a href=\"https:\/\/www.facebook.com\/arrincuanantigua\/\" aria-label=\"cintillo-arrin-cual\"><img loading=\"lazy\" decoding=\"async\" src=\"https:\/\/elmetropolitano.com.gt\/es\/wp-content\/uploads\/2021\/11\/cintillo-arrin-cual-1.jpg\" alt=\"\"  srcset=\"https:\/\/elmetropolitano.com.gt\/es\/wp-content\/uploads\/2021\/11\/cintillo-arrin-cual-1.jpg 750w, https:\/\/elmetropolitano.com.gt\/es\/wp-content\/uploads\/2021\/11\/cintillo-arrin-cual-1-300x36.jpg 300w, https:\/\/elmetropolitano.com.gt\/es\/wp-content\/uploads\/2021\/11\/cintillo-arrin-cual-1-600x72.jpg 600w\" sizes=\"(max-width: 750px) 100vw, 750px\" width=\"750\" height=\"90\"   \/><\/a><\/div><\/div>\n\n\n\n<p>#metroredes<\/p>\n\n\n\n<p><\/p>\n","protected":false},"excerpt":{"rendered":"<p>La Fiscal\u00eda contra Delitos Electorales del MP, presenta solicitud de antejuicio contra el director del Registro de Ciudadanos del TSE, Ramiro Mu\u00f1oz por los delitos de incumplimiento de deberes y abuso de autoridad con fines electorales. Analistas pol\u00edticos se\u00f1alan que la persecuci\u00f3n, despu\u00e9s de las elecciones ya empezaron, sin importar la presencia de observadores, del <a class=\"read-more\" href=\"https:\/\/elmetropolitano.com.gt\/es\/mp-presenta-solicitud-de-antejuicio-contra-director-del-registro-de-ciudadanos-del-tse\/\">Leer m\u00e1s<\/a><\/p>\n","protected":false},"author":1,"featured_media":71428,"comment_status":"open","ping_status":"closed","sticky":false,"template":"","format":"standard","meta":{"footnotes":""},"categories":[2],"tags":[12],"class_list":["post-71427","post","type-post","status-publish","format-standard","has-post-thumbnail","hentry","category-nacionales","tag-nacionales"],"_links":{"self":[{"href":"https:\/\/elmetropolitano.com.gt\/es\/wp-json\/wp\/v2\/posts\/71427","targetHints":{"allow":["GET"]}}],"collection":[{"href":"https:\/\/elmetropolitano.com.gt\/es\/wp-json\/wp\/v2\/posts"}],"about":[{"href":"https:\/\/elmetropolitano.com.gt\/es\/wp-json\/wp\/v2\/types\/post"}],"author":[{"embeddable":true,"href":"https:\/\/elmetropolitano.com.gt\/es\/wp-json\/wp\/v2\/users\/1"}],"replies":[{"embeddable":true,"href":"https:\/\/elmetropolitano.com.gt\/es\/wp-json\/wp\/v2\/comments?post=71427"}],"version-history":[{"count":1,"href":"https:\/\/elmetropolitano.com.gt\/es\/wp-json\/wp\/v2\/posts\/71427\/revisions"}],"predecessor-version":[{"id":71429,"href":"https:\/\/elmetropolitano.com.gt\/es\/wp-json\/wp\/v2\/posts\/71427\/revisions\/71429"}],"wp:featuredmedia":[{"embeddable":true,"href":"https:\/\/elmetropolitano.com.gt\/es\/wp-json\/wp\/v2\/media\/71428"}],"wp:attachment":[{"href":"https:\/\/elmetropolitano.com.gt\/es\/wp-json\/wp\/v2\/media?parent=71427"}],"wp:term":[{"taxonomy":"category","embeddable":true,"href":"https:\/\/elmetropolitano.com.gt\/es\/wp-json\/wp\/v2\/categories?post=71427"},{"taxonomy":"post_tag","embeddable":true,"href":"https:\/\/elmetropolitano.com.gt\/es\/wp-json\/wp\/v2\/tags?post=71427"}],"curies":[{"name":"wp","href":"https:\/\/api.w.org\/{rel}","templated":true}]}}