{"id":71430,"date":"2023-08-22T23:35:10","date_gmt":"2023-08-23T05:35:10","guid":{"rendered":"https:\/\/elmetropolitano.com.gt\/es\/?p=71430"},"modified":"2023-08-22T23:35:11","modified_gmt":"2023-08-23T05:35:11","slug":"conadi-informa-sobre-ley-de-certificacion-para-personas-con-discapacidad","status":"publish","type":"post","link":"https:\/\/elmetropolitano.com.gt\/es\/conadi-informa-sobre-ley-de-certificacion-para-personas-con-discapacidad\/","title":{"rendered":"Conadi informa sobre ley de certificaci\u00f3n para personas con discapacidad"},"content":{"rendered":"\n<p>La presidenta del Consejo Nacional de Atenci\u00f3n para las personas con Discapacidad (CONADI),Claribel Castillo y Gloria Serrano de la Direcci\u00f3n de normatividad y regulaci\u00f3n de atenci\u00f3n a las personas con discapacidad del Ministerio de Salud, informaron que se ha avanzado sobre la ley de certificaci\u00f3n para personas con discapacidad.<\/p>\n\n\n\n<p>Sus <a><\/a>declaraciones se dieron al momento de reunirse con los diputados de la Comisi\u00f3n de Asuntos sobre Discapacidad que dirige el diputado de Victoria Manuel Rivera .<\/p><div class=\"elmet-contenido\" id=\"elmet-3797183530\"><div class=\"elmet-adlabel\">Anuncios<\/div><div style=\"margin-top: 20px;margin-right: 20px;margin-bottom: 20px;margin-left: 20px;\" id=\"elmet-45525409\"><a href=\"https:\/\/www.facebook.com\/arrincuanantigua\/\" aria-label=\"cintillo-arrin-cual\"><img loading=\"lazy\" decoding=\"async\" src=\"https:\/\/elmetropolitano.com.gt\/es\/wp-content\/uploads\/2021\/11\/cintillo-arrin-cual-1.jpg\" alt=\"\"  srcset=\"https:\/\/elmetropolitano.com.gt\/es\/wp-content\/uploads\/2021\/11\/cintillo-arrin-cual-1.jpg 750w, https:\/\/elmetropolitano.com.gt\/es\/wp-content\/uploads\/2021\/11\/cintillo-arrin-cual-1-300x36.jpg 300w, https:\/\/elmetropolitano.com.gt\/es\/wp-content\/uploads\/2021\/11\/cintillo-arrin-cual-1-600x72.jpg 600w\" sizes=\"(max-width: 750px) 100vw, 750px\" width=\"750\" height=\"90\"   \/><\/a><\/div><\/div>\n\n\n\n<p>Tambi\u00e9n esta sala legislaiva de trabajo se reuni\u00f3 con Gaspar Telis de la asociaci\u00f3n de discapacitsdos de Ixil. Gaspar pidi\u00f3 atenci\u00f3n a 1.6 lisiados de guerra del enfrentamiento armado interno<\/p>\n\n\n\n<p>Texto Francisco Javier Hurtarte<\/p>\n\n\n\n<p><a href=\"https:\/\/www.facebook.com\/hashtag\/metroredes?__eep__=6&amp;__cft__[0]=AZVn39x2SNMZPpScmj-EvtDmDbgsY0M5rzW3jpF-p8VYA2Fm6biuYE9wO4qjZ7d6mjmOeYoYHI3YFgf2VAi-heTmZpD5lcvs04Pbxv13xJRpOXWL4YBoXKvF--0TgGfW8ErMcwt_l6feLzIn8hyg3G5tkIy5wrXvZdNw60HGtYHD_hWTKMUWTONINmyR0tMBndY&amp;__tn__=*NK-R\">#metroredes<\/a><a href=\"https:\/\/www.facebook.com\/hashtag\/conadi?__eep__=6&amp;__cft__[0]=AZVn39x2SNMZPpScmj-EvtDmDbgsY0M5rzW3jpF-p8VYA2Fm6biuYE9wO4qjZ7d6mjmOeYoYHI3YFgf2VAi-heTmZpD5lcvs04Pbxv13xJRpOXWL4YBoXKvF--0TgGfW8ErMcwt_l6feLzIn8hyg3G5tkIy5wrXvZdNw60HGtYHD_hWTKMUWTONINmyR0tMBndY&amp;__tn__=*NK-R\">#Conadi<\/a><\/p>\n\n\n\n<figure class=\"wp-block-gallery has-nested-images columns-default is-cropped wp-block-gallery-1 is-layout-flex wp-block-gallery-is-layout-flex\">\n<figure class=\"wp-block-image size-large\"><img loading=\"lazy\" decoding=\"async\" width=\"1024\" height=\"683\" data-id=\"71432\" src=\"https:\/\/elmetropolitano.com.gt\/es\/wp-content\/uploads\/2023\/08\/366748214_766696902123062_703869247870898453_n-1024x683.jpg\" alt=\"\" class=\"wp-image-71432\" srcset=\"https:\/\/elmetropolitano.com.gt\/es\/wp-content\/uploads\/2023\/08\/366748214_766696902123062_703869247870898453_n-1024x683.jpg 1024w, https:\/\/elmetropolitano.com.gt\/es\/wp-content\/uploads\/2023\/08\/366748214_766696902123062_703869247870898453_n-300x200.jpg 300w, https:\/\/elmetropolitano.com.gt\/es\/wp-content\/uploads\/2023\/08\/366748214_766696902123062_703869247870898453_n-768x512.jpg 768w, https:\/\/elmetropolitano.com.gt\/es\/wp-content\/uploads\/2023\/08\/366748214_766696902123062_703869247870898453_n-600x400.jpg 600w, https:\/\/elmetropolitano.com.gt\/es\/wp-content\/uploads\/2023\/08\/366748214_766696902123062_703869247870898453_n.jpg 1368w\" sizes=\"auto, (max-width: 1024px) 100vw, 1024px\" \/><\/figure>\n\n\n\n<figure class=\"wp-block-image size-large\"><img loading=\"lazy\" decoding=\"async\" width=\"1024\" height=\"682\" data-id=\"71434\" src=\"https:\/\/elmetropolitano.com.gt\/es\/wp-content\/uploads\/2023\/08\/366748395_766696968789722_754588003684264718_n-1024x682.jpg\" alt=\"\" class=\"wp-image-71434\" srcset=\"https:\/\/elmetropolitano.com.gt\/es\/wp-content\/uploads\/2023\/08\/366748395_766696968789722_754588003684264718_n-1024x682.jpg 1024w, https:\/\/elmetropolitano.com.gt\/es\/wp-content\/uploads\/2023\/08\/366748395_766696968789722_754588003684264718_n-300x200.jpg 300w, https:\/\/elmetropolitano.com.gt\/es\/wp-content\/uploads\/2023\/08\/366748395_766696968789722_754588003684264718_n-768x512.jpg 768w, https:\/\/elmetropolitano.com.gt\/es\/wp-content\/uploads\/2023\/08\/366748395_766696968789722_754588003684264718_n-600x400.jpg 600w, https:\/\/elmetropolitano.com.gt\/es\/wp-content\/uploads\/2023\/08\/366748395_766696968789722_754588003684264718_n.jpg 1286w\" sizes=\"auto, (max-width: 1024px) 100vw, 1024px\" \/><\/figure>\n\n\n\n<figure class=\"wp-block-image size-large\"><img loading=\"lazy\" decoding=\"async\" width=\"1024\" height=\"683\" data-id=\"71433\" src=\"https:\/\/elmetropolitano.com.gt\/es\/wp-content\/uploads\/2023\/08\/367439866_766696975456388_1620966569072016174_n-1024x683.jpg\" alt=\"\" class=\"wp-image-71433\" srcset=\"https:\/\/elmetropolitano.com.gt\/es\/wp-content\/uploads\/2023\/08\/367439866_766696975456388_1620966569072016174_n-1024x683.jpg 1024w, https:\/\/elmetropolitano.com.gt\/es\/wp-content\/uploads\/2023\/08\/367439866_766696975456388_1620966569072016174_n-300x200.jpg 300w, https:\/\/elmetropolitano.com.gt\/es\/wp-content\/uploads\/2023\/08\/367439866_766696975456388_1620966569072016174_n-768x512.jpg 768w, https:\/\/elmetropolitano.com.gt\/es\/wp-content\/uploads\/2023\/08\/367439866_766696975456388_1620966569072016174_n-600x400.jpg 600w, https:\/\/elmetropolitano.com.gt\/es\/wp-content\/uploads\/2023\/08\/367439866_766696975456388_1620966569072016174_n.jpg 1368w\" sizes=\"auto, (max-width: 1024px) 100vw, 1024px\" \/><\/figure>\n<\/figure>\n","protected":false},"excerpt":{"rendered":"<p>La presidenta del Consejo Nacional de Atenci\u00f3n para las personas con Discapacidad (CONADI),Claribel Castillo y Gloria Serrano de la Direcci\u00f3n de normatividad y regulaci\u00f3n de atenci\u00f3n a las personas con discapacidad del Ministerio de Salud, informaron que se ha avanzado sobre la ley de certificaci\u00f3n para personas con discapacidad. Sus declaraciones se dieron al momento <a class=\"read-more\" href=\"https:\/\/elmetropolitano.com.gt\/es\/conadi-informa-sobre-ley-de-certificacion-para-personas-con-discapacidad\/\">Leer m\u00e1s<\/a><\/p>\n","protected":false},"author":1,"featured_media":71431,"comment_status":"open","ping_status":"closed","sticky":false,"template":"","format":"standard","meta":{"footnotes":""},"categories":[2],"tags":[12],"class_list":["post-71430","post","type-post","status-publish","format-standard","has-post-thumbnail","hentry","category-nacionales","tag-nacionales"],"_links":{"self":[{"href":"https:\/\/elmetropolitano.com.gt\/es\/wp-json\/wp\/v2\/posts\/71430","targetHints":{"allow":["GET"]}}],"collection":[{"href":"https:\/\/elmetropolitano.com.gt\/es\/wp-json\/wp\/v2\/posts"}],"about":[{"href":"https:\/\/elmetropolitano.com.gt\/es\/wp-json\/wp\/v2\/types\/post"}],"author":[{"embeddable":true,"href":"https:\/\/elmetropolitano.com.gt\/es\/wp-json\/wp\/v2\/users\/1"}],"replies":[{"embeddable":true,"href":"https:\/\/elmetropolitano.com.gt\/es\/wp-json\/wp\/v2\/comments?post=71430"}],"version-history":[{"count":1,"href":"https:\/\/elmetropolitano.com.gt\/es\/wp-json\/wp\/v2\/posts\/71430\/revisions"}],"predecessor-version":[{"id":71435,"href":"https:\/\/elmetropolitano.com.gt\/es\/wp-json\/wp\/v2\/posts\/71430\/revisions\/71435"}],"wp:featuredmedia":[{"embeddable":true,"href":"https:\/\/elmetropolitano.com.gt\/es\/wp-json\/wp\/v2\/media\/71431"}],"wp:attachment":[{"href":"https:\/\/elmetropolitano.com.gt\/es\/wp-json\/wp\/v2\/media?parent=71430"}],"wp:term":[{"taxonomy":"category","embeddable":true,"href":"https:\/\/elmetropolitano.com.gt\/es\/wp-json\/wp\/v2\/categories?post=71430"},{"taxonomy":"post_tag","embeddable":true,"href":"https:\/\/elmetropolitano.com.gt\/es\/wp-json\/wp\/v2\/tags?post=71430"}],"curies":[{"name":"wp","href":"https:\/\/api.w.org\/{rel}","templated":true}]}}