{"id":71436,"date":"2023-08-22T23:36:58","date_gmt":"2023-08-23T05:36:58","guid":{"rendered":"https:\/\/elmetropolitano.com.gt\/es\/?p=71436"},"modified":"2023-08-22T23:36:59","modified_gmt":"2023-08-23T05:36:59","slug":"sin-renuncia-aun-del-diputado-y-presidente-electo","status":"publish","type":"post","link":"https:\/\/elmetropolitano.com.gt\/es\/sin-renuncia-aun-del-diputado-y-presidente-electo\/","title":{"rendered":"Sin renuncia, a\u00fan del diputado y presidente electo"},"content":{"rendered":"\n<p>La diputada Hern\u00e1ndez inform\u00f3 que Semilla tiene un equipo que est\u00e1 trabajando al lado del diputado Bernardo Ar\u00e9valo, para la planificaci\u00f3n de echar a andar el gobierno, ahora que el mencionado gan\u00f3 la presidencia de la Rep\u00fablica.<\/p>\n\n\n\n<p>Sin <a><\/a>embargo, Ar\u00e9valo es quien personalmente va a tomar la decisi\u00f3n con su equipo de renunciar. Por aparte, inform\u00f3 que la actividad de celebraci\u00f3n hoy por la tarde, se suspendi\u00f3 por motivos de organizaci\u00f3n.<\/p><div class=\"elmet-contenido\" id=\"elmet-3000887379\"><div class=\"elmet-adlabel\">Anuncios<\/div><div style=\"margin-top: 20px;margin-right: 20px;margin-bottom: 20px;margin-left: 20px;\" id=\"elmet-742009502\"><a href=\"https:\/\/www.facebook.com\/arrincuanantigua\/\" aria-label=\"cintillo-arrin-cual\"><img loading=\"lazy\" decoding=\"async\" src=\"https:\/\/elmetropolitano.com.gt\/es\/wp-content\/uploads\/2021\/11\/cintillo-arrin-cual-1.jpg\" alt=\"\"  srcset=\"https:\/\/elmetropolitano.com.gt\/es\/wp-content\/uploads\/2021\/11\/cintillo-arrin-cual-1.jpg 750w, https:\/\/elmetropolitano.com.gt\/es\/wp-content\/uploads\/2021\/11\/cintillo-arrin-cual-1-300x36.jpg 300w, https:\/\/elmetropolitano.com.gt\/es\/wp-content\/uploads\/2021\/11\/cintillo-arrin-cual-1-600x72.jpg 600w\" sizes=\"(max-width: 750px) 100vw, 750px\" width=\"750\" height=\"90\"   \/><\/a><\/div><\/div>\n\n\n\n<p>Texto Francisco Javier Hurtarte<\/p>\n\n\n\n<p><\/p>\n","protected":false},"excerpt":{"rendered":"<p>La diputada Hern\u00e1ndez inform\u00f3 que Semilla tiene un equipo que est\u00e1 trabajando al lado del diputado Bernardo Ar\u00e9valo, para la planificaci\u00f3n de echar a andar el gobierno, ahora que el mencionado gan\u00f3 la presidencia de la Rep\u00fablica. Sin embargo, Ar\u00e9valo es quien personalmente va a tomar la decisi\u00f3n con su equipo de renunciar. Por aparte, <a class=\"read-more\" href=\"https:\/\/elmetropolitano.com.gt\/es\/sin-renuncia-aun-del-diputado-y-presidente-electo\/\">Leer m\u00e1s<\/a><\/p>\n","protected":false},"author":1,"featured_media":71437,"comment_status":"open","ping_status":"closed","sticky":false,"template":"","format":"standard","meta":{"footnotes":""},"categories":[2],"tags":[12],"class_list":["post-71436","post","type-post","status-publish","format-standard","has-post-thumbnail","hentry","category-nacionales","tag-nacionales"],"_links":{"self":[{"href":"https:\/\/elmetropolitano.com.gt\/es\/wp-json\/wp\/v2\/posts\/71436","targetHints":{"allow":["GET"]}}],"collection":[{"href":"https:\/\/elmetropolitano.com.gt\/es\/wp-json\/wp\/v2\/posts"}],"about":[{"href":"https:\/\/elmetropolitano.com.gt\/es\/wp-json\/wp\/v2\/types\/post"}],"author":[{"embeddable":true,"href":"https:\/\/elmetropolitano.com.gt\/es\/wp-json\/wp\/v2\/users\/1"}],"replies":[{"embeddable":true,"href":"https:\/\/elmetropolitano.com.gt\/es\/wp-json\/wp\/v2\/comments?post=71436"}],"version-history":[{"count":1,"href":"https:\/\/elmetropolitano.com.gt\/es\/wp-json\/wp\/v2\/posts\/71436\/revisions"}],"predecessor-version":[{"id":71438,"href":"https:\/\/elmetropolitano.com.gt\/es\/wp-json\/wp\/v2\/posts\/71436\/revisions\/71438"}],"wp:featuredmedia":[{"embeddable":true,"href":"https:\/\/elmetropolitano.com.gt\/es\/wp-json\/wp\/v2\/media\/71437"}],"wp:attachment":[{"href":"https:\/\/elmetropolitano.com.gt\/es\/wp-json\/wp\/v2\/media?parent=71436"}],"wp:term":[{"taxonomy":"category","embeddable":true,"href":"https:\/\/elmetropolitano.com.gt\/es\/wp-json\/wp\/v2\/categories?post=71436"},{"taxonomy":"post_tag","embeddable":true,"href":"https:\/\/elmetropolitano.com.gt\/es\/wp-json\/wp\/v2\/tags?post=71436"}],"curies":[{"name":"wp","href":"https:\/\/api.w.org\/{rel}","templated":true}]}}