{"id":71559,"date":"2023-08-26T09:36:24","date_gmt":"2023-08-26T15:36:24","guid":{"rendered":"https:\/\/elmetropolitano.com.gt\/es\/?p=71559"},"modified":"2023-08-26T09:36:26","modified_gmt":"2023-08-26T15:36:26","slug":"entregan-dos-nuevas-escuelas-tecnicas-de-campo-para-alimentacion-escolar-en-quiche","status":"publish","type":"post","link":"https:\/\/elmetropolitano.com.gt\/es\/entregan-dos-nuevas-escuelas-tecnicas-de-campo-para-alimentacion-escolar-en-quiche\/","title":{"rendered":"Entregan dos nuevas escuelas t\u00e9cnicas de campo para alimentaci\u00f3n escolar en Quich\u00e9"},"content":{"rendered":"\n<p>El Ministerio de Agricultura Ganader\u00eda y Alimentaci\u00f3n (MAGA) junto con el Ministerio de Educaci\u00f3n (Mineduc) entregaron dos escuelas t\u00e9cnicas de campo para la alimentaci\u00f3n escolar (ETCAE) en Quich\u00e9.<\/p>\n\n\n\n<p>Estas tienen como objetivo brindar orientaci\u00f3n agropecuaria y crear especialistas t\u00e9cnicos para el aprovechamiento de los recursos, en el marco del Programa de Alimentaci\u00f3n Escolar (PAE).<\/p><div class=\"elmet-contenido\" id=\"elmet-3208452674\"><div class=\"elmet-adlabel\">Anuncios<\/div><div style=\"margin-top: 20px;margin-right: 20px;margin-bottom: 20px;margin-left: 20px;\" id=\"elmet-3170255565\"><a href=\"https:\/\/www.facebook.com\/arrincuanantigua\/\" aria-label=\"cintillo-arrin-cual\"><img loading=\"lazy\" decoding=\"async\" src=\"https:\/\/elmetropolitano.com.gt\/es\/wp-content\/uploads\/2021\/11\/cintillo-arrin-cual-1.jpg\" alt=\"\"  srcset=\"https:\/\/elmetropolitano.com.gt\/es\/wp-content\/uploads\/2021\/11\/cintillo-arrin-cual-1.jpg 750w, https:\/\/elmetropolitano.com.gt\/es\/wp-content\/uploads\/2021\/11\/cintillo-arrin-cual-1-300x36.jpg 300w, https:\/\/elmetropolitano.com.gt\/es\/wp-content\/uploads\/2021\/11\/cintillo-arrin-cual-1-600x72.jpg 600w\" sizes=\"(max-width: 750px) 100vw, 750px\" width=\"750\" height=\"90\"   \/><\/a><\/div><\/div>\n\n\n\n<p><a><\/a>Adem\u00e1s, en estas escuelas, los asistentes podr\u00e1n recibir un proceso de formaci\u00f3n, actualizaci\u00f3n y tecnificaci\u00f3n de capacidades en \u00e1reas agropecuarias.<\/p>\n\n\n\n<p>Durante todo el proceso se incluyen los siguientes m\u00f3dulos:<\/p>\n\n\n\n<p>lectura<\/p>\n\n\n\n<p>escritura<\/p>\n\n\n\n<p>matem\u00e1tica<\/p>\n\n\n\n<p>formaci\u00f3n t\u00e9cnica<\/p>\n\n\n\n<p>Tambi\u00e9n se tendr\u00e1 la oportunidad de acceder a modalidades flexibles de educaci\u00f3n extraescolar para quienes necesiten fortalecer estas \u00e1reas b\u00e1sicas en su formaci\u00f3n.<\/p>\n\n\n\n<p>Asimismo, el proyecto es apoyado por:<\/p>\n\n\n\n<p>Salva a los ni\u00f1os<\/p>\n\n\n\n<p>Departamento de Agricultura de Estados Unidos<\/p>\n\n\n\n<p>municipalidades de Chajul y Uspant\u00e1n, Quich\u00e9<\/p>\n\n\n\n<p>Certificaci\u00f3n<\/p>\n\n\n\n<p>El objetivo es acreditar y certificar las competencias t\u00e9cnico-laborales en el \u00e1rea agr\u00edcola y pecuaria.<\/p>\n\n\n\n<p>Adem\u00e1s, los agricultores que se grad\u00faen en estas escuelas tendr\u00e1n una certificaci\u00f3n del Mineduc que los acreditar\u00e1 como Productores Agropecuarios con Especialidad en Alimentaci\u00f3n Escolar.<\/p>\n\n\n\n<p>Metas<\/p>\n\n\n\n<p>Autoridades mencionan que se tiene como meta graduar dos promociones por a\u00f1o y que se tenga una participaci\u00f3n promedio de 80 productores en cada una de las promociones.<\/p>\n\n\n\n<p>En cuanto a lo que obtendr\u00e1n los aprendices, el viceministro del Seguridad Alimentaria y Nutricional del MAGA indic\u00f3:<\/p>\n\n\n\n<p>Al salir de estas escuelas, los agricultores podr\u00e1n producir en invernaderos y macrot\u00faneles. Sabr\u00e1n manejar parcelas agroecol\u00f3gicas, agroforestales y conservaci\u00f3n de suelos, implementar\u00e1n viveros frutales, medicinales, forestales y, por su puesto, se fomentar\u00e1 la producci\u00f3n pecuaria con conejos y aves.<\/p>\n\n\n\n<p>Posteriormente, la ministra de Educaci\u00f3n dijo en su discurso:<\/p>\n\n\n\n<p>Esta infraestructura que se est\u00e1 entregando y poniendo a disposici\u00f3n de nuestros estudiantes es en el marco de la educaci\u00f3n extraescolar.<\/p>\n\n\n\n<p>Cada d\u00eda, con estos nuevos proyectos son m\u00e1s las familias productoras que mejoran sus condiciones de vida y generan nuevas oportunidades de desarrollo rural en beneficio del sector agropecuario de Guatemala<\/p>\n\n\n\n<p>Texto: Kevin Castillo<\/p>\n\n\n\n<figure class=\"wp-block-gallery has-nested-images columns-default is-cropped wp-block-gallery-1 is-layout-flex wp-block-gallery-is-layout-flex\">\n<figure class=\"wp-block-image size-large\"><img loading=\"lazy\" decoding=\"async\" width=\"1024\" height=\"685\" data-id=\"71561\" src=\"https:\/\/elmetropolitano.com.gt\/es\/wp-content\/uploads\/2023\/08\/367112502_768644695261616_7481806117966993707_n-1024x685.jpg\" alt=\"\" class=\"wp-image-71561\" srcset=\"https:\/\/elmetropolitano.com.gt\/es\/wp-content\/uploads\/2023\/08\/367112502_768644695261616_7481806117966993707_n-1024x685.jpg 1024w, https:\/\/elmetropolitano.com.gt\/es\/wp-content\/uploads\/2023\/08\/367112502_768644695261616_7481806117966993707_n-300x201.jpg 300w, https:\/\/elmetropolitano.com.gt\/es\/wp-content\/uploads\/2023\/08\/367112502_768644695261616_7481806117966993707_n-768x514.jpg 768w, https:\/\/elmetropolitano.com.gt\/es\/wp-content\/uploads\/2023\/08\/367112502_768644695261616_7481806117966993707_n-600x402.jpg 600w, https:\/\/elmetropolitano.com.gt\/es\/wp-content\/uploads\/2023\/08\/367112502_768644695261616_7481806117966993707_n.jpg 1237w\" sizes=\"auto, (max-width: 1024px) 100vw, 1024px\" \/><\/figure>\n\n\n\n<figure class=\"wp-block-image size-large\"><img loading=\"lazy\" decoding=\"async\" width=\"1024\" height=\"683\" data-id=\"71562\" src=\"https:\/\/elmetropolitano.com.gt\/es\/wp-content\/uploads\/2023\/08\/367457283_768644458594973_1114666165160276678_n-1024x683.jpg\" alt=\"\" class=\"wp-image-71562\" srcset=\"https:\/\/elmetropolitano.com.gt\/es\/wp-content\/uploads\/2023\/08\/367457283_768644458594973_1114666165160276678_n-1024x683.jpg 1024w, https:\/\/elmetropolitano.com.gt\/es\/wp-content\/uploads\/2023\/08\/367457283_768644458594973_1114666165160276678_n-300x200.jpg 300w, https:\/\/elmetropolitano.com.gt\/es\/wp-content\/uploads\/2023\/08\/367457283_768644458594973_1114666165160276678_n-768x512.jpg 768w, https:\/\/elmetropolitano.com.gt\/es\/wp-content\/uploads\/2023\/08\/367457283_768644458594973_1114666165160276678_n-600x400.jpg 600w, https:\/\/elmetropolitano.com.gt\/es\/wp-content\/uploads\/2023\/08\/367457283_768644458594973_1114666165160276678_n.jpg 1244w\" sizes=\"auto, (max-width: 1024px) 100vw, 1024px\" \/><\/figure>\n\n\n\n<figure class=\"wp-block-image size-large\"><img loading=\"lazy\" decoding=\"async\" width=\"1024\" height=\"512\" data-id=\"71563\" src=\"https:\/\/elmetropolitano.com.gt\/es\/wp-content\/uploads\/2023\/08\/367484930_768644701928282_4815490383507310543_n-1024x512.jpg\" alt=\"\" class=\"wp-image-71563\" srcset=\"https:\/\/elmetropolitano.com.gt\/es\/wp-content\/uploads\/2023\/08\/367484930_768644701928282_4815490383507310543_n-1024x512.jpg 1024w, https:\/\/elmetropolitano.com.gt\/es\/wp-content\/uploads\/2023\/08\/367484930_768644701928282_4815490383507310543_n-300x150.jpg 300w, https:\/\/elmetropolitano.com.gt\/es\/wp-content\/uploads\/2023\/08\/367484930_768644701928282_4815490383507310543_n-768x384.jpg 768w, https:\/\/elmetropolitano.com.gt\/es\/wp-content\/uploads\/2023\/08\/367484930_768644701928282_4815490383507310543_n-600x300.jpg 600w, https:\/\/elmetropolitano.com.gt\/es\/wp-content\/uploads\/2023\/08\/367484930_768644701928282_4815490383507310543_n.jpg 1140w\" sizes=\"auto, (max-width: 1024px) 100vw, 1024px\" \/><\/figure>\n<\/figure>\n","protected":false},"excerpt":{"rendered":"<p>El Ministerio de Agricultura Ganader\u00eda y Alimentaci\u00f3n (MAGA) junto con el Ministerio de Educaci\u00f3n (Mineduc) entregaron dos escuelas t\u00e9cnicas de campo para la alimentaci\u00f3n escolar (ETCAE) en Quich\u00e9. Estas tienen como objetivo brindar orientaci\u00f3n agropecuaria y crear especialistas t\u00e9cnicos para el aprovechamiento de los recursos, en el marco del Programa de Alimentaci\u00f3n Escolar (PAE). Adem\u00e1s, <a class=\"read-more\" href=\"https:\/\/elmetropolitano.com.gt\/es\/entregan-dos-nuevas-escuelas-tecnicas-de-campo-para-alimentacion-escolar-en-quiche\/\">Leer m\u00e1s<\/a><\/p>\n","protected":false},"author":1,"featured_media":71560,"comment_status":"open","ping_status":"closed","sticky":false,"template":"","format":"standard","meta":{"footnotes":""},"categories":[4],"tags":[13],"class_list":["post-71559","post","type-post","status-publish","format-standard","has-post-thumbnail","hentry","category-departamentales","tag-departamentales"],"_links":{"self":[{"href":"https:\/\/elmetropolitano.com.gt\/es\/wp-json\/wp\/v2\/posts\/71559","targetHints":{"allow":["GET"]}}],"collection":[{"href":"https:\/\/elmetropolitano.com.gt\/es\/wp-json\/wp\/v2\/posts"}],"about":[{"href":"https:\/\/elmetropolitano.com.gt\/es\/wp-json\/wp\/v2\/types\/post"}],"author":[{"embeddable":true,"href":"https:\/\/elmetropolitano.com.gt\/es\/wp-json\/wp\/v2\/users\/1"}],"replies":[{"embeddable":true,"href":"https:\/\/elmetropolitano.com.gt\/es\/wp-json\/wp\/v2\/comments?post=71559"}],"version-history":[{"count":1,"href":"https:\/\/elmetropolitano.com.gt\/es\/wp-json\/wp\/v2\/posts\/71559\/revisions"}],"predecessor-version":[{"id":71564,"href":"https:\/\/elmetropolitano.com.gt\/es\/wp-json\/wp\/v2\/posts\/71559\/revisions\/71564"}],"wp:featuredmedia":[{"embeddable":true,"href":"https:\/\/elmetropolitano.com.gt\/es\/wp-json\/wp\/v2\/media\/71560"}],"wp:attachment":[{"href":"https:\/\/elmetropolitano.com.gt\/es\/wp-json\/wp\/v2\/media?parent=71559"}],"wp:term":[{"taxonomy":"category","embeddable":true,"href":"https:\/\/elmetropolitano.com.gt\/es\/wp-json\/wp\/v2\/categories?post=71559"},{"taxonomy":"post_tag","embeddable":true,"href":"https:\/\/elmetropolitano.com.gt\/es\/wp-json\/wp\/v2\/tags?post=71559"}],"curies":[{"name":"wp","href":"https:\/\/api.w.org\/{rel}","templated":true}]}}