{"id":71652,"date":"2023-08-30T09:16:41","date_gmt":"2023-08-30T15:16:41","guid":{"rendered":"https:\/\/elmetropolitano.com.gt\/es\/?p=71652"},"modified":"2023-08-30T09:16:44","modified_gmt":"2023-08-30T15:16:44","slug":"aromas-ahora-en-oakland-mall","status":"publish","type":"post","link":"https:\/\/elmetropolitano.com.gt\/es\/aromas-ahora-en-oakland-mall\/","title":{"rendered":"Aromas ahora en Oakland Mall"},"content":{"rendered":"\n<p>Con el fin de expandir su lema \u201cbienestar en cada gota\u201d y de ofrecer sus productos a nivel internacional, la marca costarricense Aromas, luego de su apertura en Miraflores busca estar m\u00e1s cerca del mercado guatemalteco, por lo que sigue expandi\u00e9ndose y abre su segunda tienda en el Centro Comercial Oakland Mall.<\/p>\n\n\n\n<p>Aromas se define por la autenticidad, pasi\u00f3n, altos est\u00e1ndares de calidad y trabajo en equipo; adem\u00e1s de brindar una experiencia de <a><\/a>bienestar, relajaci\u00f3n y belleza natural a cada cliente. \u201cContinuaremos ampliando nuestro cat\u00e1logo para ofrecer el producto perfecto para cada necesidad en el mercado de Costa Rica y Guatemala\u201d, indic\u00f3 Andrea Becerra, Fundadora y Gerente de Innovaci\u00f3n de Aromas.<\/p><div class=\"elmet-contenido\" id=\"elmet-2475800316\"><div class=\"elmet-adlabel\">Anuncios<\/div><div style=\"margin-top: 20px;margin-right: 20px;margin-bottom: 20px;margin-left: 20px;\" id=\"elmet-3717012239\"><a href=\"https:\/\/www.facebook.com\/arrincuanantigua\/\" aria-label=\"cintillo-arrin-cual\"><img loading=\"lazy\" decoding=\"async\" src=\"https:\/\/elmetropolitano.com.gt\/es\/wp-content\/uploads\/2021\/11\/cintillo-arrin-cual-1.jpg\" alt=\"\"  srcset=\"https:\/\/elmetropolitano.com.gt\/es\/wp-content\/uploads\/2021\/11\/cintillo-arrin-cual-1.jpg 750w, https:\/\/elmetropolitano.com.gt\/es\/wp-content\/uploads\/2021\/11\/cintillo-arrin-cual-1-300x36.jpg 300w, https:\/\/elmetropolitano.com.gt\/es\/wp-content\/uploads\/2021\/11\/cintillo-arrin-cual-1-600x72.jpg 600w\" sizes=\"(max-width: 750px) 100vw, 750px\" width=\"750\" height=\"90\"   \/><\/a><\/div><\/div>\n\n\n\n<p>Los productos de Aromas son 100% veganos, con su uso las personas mejorar\u00e1n su calidad de vida, aplicando los distintos beneficios que ofrecen. \u201cContamos con un producto para cada gusto, necesidad, presupuesto y miembro de la familia. Hombres, mujeres y ni\u00f1os pueden disfrutar de las distintas l\u00edneas que Aromas ofrece en el mercado nacional\u201d, resalt\u00f3 Becerra.<\/p>\n\n\n\n<p>Aromas cuenta con diversas l\u00edneas de aromaterapia, entre ellas: para el cuidado facial, corporal, para el hogar, para el cabello y para la relajaci\u00f3n. Todos los productos de la marca son ideales para todo tipo de piel ya que son trabajados a base de materias primas naturales, org\u00e1nicas, amigables con el medio ambiente al ser biodegradables y libres de crueldad animal. Adem\u00e1s, no contienen fragancias qu\u00edmicas, colorantes ni derivados del petr\u00f3leo, lo que garantiza el cuidado efectivo de la piel. Sus empaques son fabricados con resina, vidrio, cart\u00f3n y que se degradan r\u00e1pidamente.<\/p>\n\n\n\n<p>La marca cuenta con el respaldo de Andrea Becerra, aromaterapeuta certificada en New York Institute of Aromatic Studies, avalada por la National Association of Holistic Aromatherapy (NAHA) de Estados Unidos.<\/p>\n\n\n\n<p>\u201cAromas es una marca espont\u00e1nea, natural y aut\u00e9ntica, liderada por la pasi\u00f3n, con el prop\u00f3sito de promover el bienestar y que las personas tengan acceso a la salud integral\u201d concluy\u00f3 Andrea Becerra<\/p>\n\n\n\n<p><a href=\"https:\/\/www.facebook.com\/hashtag\/aromas?__eep__=6&amp;__cft__[0]=AZU12JhS7qXoXePOebFS7TKqdS5dEdTMVxeCjsbBL_Ehfl76Oz5qzsYIcK8TW0SCdRlHZCcggSWURXVHNgqOQKq3poDIfHoNrocniQmwytW2K97TvrSxX0lsnK5CTd1tq8DELcKskhUAGB4Z26wl5Cem2wbdwWuQbG-CNgoe3PSmXC9awRHfOYT3JeD0ztltq3s&amp;__tn__=*NK-R\">#aromas<\/a><a href=\"https:\/\/www.facebook.com\/hashtag\/oaklandmall?__eep__=6&amp;__cft__[0]=AZU12JhS7qXoXePOebFS7TKqdS5dEdTMVxeCjsbBL_Ehfl76Oz5qzsYIcK8TW0SCdRlHZCcggSWURXVHNgqOQKq3poDIfHoNrocniQmwytW2K97TvrSxX0lsnK5CTd1tq8DELcKskhUAGB4Z26wl5Cem2wbdwWuQbG-CNgoe3PSmXC9awRHfOYT3JeD0ztltq3s&amp;__tn__=*NK-R\">#OaklandMall<\/a><a href=\"https:\/\/www.facebook.com\/hashtag\/metroredes?__eep__=6&amp;__cft__[0]=AZU12JhS7qXoXePOebFS7TKqdS5dEdTMVxeCjsbBL_Ehfl76Oz5qzsYIcK8TW0SCdRlHZCcggSWURXVHNgqOQKq3poDIfHoNrocniQmwytW2K97TvrSxX0lsnK5CTd1tq8DELcKskhUAGB4Z26wl5Cem2wbdwWuQbG-CNgoe3PSmXC9awRHfOYT3JeD0ztltq3s&amp;__tn__=*NK-R\">#metroredes<\/a><\/p>\n\n\n\n<figure class=\"wp-block-gallery has-nested-images columns-default is-cropped wp-block-gallery-1 is-layout-flex wp-block-gallery-is-layout-flex\">\n<figure class=\"wp-block-image size-large\"><img loading=\"lazy\" decoding=\"async\" width=\"684\" height=\"1024\" data-id=\"71655\" src=\"https:\/\/elmetropolitano.com.gt\/es\/wp-content\/uploads\/2023\/08\/367484415_771069655019120_4281567764955206186_n-684x1024.jpg\" alt=\"\" class=\"wp-image-71655\" srcset=\"https:\/\/elmetropolitano.com.gt\/es\/wp-content\/uploads\/2023\/08\/367484415_771069655019120_4281567764955206186_n-684x1024.jpg 684w, https:\/\/elmetropolitano.com.gt\/es\/wp-content\/uploads\/2023\/08\/367484415_771069655019120_4281567764955206186_n-200x300.jpg 200w, https:\/\/elmetropolitano.com.gt\/es\/wp-content\/uploads\/2023\/08\/367484415_771069655019120_4281567764955206186_n-768x1150.jpg 768w, https:\/\/elmetropolitano.com.gt\/es\/wp-content\/uploads\/2023\/08\/367484415_771069655019120_4281567764955206186_n-1026x1536.jpg 1026w, https:\/\/elmetropolitano.com.gt\/es\/wp-content\/uploads\/2023\/08\/367484415_771069655019120_4281567764955206186_n-600x898.jpg 600w, https:\/\/elmetropolitano.com.gt\/es\/wp-content\/uploads\/2023\/08\/367484415_771069655019120_4281567764955206186_n.jpg 1368w\" sizes=\"auto, (max-width: 684px) 100vw, 684px\" \/><\/figure>\n\n\n\n<figure class=\"wp-block-image size-large\"><img loading=\"lazy\" decoding=\"async\" width=\"684\" height=\"1024\" data-id=\"71654\" src=\"https:\/\/elmetropolitano.com.gt\/es\/wp-content\/uploads\/2023\/08\/367493085_771069661685786_5243289819623559046_n-684x1024.jpg\" alt=\"\" class=\"wp-image-71654\" srcset=\"https:\/\/elmetropolitano.com.gt\/es\/wp-content\/uploads\/2023\/08\/367493085_771069661685786_5243289819623559046_n-684x1024.jpg 684w, https:\/\/elmetropolitano.com.gt\/es\/wp-content\/uploads\/2023\/08\/367493085_771069661685786_5243289819623559046_n-200x300.jpg 200w, https:\/\/elmetropolitano.com.gt\/es\/wp-content\/uploads\/2023\/08\/367493085_771069661685786_5243289819623559046_n-768x1150.jpg 768w, https:\/\/elmetropolitano.com.gt\/es\/wp-content\/uploads\/2023\/08\/367493085_771069661685786_5243289819623559046_n-1026x1536.jpg 1026w, https:\/\/elmetropolitano.com.gt\/es\/wp-content\/uploads\/2023\/08\/367493085_771069661685786_5243289819623559046_n-600x898.jpg 600w, https:\/\/elmetropolitano.com.gt\/es\/wp-content\/uploads\/2023\/08\/367493085_771069661685786_5243289819623559046_n.jpg 1368w\" sizes=\"auto, (max-width: 684px) 100vw, 684px\" \/><\/figure>\n<\/figure>\n","protected":false},"excerpt":{"rendered":"<p>Con el fin de expandir su lema \u201cbienestar en cada gota\u201d y de ofrecer sus productos a nivel internacional, la marca costarricense Aromas, luego de su apertura en Miraflores busca estar m\u00e1s cerca del mercado guatemalteco, por lo que sigue expandi\u00e9ndose y abre su segunda tienda en el Centro Comercial Oakland Mall. Aromas se define <a class=\"read-more\" href=\"https:\/\/elmetropolitano.com.gt\/es\/aromas-ahora-en-oakland-mall\/\">Leer m\u00e1s<\/a><\/p>\n","protected":false},"author":1,"featured_media":71653,"comment_status":"open","ping_status":"closed","sticky":false,"template":"","format":"standard","meta":{"footnotes":""},"categories":[31],"tags":[32],"class_list":["post-71652","post","type-post","status-publish","format-standard","has-post-thumbnail","hentry","category-metroimpulso","tag-metroimpulso"],"_links":{"self":[{"href":"https:\/\/elmetropolitano.com.gt\/es\/wp-json\/wp\/v2\/posts\/71652","targetHints":{"allow":["GET"]}}],"collection":[{"href":"https:\/\/elmetropolitano.com.gt\/es\/wp-json\/wp\/v2\/posts"}],"about":[{"href":"https:\/\/elmetropolitano.com.gt\/es\/wp-json\/wp\/v2\/types\/post"}],"author":[{"embeddable":true,"href":"https:\/\/elmetropolitano.com.gt\/es\/wp-json\/wp\/v2\/users\/1"}],"replies":[{"embeddable":true,"href":"https:\/\/elmetropolitano.com.gt\/es\/wp-json\/wp\/v2\/comments?post=71652"}],"version-history":[{"count":1,"href":"https:\/\/elmetropolitano.com.gt\/es\/wp-json\/wp\/v2\/posts\/71652\/revisions"}],"predecessor-version":[{"id":71656,"href":"https:\/\/elmetropolitano.com.gt\/es\/wp-json\/wp\/v2\/posts\/71652\/revisions\/71656"}],"wp:featuredmedia":[{"embeddable":true,"href":"https:\/\/elmetropolitano.com.gt\/es\/wp-json\/wp\/v2\/media\/71653"}],"wp:attachment":[{"href":"https:\/\/elmetropolitano.com.gt\/es\/wp-json\/wp\/v2\/media?parent=71652"}],"wp:term":[{"taxonomy":"category","embeddable":true,"href":"https:\/\/elmetropolitano.com.gt\/es\/wp-json\/wp\/v2\/categories?post=71652"},{"taxonomy":"post_tag","embeddable":true,"href":"https:\/\/elmetropolitano.com.gt\/es\/wp-json\/wp\/v2\/tags?post=71652"}],"curies":[{"name":"wp","href":"https:\/\/api.w.org\/{rel}","templated":true}]}}