{"id":71696,"date":"2023-08-30T09:30:48","date_gmt":"2023-08-30T15:30:48","guid":{"rendered":"https:\/\/elmetropolitano.com.gt\/es\/?p=71696"},"modified":"2023-08-30T09:30:51","modified_gmt":"2023-08-30T15:30:51","slug":"mintrab-presenta-plataforma-electronica-orientacion-laboral","status":"publish","type":"post","link":"https:\/\/elmetropolitano.com.gt\/es\/mintrab-presenta-plataforma-electronica-orientacion-laboral\/","title":{"rendered":"Mintrab presenta plataforma electr\u00f3nica Orientaci\u00f3n Laboral"},"content":{"rendered":"\n<p>El Ministerio de Trabajo y Previsi\u00f3n Social (Mintrab) present\u00f3 la nueva plataforma electr\u00f3nica Orientaci\u00f3n Laboral.<\/p>\n\n\n\n<p>Esta herramienta tiene como objetivo brindar a la poblaci\u00f3n que busca empleo consejos \u00fatiles sobre c\u00f3mo hacer una b\u00fasqueda laboral activa y efectiva. Dicha plataforma se desarrolla por medio del Servicio Nacional de Empleo (SNE) a cargo de la cartera de Trabajo.<\/p><div class=\"elmet-contenido\" id=\"elmet-4140743073\"><div class=\"elmet-adlabel\">Anuncios<\/div><div style=\"margin-top: 20px;margin-right: 20px;margin-bottom: 20px;margin-left: 20px;\" id=\"elmet-877786826\"><a href=\"https:\/\/www.facebook.com\/arrincuanantigua\/\" aria-label=\"cintillo-arrin-cual\"><img loading=\"lazy\" decoding=\"async\" src=\"https:\/\/elmetropolitano.com.gt\/es\/wp-content\/uploads\/2021\/11\/cintillo-arrin-cual-1.jpg\" alt=\"\"  srcset=\"https:\/\/elmetropolitano.com.gt\/es\/wp-content\/uploads\/2021\/11\/cintillo-arrin-cual-1.jpg 750w, https:\/\/elmetropolitano.com.gt\/es\/wp-content\/uploads\/2021\/11\/cintillo-arrin-cual-1-300x36.jpg 300w, https:\/\/elmetropolitano.com.gt\/es\/wp-content\/uploads\/2021\/11\/cintillo-arrin-cual-1-600x72.jpg 600w\" sizes=\"(max-width: 750px) 100vw, 750px\" width=\"750\" height=\"90\"   \/><\/a><\/div><\/div>\n\n\n\n<p>Ante <a><\/a>esto, la viceministra de Previsi\u00f3n Social y Empleo, Geovanna Salazar, explic\u00f3 que esto forma parte de las acciones que desarrolla el Mintrab en beneficio de la poblaci\u00f3n. En este sentido, mencion\u00f3:<\/p>\n\n\n\n<p>Es una de las plataformas que se suman a las diversas acciones que hemos emprendido a trav\u00e9s del Viceministerio de Previsi\u00f3n Social y Empleo. Esta plataforma digital ser\u00e1 muy \u00fatil para dar a conocer t\u00e9cnicas y habilidades que faciliten la b\u00fasqueda activa de empleo.<\/p>\n\n\n\n<p>Plataforma<\/p>\n\n\n\n<p>De acuerdo con el Mintrab, esta plataforma facilita el proceso de formaci\u00f3n en cuanto a orientaci\u00f3n laboral, la cual ofrece de manera gratuita el Servicio Nacional de Empleo.<\/p>\n\n\n\n<p>Esta nueva herramienta cuenta con un taller para la capacitaci\u00f3n en diversos m\u00f3dulos, enfocados en tres tipos de informaci\u00f3n indispensable para la b\u00fasqueda efectiva de empleo, estas son:<\/p>\n\n\n\n<p>elaboraci\u00f3n de hoja de vida<\/p>\n\n\n\n<p>maneras para presentarse a una entrevista<\/p>\n\n\n\n<p>habilidades blandas<\/p>\n\n\n\n<p>Para acceder a la plataforma, los interesados deben ingresar a la p\u00e1gina tuempleo.mintrabajo.gob.gt, registrarse y luego disfrutar de las ventajas que esta proporciona.<\/p>\n\n\n\n<p>El curso puede ser pausado y continuar en el momento que se considere adecuado. Al finalizar, el usuario podr\u00e1 descargar un certificado que hace constar su participaci\u00f3n en el taller de orientaci\u00f3n laboral. Este podr\u00eda ser adjuntado a su hoja de vida para fortalecerla.<\/p>\n\n\n\n<p>Con estas acciones se pretende abrir nuevas oportunidades para la poblaci\u00f3n y as\u00ed facilitar el acceso a fuentes de empleo sostenibles y formales. Especialmente para los nuevos ciudadanos que se insertan al sector laboral<\/p>\n\n\n\n<p>Texto Yuliza Mu\u00f1oz<\/p>\n\n\n\n<figure class=\"wp-block-gallery has-nested-images columns-default is-cropped wp-block-gallery-1 is-layout-flex wp-block-gallery-is-layout-flex\">\n<figure class=\"wp-block-image size-large\"><img loading=\"lazy\" decoding=\"async\" width=\"1024\" height=\"683\" data-id=\"71700\" src=\"https:\/\/elmetropolitano.com.gt\/es\/wp-content\/uploads\/2023\/08\/368365316_771386374987448_2564135325425252666_n-1024x683.jpg\" alt=\"\" class=\"wp-image-71700\" srcset=\"https:\/\/elmetropolitano.com.gt\/es\/wp-content\/uploads\/2023\/08\/368365316_771386374987448_2564135325425252666_n-1024x683.jpg 1024w, https:\/\/elmetropolitano.com.gt\/es\/wp-content\/uploads\/2023\/08\/368365316_771386374987448_2564135325425252666_n-300x200.jpg 300w, https:\/\/elmetropolitano.com.gt\/es\/wp-content\/uploads\/2023\/08\/368365316_771386374987448_2564135325425252666_n-768x512.jpg 768w, https:\/\/elmetropolitano.com.gt\/es\/wp-content\/uploads\/2023\/08\/368365316_771386374987448_2564135325425252666_n-600x400.jpg 600w, https:\/\/elmetropolitano.com.gt\/es\/wp-content\/uploads\/2023\/08\/368365316_771386374987448_2564135325425252666_n.jpg 1368w\" sizes=\"auto, (max-width: 1024px) 100vw, 1024px\" \/><\/figure>\n\n\n\n<figure class=\"wp-block-image size-large\"><img loading=\"lazy\" decoding=\"async\" width=\"1024\" height=\"683\" data-id=\"71698\" src=\"https:\/\/elmetropolitano.com.gt\/es\/wp-content\/uploads\/2023\/08\/368400668_771386268320792_2064331264823644796_n-1024x683.jpg\" alt=\"\" class=\"wp-image-71698\" srcset=\"https:\/\/elmetropolitano.com.gt\/es\/wp-content\/uploads\/2023\/08\/368400668_771386268320792_2064331264823644796_n-1024x683.jpg 1024w, https:\/\/elmetropolitano.com.gt\/es\/wp-content\/uploads\/2023\/08\/368400668_771386268320792_2064331264823644796_n-300x200.jpg 300w, https:\/\/elmetropolitano.com.gt\/es\/wp-content\/uploads\/2023\/08\/368400668_771386268320792_2064331264823644796_n-768x512.jpg 768w, https:\/\/elmetropolitano.com.gt\/es\/wp-content\/uploads\/2023\/08\/368400668_771386268320792_2064331264823644796_n-600x400.jpg 600w, https:\/\/elmetropolitano.com.gt\/es\/wp-content\/uploads\/2023\/08\/368400668_771386268320792_2064331264823644796_n.jpg 1368w\" sizes=\"auto, (max-width: 1024px) 100vw, 1024px\" \/><\/figure>\n\n\n\n<figure class=\"wp-block-image size-large\"><img loading=\"lazy\" decoding=\"async\" width=\"960\" height=\"640\" data-id=\"71699\" src=\"https:\/\/elmetropolitano.com.gt\/es\/wp-content\/uploads\/2023\/08\/370789616_771386121654140_48746383601229519_n.jpg\" alt=\"\" class=\"wp-image-71699\" srcset=\"https:\/\/elmetropolitano.com.gt\/es\/wp-content\/uploads\/2023\/08\/370789616_771386121654140_48746383601229519_n.jpg 960w, https:\/\/elmetropolitano.com.gt\/es\/wp-content\/uploads\/2023\/08\/370789616_771386121654140_48746383601229519_n-300x200.jpg 300w, https:\/\/elmetropolitano.com.gt\/es\/wp-content\/uploads\/2023\/08\/370789616_771386121654140_48746383601229519_n-768x512.jpg 768w, https:\/\/elmetropolitano.com.gt\/es\/wp-content\/uploads\/2023\/08\/370789616_771386121654140_48746383601229519_n-600x400.jpg 600w\" sizes=\"auto, (max-width: 960px) 100vw, 960px\" \/><\/figure>\n\n\n\n<figure class=\"wp-block-image size-large\"><img loading=\"lazy\" decoding=\"async\" width=\"1024\" height=\"682\" data-id=\"71701\" src=\"https:\/\/elmetropolitano.com.gt\/es\/wp-content\/uploads\/2023\/08\/371926951_771386274987458_294957744505489521_n-1024x682.jpg\" alt=\"\" class=\"wp-image-71701\" srcset=\"https:\/\/elmetropolitano.com.gt\/es\/wp-content\/uploads\/2023\/08\/371926951_771386274987458_294957744505489521_n-1024x682.jpg 1024w, https:\/\/elmetropolitano.com.gt\/es\/wp-content\/uploads\/2023\/08\/371926951_771386274987458_294957744505489521_n-300x200.jpg 300w, https:\/\/elmetropolitano.com.gt\/es\/wp-content\/uploads\/2023\/08\/371926951_771386274987458_294957744505489521_n-768x512.jpg 768w, https:\/\/elmetropolitano.com.gt\/es\/wp-content\/uploads\/2023\/08\/371926951_771386274987458_294957744505489521_n-1536x1023.jpg 1536w, https:\/\/elmetropolitano.com.gt\/es\/wp-content\/uploads\/2023\/08\/371926951_771386274987458_294957744505489521_n-600x400.jpg 600w, https:\/\/elmetropolitano.com.gt\/es\/wp-content\/uploads\/2023\/08\/371926951_771386274987458_294957744505489521_n.jpg 1600w\" sizes=\"auto, (max-width: 1024px) 100vw, 1024px\" \/><\/figure>\n<\/figure>\n","protected":false},"excerpt":{"rendered":"<p>El Ministerio de Trabajo y Previsi\u00f3n Social (Mintrab) present\u00f3 la nueva plataforma electr\u00f3nica Orientaci\u00f3n Laboral. Esta herramienta tiene como objetivo brindar a la poblaci\u00f3n que busca empleo consejos \u00fatiles sobre c\u00f3mo hacer una b\u00fasqueda laboral activa y efectiva. Dicha plataforma se desarrolla por medio del Servicio Nacional de Empleo (SNE) a cargo de la cartera <a class=\"read-more\" href=\"https:\/\/elmetropolitano.com.gt\/es\/mintrab-presenta-plataforma-electronica-orientacion-laboral\/\">Leer m\u00e1s<\/a><\/p>\n","protected":false},"author":1,"featured_media":71697,"comment_status":"open","ping_status":"closed","sticky":false,"template":"","format":"standard","meta":{"footnotes":""},"categories":[2],"tags":[12],"class_list":["post-71696","post","type-post","status-publish","format-standard","has-post-thumbnail","hentry","category-nacionales","tag-nacionales"],"_links":{"self":[{"href":"https:\/\/elmetropolitano.com.gt\/es\/wp-json\/wp\/v2\/posts\/71696","targetHints":{"allow":["GET"]}}],"collection":[{"href":"https:\/\/elmetropolitano.com.gt\/es\/wp-json\/wp\/v2\/posts"}],"about":[{"href":"https:\/\/elmetropolitano.com.gt\/es\/wp-json\/wp\/v2\/types\/post"}],"author":[{"embeddable":true,"href":"https:\/\/elmetropolitano.com.gt\/es\/wp-json\/wp\/v2\/users\/1"}],"replies":[{"embeddable":true,"href":"https:\/\/elmetropolitano.com.gt\/es\/wp-json\/wp\/v2\/comments?post=71696"}],"version-history":[{"count":1,"href":"https:\/\/elmetropolitano.com.gt\/es\/wp-json\/wp\/v2\/posts\/71696\/revisions"}],"predecessor-version":[{"id":71702,"href":"https:\/\/elmetropolitano.com.gt\/es\/wp-json\/wp\/v2\/posts\/71696\/revisions\/71702"}],"wp:featuredmedia":[{"embeddable":true,"href":"https:\/\/elmetropolitano.com.gt\/es\/wp-json\/wp\/v2\/media\/71697"}],"wp:attachment":[{"href":"https:\/\/elmetropolitano.com.gt\/es\/wp-json\/wp\/v2\/media?parent=71696"}],"wp:term":[{"taxonomy":"category","embeddable":true,"href":"https:\/\/elmetropolitano.com.gt\/es\/wp-json\/wp\/v2\/categories?post=71696"},{"taxonomy":"post_tag","embeddable":true,"href":"https:\/\/elmetropolitano.com.gt\/es\/wp-json\/wp\/v2\/tags?post=71696"}],"curies":[{"name":"wp","href":"https:\/\/api.w.org\/{rel}","templated":true}]}}