{"id":71709,"date":"2023-08-30T15:29:41","date_gmt":"2023-08-30T21:29:41","guid":{"rendered":"https:\/\/elmetropolitano.com.gt\/es\/?p=71709"},"modified":"2023-08-30T15:29:43","modified_gmt":"2023-08-30T21:29:43","slug":"diputados-rompen-cuorum-para-no-pedir-renuncia-de-fiscal-rafael-curruchiche-de-la-feci","status":"publish","type":"post","link":"https:\/\/elmetropolitano.com.gt\/es\/diputados-rompen-cuorum-para-no-pedir-renuncia-de-fiscal-rafael-curruchiche-de-la-feci\/","title":{"rendered":"Diputados rompen cu\u00f3rum para no pedir renuncia de fiscal Rafael Curruchiche de la FECI"},"content":{"rendered":"\n<p>Los diputados no quisieron pedir la renuncia del Fiscal Especial Contra la Impunidad (FECI), Rafael Curruchiche que hab\u00eda sido solicitado por medio de una moci\u00f3n privilegiada durante la sesi\u00f3n plenaria extraordinaria de hoy.<\/p>\n\n\n\n<p>Esto <a><\/a>se registr\u00f3 hoy al mediod\u00eda cuando el diputado Samuel P\u00e9rez de la bancada Semilla hizo la solicitud para desconocer a Curruchiche por las acciones antidemocr\u00e1tica emprendidas contra Semilla.<\/p><div class=\"elmet-contenido\" id=\"elmet-4109874842\"><div class=\"elmet-adlabel\">Anuncios<\/div><div style=\"margin-top: 20px;margin-right: 20px;margin-bottom: 20px;margin-left: 20px;\" id=\"elmet-2832358607\"><a href=\"https:\/\/www.facebook.com\/arrincuanantigua\/\" aria-label=\"cintillo-arrin-cual\"><img loading=\"lazy\" decoding=\"async\" src=\"https:\/\/elmetropolitano.com.gt\/es\/wp-content\/uploads\/2021\/11\/cintillo-arrin-cual-1.jpg\" alt=\"\"  srcset=\"https:\/\/elmetropolitano.com.gt\/es\/wp-content\/uploads\/2021\/11\/cintillo-arrin-cual-1.jpg 750w, https:\/\/elmetropolitano.com.gt\/es\/wp-content\/uploads\/2021\/11\/cintillo-arrin-cual-1-300x36.jpg 300w, https:\/\/elmetropolitano.com.gt\/es\/wp-content\/uploads\/2021\/11\/cintillo-arrin-cual-1-600x72.jpg 600w\" sizes=\"(max-width: 750px) 100vw, 750px\" width=\"750\" height=\"90\"   \/><\/a><\/div><\/div>\n\n\n\n<p>La reacci\u00f3n no se hizo esperar cuando la presidenta del Congreso, Shirley Rivera del Partido Vamos, puso a discusi\u00f3n ese tema y el diputado de Semilla Wilfredo Rom\u00e1n Castellanos destac\u00f3 el voto de los j\u00f3venes, quienes pusieron un alto al sistema de gobierno.<\/p>\n\n\n\n<p>A\u00f1adi\u00f3 que a todas luces hubo un manoseo luego de las elecciones y que de ajuste, se inici\u00f3 la persecuci\u00f3n de Semilla, por lo que pidi\u00f3 que se desconociera al fiscal de la FECI.<\/p>\n\n\n\n<p>Los diputados Walter F\u00e9lix y Andrea Villagr\u00e1n tambi\u00e9n se pronunciaron en contra del sistema actual que nos gobierna y que por eso, la poblaci\u00f3n se pronunci\u00f3 en contra de los partidos corruptos. Ya no se vot\u00f3 ni en contra ni a favor de lo propuesto, pues se rompi\u00f3 el cu\u00f3rum en el Hemiciclo Parlamentario.<\/p>\n\n\n\n<p>Texto: Francisco Javier Hurtarte<\/p>\n\n\n\n<p>Fotos: Omar Archila<\/p>\n\n\n\n<p><a href=\"https:\/\/www.facebook.com\/hashtag\/metroredes?__eep__=6&amp;__cft__[0]=AZUeeCBvR8S-r84Y1E7F6M3tZ9WyPmxwPeBQK43ZAmcGcJwaLp-m1W0IvgLSUhXUZkE-dFwUGYDn1LO10U3ghJ446c6PWtgRRueXMfUDdqhm5rINhD3O_1xx7hbhFS3aL3q-wLJ3a6ujwYF6P4Pb-uN03WobjjdGg68XXfnvgnq3s3Y6tddQm0UcoS5gAqVPpjI&amp;__tn__=*NK-R\">#metroredes<\/a><a href=\"https:\/\/www.facebook.com\/hashtag\/movimientosemilla?__eep__=6&amp;__cft__[0]=AZUeeCBvR8S-r84Y1E7F6M3tZ9WyPmxwPeBQK43ZAmcGcJwaLp-m1W0IvgLSUhXUZkE-dFwUGYDn1LO10U3ghJ446c6PWtgRRueXMfUDdqhm5rINhD3O_1xx7hbhFS3aL3q-wLJ3a6ujwYF6P4Pb-uN03WobjjdGg68XXfnvgnq3s3Y6tddQm0UcoS5gAqVPpjI&amp;__tn__=*NK-R\">#MovimientoSemilla<\/a><\/p>\n\n\n\n<p><a href=\"https:\/\/www.facebook.com\/hashtag\/congresodelarep%C3%BAblicagt?__eep__=6&amp;__cft__[0]=AZUeeCBvR8S-r84Y1E7F6M3tZ9WyPmxwPeBQK43ZAmcGcJwaLp-m1W0IvgLSUhXUZkE-dFwUGYDn1LO10U3ghJ446c6PWtgRRueXMfUDdqhm5rINhD3O_1xx7hbhFS3aL3q-wLJ3a6ujwYF6P4Pb-uN03WobjjdGg68XXfnvgnq3s3Y6tddQm0UcoS5gAqVPpjI&amp;__tn__=*NK-R\">#congresodelarep\u00fablicagt<\/a><\/p>\n\n\n\n<figure class=\"wp-block-gallery has-nested-images columns-default is-cropped wp-block-gallery-1 is-layout-flex wp-block-gallery-is-layout-flex\">\n<figure class=\"wp-block-image size-large\"><img loading=\"lazy\" decoding=\"async\" width=\"1024\" height=\"576\" data-id=\"71712\" src=\"https:\/\/elmetropolitano.com.gt\/es\/wp-content\/uploads\/2023\/08\/367496360_771664454959640_3057666243597726898_n-1024x576.jpg\" alt=\"\" class=\"wp-image-71712\" srcset=\"https:\/\/elmetropolitano.com.gt\/es\/wp-content\/uploads\/2023\/08\/367496360_771664454959640_3057666243597726898_n-1024x576.jpg 1024w, https:\/\/elmetropolitano.com.gt\/es\/wp-content\/uploads\/2023\/08\/367496360_771664454959640_3057666243597726898_n-300x169.jpg 300w, https:\/\/elmetropolitano.com.gt\/es\/wp-content\/uploads\/2023\/08\/367496360_771664454959640_3057666243597726898_n-768x432.jpg 768w, https:\/\/elmetropolitano.com.gt\/es\/wp-content\/uploads\/2023\/08\/367496360_771664454959640_3057666243597726898_n-1536x864.jpg 1536w, https:\/\/elmetropolitano.com.gt\/es\/wp-content\/uploads\/2023\/08\/367496360_771664454959640_3057666243597726898_n-600x338.jpg 600w, https:\/\/elmetropolitano.com.gt\/es\/wp-content\/uploads\/2023\/08\/367496360_771664454959640_3057666243597726898_n.jpg 2048w\" sizes=\"auto, (max-width: 1024px) 100vw, 1024px\" \/><\/figure>\n\n\n\n<figure class=\"wp-block-image size-large\"><img loading=\"lazy\" decoding=\"async\" width=\"1024\" height=\"576\" data-id=\"71711\" src=\"https:\/\/elmetropolitano.com.gt\/es\/wp-content\/uploads\/2023\/08\/368411206_771664651626287_5897008252455132964_n-1-1024x576.jpg\" alt=\"\" class=\"wp-image-71711\" srcset=\"https:\/\/elmetropolitano.com.gt\/es\/wp-content\/uploads\/2023\/08\/368411206_771664651626287_5897008252455132964_n-1-1024x576.jpg 1024w, https:\/\/elmetropolitano.com.gt\/es\/wp-content\/uploads\/2023\/08\/368411206_771664651626287_5897008252455132964_n-1-300x169.jpg 300w, https:\/\/elmetropolitano.com.gt\/es\/wp-content\/uploads\/2023\/08\/368411206_771664651626287_5897008252455132964_n-1-768x432.jpg 768w, https:\/\/elmetropolitano.com.gt\/es\/wp-content\/uploads\/2023\/08\/368411206_771664651626287_5897008252455132964_n-1-1536x864.jpg 1536w, https:\/\/elmetropolitano.com.gt\/es\/wp-content\/uploads\/2023\/08\/368411206_771664651626287_5897008252455132964_n-1-600x338.jpg 600w, https:\/\/elmetropolitano.com.gt\/es\/wp-content\/uploads\/2023\/08\/368411206_771664651626287_5897008252455132964_n-1.jpg 2048w\" sizes=\"auto, (max-width: 1024px) 100vw, 1024px\" \/><\/figure>\n\n\n\n<figure class=\"wp-block-image size-large\"><img loading=\"lazy\" decoding=\"async\" width=\"720\" height=\"404\" data-id=\"71714\" src=\"https:\/\/elmetropolitano.com.gt\/es\/wp-content\/uploads\/2023\/08\/370484696_771664278292991_1875301971213546094_n.jpg\" alt=\"\" class=\"wp-image-71714\" srcset=\"https:\/\/elmetropolitano.com.gt\/es\/wp-content\/uploads\/2023\/08\/370484696_771664278292991_1875301971213546094_n.jpg 720w, https:\/\/elmetropolitano.com.gt\/es\/wp-content\/uploads\/2023\/08\/370484696_771664278292991_1875301971213546094_n-300x168.jpg 300w, https:\/\/elmetropolitano.com.gt\/es\/wp-content\/uploads\/2023\/08\/370484696_771664278292991_1875301971213546094_n-600x337.jpg 600w\" sizes=\"auto, (max-width: 720px) 100vw, 720px\" \/><\/figure>\n\n\n\n<figure class=\"wp-block-image size-large\"><img loading=\"lazy\" decoding=\"async\" width=\"1024\" height=\"576\" data-id=\"71713\" src=\"https:\/\/elmetropolitano.com.gt\/es\/wp-content\/uploads\/2023\/08\/371096312_771664474959638_8807012671681787299_n-1024x576.jpg\" alt=\"\" class=\"wp-image-71713\" srcset=\"https:\/\/elmetropolitano.com.gt\/es\/wp-content\/uploads\/2023\/08\/371096312_771664474959638_8807012671681787299_n-1024x576.jpg 1024w, https:\/\/elmetropolitano.com.gt\/es\/wp-content\/uploads\/2023\/08\/371096312_771664474959638_8807012671681787299_n-300x169.jpg 300w, https:\/\/elmetropolitano.com.gt\/es\/wp-content\/uploads\/2023\/08\/371096312_771664474959638_8807012671681787299_n-768x432.jpg 768w, https:\/\/elmetropolitano.com.gt\/es\/wp-content\/uploads\/2023\/08\/371096312_771664474959638_8807012671681787299_n-1536x864.jpg 1536w, https:\/\/elmetropolitano.com.gt\/es\/wp-content\/uploads\/2023\/08\/371096312_771664474959638_8807012671681787299_n-600x338.jpg 600w, https:\/\/elmetropolitano.com.gt\/es\/wp-content\/uploads\/2023\/08\/371096312_771664474959638_8807012671681787299_n.jpg 2048w\" sizes=\"auto, (max-width: 1024px) 100vw, 1024px\" \/><\/figure>\n<\/figure>\n","protected":false},"excerpt":{"rendered":"<p>Los diputados no quisieron pedir la renuncia del Fiscal Especial Contra la Impunidad (FECI), Rafael Curruchiche que hab\u00eda sido solicitado por medio de una moci\u00f3n privilegiada durante la sesi\u00f3n plenaria extraordinaria de hoy. Esto se registr\u00f3 hoy al mediod\u00eda cuando el diputado Samuel P\u00e9rez de la bancada Semilla hizo la solicitud para desconocer a Curruchiche <a class=\"read-more\" href=\"https:\/\/elmetropolitano.com.gt\/es\/diputados-rompen-cuorum-para-no-pedir-renuncia-de-fiscal-rafael-curruchiche-de-la-feci\/\">Leer m\u00e1s<\/a><\/p>\n","protected":false},"author":1,"featured_media":71710,"comment_status":"open","ping_status":"closed","sticky":false,"template":"","format":"standard","meta":{"footnotes":""},"categories":[2],"tags":[12],"class_list":["post-71709","post","type-post","status-publish","format-standard","has-post-thumbnail","hentry","category-nacionales","tag-nacionales"],"_links":{"self":[{"href":"https:\/\/elmetropolitano.com.gt\/es\/wp-json\/wp\/v2\/posts\/71709","targetHints":{"allow":["GET"]}}],"collection":[{"href":"https:\/\/elmetropolitano.com.gt\/es\/wp-json\/wp\/v2\/posts"}],"about":[{"href":"https:\/\/elmetropolitano.com.gt\/es\/wp-json\/wp\/v2\/types\/post"}],"author":[{"embeddable":true,"href":"https:\/\/elmetropolitano.com.gt\/es\/wp-json\/wp\/v2\/users\/1"}],"replies":[{"embeddable":true,"href":"https:\/\/elmetropolitano.com.gt\/es\/wp-json\/wp\/v2\/comments?post=71709"}],"version-history":[{"count":1,"href":"https:\/\/elmetropolitano.com.gt\/es\/wp-json\/wp\/v2\/posts\/71709\/revisions"}],"predecessor-version":[{"id":71715,"href":"https:\/\/elmetropolitano.com.gt\/es\/wp-json\/wp\/v2\/posts\/71709\/revisions\/71715"}],"wp:featuredmedia":[{"embeddable":true,"href":"https:\/\/elmetropolitano.com.gt\/es\/wp-json\/wp\/v2\/media\/71710"}],"wp:attachment":[{"href":"https:\/\/elmetropolitano.com.gt\/es\/wp-json\/wp\/v2\/media?parent=71709"}],"wp:term":[{"taxonomy":"category","embeddable":true,"href":"https:\/\/elmetropolitano.com.gt\/es\/wp-json\/wp\/v2\/categories?post=71709"},{"taxonomy":"post_tag","embeddable":true,"href":"https:\/\/elmetropolitano.com.gt\/es\/wp-json\/wp\/v2\/tags?post=71709"}],"curies":[{"name":"wp","href":"https:\/\/api.w.org\/{rel}","templated":true}]}}