{"id":71716,"date":"2023-08-31T08:36:55","date_gmt":"2023-08-31T14:36:55","guid":{"rendered":"https:\/\/elmetropolitano.com.gt\/es\/?p=71716"},"modified":"2023-08-31T08:36:57","modified_gmt":"2023-08-31T14:36:57","slug":"salud-destaca-medidas-ante-incremento-de-casos-de-dengue","status":"publish","type":"post","link":"https:\/\/elmetropolitano.com.gt\/es\/salud-destaca-medidas-ante-incremento-de-casos-de-dengue\/","title":{"rendered":"Salud destaca medidas ante incremento de casos de dengue"},"content":{"rendered":"\n<p>Durante una conferencia de prensa en el Palacio Nacional de la Cultura, el Ministerio de Salud P\u00fablica y Asistencia Social (MSPAS) se pronunci\u00f3 ante el incremento de casos de dengue en el pa\u00eds.<\/p>\n\n\n\n<p>La jefa del Departamento de Epidemiolog\u00eda del MSPAS, Lorena Gobern, hizo referencia a la situaci\u00f3n epidemiol\u00f3gica del dengue en los \u00faltimos a\u00f1os. La funcionaria destac\u00f3 que hasta la presente semana se registra un incremento del 135 <a><\/a>% en comparaci\u00f3n con la misma semana, pero del a\u00f1o 2022. Adem\u00e1s, explic\u00f3:<\/p><div class=\"elmet-contenido\" id=\"elmet-2174637496\"><div class=\"elmet-adlabel\">Anuncios<\/div><div style=\"margin-top: 20px;margin-right: 20px;margin-bottom: 20px;margin-left: 20px;\" id=\"elmet-4281422816\"><a href=\"https:\/\/www.facebook.com\/arrincuanantigua\/\" aria-label=\"cintillo-arrin-cual\"><img loading=\"lazy\" decoding=\"async\" src=\"https:\/\/elmetropolitano.com.gt\/es\/wp-content\/uploads\/2021\/11\/cintillo-arrin-cual-1.jpg\" alt=\"\"  srcset=\"https:\/\/elmetropolitano.com.gt\/es\/wp-content\/uploads\/2021\/11\/cintillo-arrin-cual-1.jpg 750w, https:\/\/elmetropolitano.com.gt\/es\/wp-content\/uploads\/2021\/11\/cintillo-arrin-cual-1-300x36.jpg 300w, https:\/\/elmetropolitano.com.gt\/es\/wp-content\/uploads\/2021\/11\/cintillo-arrin-cual-1-600x72.jpg 600w\" sizes=\"(max-width: 750px) 100vw, 750px\" width=\"750\" height=\"90\"   \/><\/a><\/div><\/div>\n\n\n\n<p>Las \u00e1reas de Salud de Chiquimula, Zacapa, Pet\u00e9n, Escuintla Quetzaltenango y Baja Verapaz son las que tienen una mayor incidencia de casos. El 14 % de los casos son identificados con signos de alarma.<\/p>\n\n\n\n<p>Pese a esto el ares de salud de Escuintla por negligencia de sus autoridades no tiene insumos los trabajadores para trabajar pese a que ya han fallecido 9 vecinos y se han reportado m\u00e1s de mil 400 casos<\/p>\n\n\n\n<p>Prevenci\u00f3n<\/p>\n\n\n\n<p>Por su parte, el ministro Francisco Coma detall\u00f3 sobre la atenci\u00f3n y prevenci\u00f3n de la enfermedad en el territorio nacional. Se dio a conocer que, desde inicio de a\u00f1o, la cartera de Salud ha estado trabajando para la prevenci\u00f3n del dengue. Por tal motivo, el 8 de febrero se activ\u00f3 la primera alerta epidemiol\u00f3gica.<\/p>\n\n\n\n<p>Posteriormente, el 5 de junio fue actualizada la alerta y el 28 de agosto se inform\u00f3 sobre una nueva actualizaci\u00f3n. Ante esto, el galeno mencion\u00f3:<\/p>\n\n\n\n<p>Las acciones del ministerio son usualmente preventivas. Nosotros hicimos el seguimiento desde febrero porque encontramos en la l\u00ednea epidemiol\u00f3gica una tendencia a crecer. Estas alertas epidemiol\u00f3gicas se hacen llegar a los comit\u00e9s de emergencia de los distintos municipios.<\/p>\n\n\n\n<p>Asimismo, mencion\u00f3 que entre las acciones que desarrolla el MSPAS est\u00e1n:<\/p>\n\n\n\n<p>movilizaci\u00f3n social<\/p>\n\n\n\n<p>promoci\u00f3n y educaci\u00f3n en salud<\/p>\n\n\n\n<p>vigilancia epidemiol\u00f3gica<\/p>\n\n\n\n<p>atenci\u00f3n a las personas<\/p>\n\n\n\n<p>vigilancia laboratorial<\/p>\n\n\n\n<p>vigilancia y control entomol\u00f3gico<\/p>\n\n\n\n<p>Entre otras de las medidas, las autoridades mencionaron que se cuenta con mil 525 personas para desarrollar tareas de fumigaci\u00f3n. A estos se agrega m\u00e1s personal para acciones de educaci\u00f3n y capacitaci\u00f3n en las distintas regiones del territorio nacional<\/p>\n\n\n\n<p>#metroredes<\/p>\n\n\n\n<p><\/p>\n","protected":false},"excerpt":{"rendered":"<p>Durante una conferencia de prensa en el Palacio Nacional de la Cultura, el Ministerio de Salud P\u00fablica y Asistencia Social (MSPAS) se pronunci\u00f3 ante el incremento de casos de dengue en el pa\u00eds. La jefa del Departamento de Epidemiolog\u00eda del MSPAS, Lorena Gobern, hizo referencia a la situaci\u00f3n epidemiol\u00f3gica del dengue en los \u00faltimos a\u00f1os. <a class=\"read-more\" href=\"https:\/\/elmetropolitano.com.gt\/es\/salud-destaca-medidas-ante-incremento-de-casos-de-dengue\/\">Leer m\u00e1s<\/a><\/p>\n","protected":false},"author":1,"featured_media":71717,"comment_status":"open","ping_status":"closed","sticky":false,"template":"","format":"standard","meta":{"footnotes":""},"categories":[2],"tags":[12],"class_list":["post-71716","post","type-post","status-publish","format-standard","has-post-thumbnail","hentry","category-nacionales","tag-nacionales"],"_links":{"self":[{"href":"https:\/\/elmetropolitano.com.gt\/es\/wp-json\/wp\/v2\/posts\/71716","targetHints":{"allow":["GET"]}}],"collection":[{"href":"https:\/\/elmetropolitano.com.gt\/es\/wp-json\/wp\/v2\/posts"}],"about":[{"href":"https:\/\/elmetropolitano.com.gt\/es\/wp-json\/wp\/v2\/types\/post"}],"author":[{"embeddable":true,"href":"https:\/\/elmetropolitano.com.gt\/es\/wp-json\/wp\/v2\/users\/1"}],"replies":[{"embeddable":true,"href":"https:\/\/elmetropolitano.com.gt\/es\/wp-json\/wp\/v2\/comments?post=71716"}],"version-history":[{"count":1,"href":"https:\/\/elmetropolitano.com.gt\/es\/wp-json\/wp\/v2\/posts\/71716\/revisions"}],"predecessor-version":[{"id":71718,"href":"https:\/\/elmetropolitano.com.gt\/es\/wp-json\/wp\/v2\/posts\/71716\/revisions\/71718"}],"wp:featuredmedia":[{"embeddable":true,"href":"https:\/\/elmetropolitano.com.gt\/es\/wp-json\/wp\/v2\/media\/71717"}],"wp:attachment":[{"href":"https:\/\/elmetropolitano.com.gt\/es\/wp-json\/wp\/v2\/media?parent=71716"}],"wp:term":[{"taxonomy":"category","embeddable":true,"href":"https:\/\/elmetropolitano.com.gt\/es\/wp-json\/wp\/v2\/categories?post=71716"},{"taxonomy":"post_tag","embeddable":true,"href":"https:\/\/elmetropolitano.com.gt\/es\/wp-json\/wp\/v2\/tags?post=71716"}],"curies":[{"name":"wp","href":"https:\/\/api.w.org\/{rel}","templated":true}]}}