{"id":71734,"date":"2023-08-31T08:44:56","date_gmt":"2023-08-31T14:44:56","guid":{"rendered":"https:\/\/elmetropolitano.com.gt\/es\/?p=71734"},"modified":"2023-08-31T08:45:38","modified_gmt":"2023-08-31T14:45:38","slug":"agil-reaccion-policial-permite-captura-de-tres-integrantes-de-los-rapidos-del-sur","status":"publish","type":"post","link":"https:\/\/elmetropolitano.com.gt\/es\/agil-reaccion-policial-permite-captura-de-tres-integrantes-de-los-rapidos-del-sur\/","title":{"rendered":"\u00c1gil reacci\u00f3n policial permite captura de tres integrantes de \u201cLos R\u00e1pidos del Sur\u201d"},"content":{"rendered":"\n<p>En una pronta y \u00e1gil reacci\u00f3n de los agentes de la Comisar\u00eda 31 de Escuintla, de la Polic\u00eda Nacional Civil (PNC) permiti\u00f3 la detenci\u00f3n de 3 presuntos moto asaltantes quienes son integrantes de la organizaci\u00f3n criminal \u201cLos R\u00e1pidos del Sur\u201d, persecuci\u00f3n que finaliz\u00f3 en la calle principal del parcelamiento Santa Isabel, San Jos\u00e9, Escuintla.<\/p>\n\n\n\n<p>Las autoridades policiales, informaron que, Leonardo Jos\u00e9 <a><\/a>Garc\u00eda Rodr\u00edguez, de 18 a\u00f1os, Kevin Eduardo Hale Sicajan, de 21 y a Fredy Ottoniel Contreras Moran; estos \u00faltimos dos presentan heridas de armas de fuego y quienes est\u00e1n estables en un centro asistencial con custodia policial.<\/p><div class=\"elmet-contenido\" id=\"elmet-1062809379\"><div class=\"elmet-adlabel\">Anuncios<\/div><div style=\"margin-top: 20px;margin-right: 20px;margin-bottom: 20px;margin-left: 20px;\" id=\"elmet-3466657845\"><a href=\"https:\/\/www.facebook.com\/arrincuanantigua\/\" aria-label=\"cintillo-arrin-cual\"><img loading=\"lazy\" decoding=\"async\" src=\"https:\/\/elmetropolitano.com.gt\/es\/wp-content\/uploads\/2021\/11\/cintillo-arrin-cual-1.jpg\" alt=\"\"  srcset=\"https:\/\/elmetropolitano.com.gt\/es\/wp-content\/uploads\/2021\/11\/cintillo-arrin-cual-1.jpg 750w, https:\/\/elmetropolitano.com.gt\/es\/wp-content\/uploads\/2021\/11\/cintillo-arrin-cual-1-300x36.jpg 300w, https:\/\/elmetropolitano.com.gt\/es\/wp-content\/uploads\/2021\/11\/cintillo-arrin-cual-1-600x72.jpg 600w\" sizes=\"(max-width: 750px) 100vw, 750px\" width=\"750\" height=\"90\"   \/><\/a><\/div><\/div>\n\n\n\n<p>Son presuntos responsables de robos, asaltos a mano armada a pilotos de camiones repartidores de mercader\u00eda y sicariato.<\/p>\n\n\n\n<p>En tanto, algunas personas informaron que los puestos a disposici\u00f3n habr\u00edan intentado despojar de su motocicleta a un hombre quien dispar\u00f3 contra los presuntos delincuentes hiriendo a dos.<\/p>\n\n\n\n<p>Incautado<\/p>\n\n\n\n<p>Al momento de la inspecci\u00f3n policial se incaut\u00f3: dos armas de fuego tipo revolver y un arma hechiza. Adem\u00e1s de la consignaci\u00f3n de dos motocicletas. Ante esto los detenidos fueron puestos a disposici\u00f3n del Juzgado de Turno de Escuintla<\/p>\n\n\n\n<p><a href=\"https:\/\/www.facebook.com\/hashtag\/pncdeguatemala?__eep__=6&amp;__cft__[0]=AZVs_WH73Bu-04QgYPcOPLk9i6JCv54WFIwmJ2RBl0JSxEMymKzaIWfddMhGHJ16hRNW0wtdHf9ufrKX2Jip1p_9nmwYxDV8Zkb5KquT7hjLWnsgp-JTGCKb3ATccDin0DHJZTnQb3MfWsxSlvhcgl9VMZUjL2UJ8Sn1JnwNOMdjbkPsxycRrnYcEXqXnFEqjTo&amp;__tn__=*NK-R\">#PNCdeGuatemala<\/a><a href=\"https:\/\/www.facebook.com\/hashtag\/metroredes?__eep__=6&amp;__cft__[0]=AZVs_WH73Bu-04QgYPcOPLk9i6JCv54WFIwmJ2RBl0JSxEMymKzaIWfddMhGHJ16hRNW0wtdHf9ufrKX2Jip1p_9nmwYxDV8Zkb5KquT7hjLWnsgp-JTGCKb3ATccDin0DHJZTnQb3MfWsxSlvhcgl9VMZUjL2UJ8Sn1JnwNOMdjbkPsxycRrnYcEXqXnFEqjTo&amp;__tn__=*NK-R\">#metroredes<\/a><\/p>\n\n\n\n<figure class=\"wp-block-gallery has-nested-images columns-default is-cropped wp-block-gallery-1 is-layout-flex wp-block-gallery-is-layout-flex\">\n<figure class=\"wp-block-image size-large\"><img loading=\"lazy\" decoding=\"async\" width=\"768\" height=\"1024\" data-id=\"71736\" src=\"https:\/\/elmetropolitano.com.gt\/es\/wp-content\/uploads\/2023\/08\/370225049_772047198254699_8163391092464378384_n.jpg\" alt=\"\" class=\"wp-image-71736\" srcset=\"https:\/\/elmetropolitano.com.gt\/es\/wp-content\/uploads\/2023\/08\/370225049_772047198254699_8163391092464378384_n.jpg 768w, https:\/\/elmetropolitano.com.gt\/es\/wp-content\/uploads\/2023\/08\/370225049_772047198254699_8163391092464378384_n-225x300.jpg 225w, https:\/\/elmetropolitano.com.gt\/es\/wp-content\/uploads\/2023\/08\/370225049_772047198254699_8163391092464378384_n-600x800.jpg 600w\" sizes=\"auto, (max-width: 768px) 100vw, 768px\" \/><\/figure>\n\n\n\n<figure class=\"wp-block-image size-large\"><img loading=\"lazy\" decoding=\"async\" width=\"768\" height=\"1024\" data-id=\"71737\" src=\"https:\/\/elmetropolitano.com.gt\/es\/wp-content\/uploads\/2023\/08\/370336522_772047151588037_3341783201042405483_n.jpg\" alt=\"\" class=\"wp-image-71737\" srcset=\"https:\/\/elmetropolitano.com.gt\/es\/wp-content\/uploads\/2023\/08\/370336522_772047151588037_3341783201042405483_n.jpg 768w, https:\/\/elmetropolitano.com.gt\/es\/wp-content\/uploads\/2023\/08\/370336522_772047151588037_3341783201042405483_n-225x300.jpg 225w, https:\/\/elmetropolitano.com.gt\/es\/wp-content\/uploads\/2023\/08\/370336522_772047151588037_3341783201042405483_n-600x800.jpg 600w\" sizes=\"auto, (max-width: 768px) 100vw, 768px\" \/><\/figure>\n<\/figure>\n","protected":false},"excerpt":{"rendered":"<p>En una pronta y \u00e1gil reacci\u00f3n de los agentes de la Comisar\u00eda 31 de Escuintla, de la Polic\u00eda Nacional Civil (PNC) permiti\u00f3 la detenci\u00f3n de 3 presuntos moto asaltantes quienes son integrantes de la organizaci\u00f3n criminal \u201cLos R\u00e1pidos del Sur\u201d, persecuci\u00f3n que finaliz\u00f3 en la calle principal del parcelamiento Santa Isabel, San Jos\u00e9, Escuintla. Las <a class=\"read-more\" href=\"https:\/\/elmetropolitano.com.gt\/es\/agil-reaccion-policial-permite-captura-de-tres-integrantes-de-los-rapidos-del-sur\/\">Leer m\u00e1s<\/a><\/p>\n","protected":false},"author":1,"featured_media":71735,"comment_status":"open","ping_status":"closed","sticky":false,"template":"","format":"standard","meta":{"footnotes":""},"categories":[4],"tags":[13],"class_list":["post-71734","post","type-post","status-publish","format-standard","has-post-thumbnail","hentry","category-departamentales","tag-departamentales"],"_links":{"self":[{"href":"https:\/\/elmetropolitano.com.gt\/es\/wp-json\/wp\/v2\/posts\/71734","targetHints":{"allow":["GET"]}}],"collection":[{"href":"https:\/\/elmetropolitano.com.gt\/es\/wp-json\/wp\/v2\/posts"}],"about":[{"href":"https:\/\/elmetropolitano.com.gt\/es\/wp-json\/wp\/v2\/types\/post"}],"author":[{"embeddable":true,"href":"https:\/\/elmetropolitano.com.gt\/es\/wp-json\/wp\/v2\/users\/1"}],"replies":[{"embeddable":true,"href":"https:\/\/elmetropolitano.com.gt\/es\/wp-json\/wp\/v2\/comments?post=71734"}],"version-history":[{"count":1,"href":"https:\/\/elmetropolitano.com.gt\/es\/wp-json\/wp\/v2\/posts\/71734\/revisions"}],"predecessor-version":[{"id":71738,"href":"https:\/\/elmetropolitano.com.gt\/es\/wp-json\/wp\/v2\/posts\/71734\/revisions\/71738"}],"wp:featuredmedia":[{"embeddable":true,"href":"https:\/\/elmetropolitano.com.gt\/es\/wp-json\/wp\/v2\/media\/71735"}],"wp:attachment":[{"href":"https:\/\/elmetropolitano.com.gt\/es\/wp-json\/wp\/v2\/media?parent=71734"}],"wp:term":[{"taxonomy":"category","embeddable":true,"href":"https:\/\/elmetropolitano.com.gt\/es\/wp-json\/wp\/v2\/categories?post=71734"},{"taxonomy":"post_tag","embeddable":true,"href":"https:\/\/elmetropolitano.com.gt\/es\/wp-json\/wp\/v2\/tags?post=71734"}],"curies":[{"name":"wp","href":"https:\/\/api.w.org\/{rel}","templated":true}]}}