{"id":71739,"date":"2023-08-31T10:58:11","date_gmt":"2023-08-31T16:58:11","guid":{"rendered":"https:\/\/elmetropolitano.com.gt\/es\/?p=71739"},"modified":"2023-08-31T10:58:12","modified_gmt":"2023-08-31T16:58:12","slug":"intensifican-acciones-de-prevencion-del-dengue-en-comunidades-de-izabal","status":"publish","type":"post","link":"https:\/\/elmetropolitano.com.gt\/es\/intensifican-acciones-de-prevencion-del-dengue-en-comunidades-de-izabal\/","title":{"rendered":"Intensifican acciones de prevenci\u00f3n del dengue en comunidades de Izabal"},"content":{"rendered":"\n<p>El Ministerio de Salud P\u00fablica y Asistencia Social (MSPAS) intensifica acciones de prevenci\u00f3n del dengue en comunidades de Izabal.<\/p>\n\n\n\n<p>Estas acciones tienen por objetivo proteger a los ciudadanos de esta enfermedad que est\u00e1 afectando a varios departamentos del pa\u00eds.<\/p><div class=\"elmet-contenido\" id=\"elmet-3720222390\"><div class=\"elmet-adlabel\">Anuncios<\/div><div style=\"margin-top: 20px;margin-right: 20px;margin-bottom: 20px;margin-left: 20px;\" id=\"elmet-179307467\"><a href=\"https:\/\/www.facebook.com\/arrincuanantigua\/\" aria-label=\"cintillo-arrin-cual\"><img loading=\"lazy\" decoding=\"async\" src=\"https:\/\/elmetropolitano.com.gt\/es\/wp-content\/uploads\/2021\/11\/cintillo-arrin-cual-1.jpg\" alt=\"\"  srcset=\"https:\/\/elmetropolitano.com.gt\/es\/wp-content\/uploads\/2021\/11\/cintillo-arrin-cual-1.jpg 750w, https:\/\/elmetropolitano.com.gt\/es\/wp-content\/uploads\/2021\/11\/cintillo-arrin-cual-1-300x36.jpg 300w, https:\/\/elmetropolitano.com.gt\/es\/wp-content\/uploads\/2021\/11\/cintillo-arrin-cual-1-600x72.jpg 600w\" sizes=\"(max-width: 750px) 100vw, 750px\" width=\"750\" height=\"90\"   \/><\/a><\/div><\/div>\n\n\n\n<p>Por <a><\/a>consiguiente, en la aldea Entre R\u00edos, Izabal, un equipo desarroll\u00f3 labores de fumigaci\u00f3n en varios centros educativos del lugar.<\/p>\n\n\n\n<p>Asimismo, se cuenta con el plan educacional donde, a trav\u00e9s de reuniones con familias, se dan recomendaciones de c\u00f3mo evitar la proliferaci\u00f3n del zancudo transmisor. Adem\u00e1s, para que los que asistan a las reuniones logren transmitir la informaci\u00f3n con el resto de la comunidad, con el objetivo de contrarrestar los riesgos.<\/p>\n\n\n\n<p>Fumigaciones<\/p>\n\n\n\n<p>La Direcci\u00f3n Departamental de Redes Integradas de Servicios de Salud (DDRISS), por medio de las Direcciones Municipales de Salud, y las autoridades de los centros escolares son quienes programan las fumigaciones para prevenir esta enfermedad.<\/p>\n\n\n\n<p>En varios centros educativos del mencionado departamento ya se ha fumigado.<\/p>\n\n\n\n<p>Recomendaciones<\/p>\n\n\n\n<p>El MSPAS contin\u00faa con la vigilancia epidemiol\u00f3gica por el dengue en el pa\u00eds, por lo que hace un llamado a poblaci\u00f3n a tomar las siguientes recomendaciones:<\/p>\n\n\n\n<p>-lavado peri\u00f3dico de pilas y en las \u00e1reas para guardar agua para el consumo<\/p>\n\n\n\n<p>-dar vuelta a recipientes como llantas, macetas y botellas<\/p>\n\n\n\n<p>-descartar todos aquellos recipientes que pueda almacenar agua de lluvia<\/p>\n\n\n\n<p>limpiar \u00e1reas de viviendas como patios y duchas<\/p>\n\n\n\n<p>-hacer un manejo adecuado de la basura y bolsas pl\u00e1sticas para que no guarden l\u00edquidos<\/p>\n\n\n\n<p>entre otras<\/p>\n\n\n\n<p>Acciones de prevenci\u00f3n<\/p>\n\n\n\n<p>Adem\u00e1s, el MSPAS ha desarrollado acciones de prevenci\u00f3n que se han efectuado a nivel nacional dejando como resultado los siguientes datos:<\/p>\n\n\n\n<p>-aplicaci\u00f3n de larvicida: 608 mil 887<\/p>\n\n\n\n<p>nebulizaci\u00f3n (fumigaciones): 485 mil 996<\/p>\n\n\n\n<p>-casas deschatarrizadas: 432 mil 121<\/p>\n\n\n\n<p>S\u00edntomas del dengue<\/p>\n\n\n\n<p>El virus del dengue ingresa al torrente sangu\u00edneo a trav\u00e9s de la picadura del mosquito Aedes aegypti y algunos de los s\u00edntomas que genera esta enfermedad son:<\/p>\n\n\n\n<p>fiebre<\/p>\n\n\n\n<p>v\u00f3mitos<\/p>\n\n\n\n<p>dolor en m\u00fasculos y articulaciones<\/p>\n\n\n\n<p>sangrado<\/p>\n\n\n\n<p>escalofr\u00edos<\/p>\n\n\n\n<p>dolor de cabeza<\/p>\n\n\n\n<p>n\u00e1useas<\/p>\n\n\n\n<p>sarpullido<\/p>\n\n\n\n<p>Es importante indicar que, si una persona identifica algunos de estos s\u00edntomas, es mejor que consulte inmediatamente a los servicios de Salud.<\/p>\n\n\n\n<p>En caso de dengue hemorr\u00e1gico, las personas deben acudir de manera urgente a un centro de Salud u hospital.<\/p>\n\n\n\n<p>Texto: Kevin Castillo<\/p>\n\n\n\n<p><\/p>\n","protected":false},"excerpt":{"rendered":"<p>El Ministerio de Salud P\u00fablica y Asistencia Social (MSPAS) intensifica acciones de prevenci\u00f3n del dengue en comunidades de Izabal. Estas acciones tienen por objetivo proteger a los ciudadanos de esta enfermedad que est\u00e1 afectando a varios departamentos del pa\u00eds. Por consiguiente, en la aldea Entre R\u00edos, Izabal, un equipo desarroll\u00f3 labores de fumigaci\u00f3n en varios <a class=\"read-more\" href=\"https:\/\/elmetropolitano.com.gt\/es\/intensifican-acciones-de-prevencion-del-dengue-en-comunidades-de-izabal\/\">Leer m\u00e1s<\/a><\/p>\n","protected":false},"author":1,"featured_media":71740,"comment_status":"open","ping_status":"closed","sticky":false,"template":"","format":"standard","meta":{"footnotes":""},"categories":[2],"tags":[12],"class_list":["post-71739","post","type-post","status-publish","format-standard","has-post-thumbnail","hentry","category-nacionales","tag-nacionales"],"_links":{"self":[{"href":"https:\/\/elmetropolitano.com.gt\/es\/wp-json\/wp\/v2\/posts\/71739","targetHints":{"allow":["GET"]}}],"collection":[{"href":"https:\/\/elmetropolitano.com.gt\/es\/wp-json\/wp\/v2\/posts"}],"about":[{"href":"https:\/\/elmetropolitano.com.gt\/es\/wp-json\/wp\/v2\/types\/post"}],"author":[{"embeddable":true,"href":"https:\/\/elmetropolitano.com.gt\/es\/wp-json\/wp\/v2\/users\/1"}],"replies":[{"embeddable":true,"href":"https:\/\/elmetropolitano.com.gt\/es\/wp-json\/wp\/v2\/comments?post=71739"}],"version-history":[{"count":1,"href":"https:\/\/elmetropolitano.com.gt\/es\/wp-json\/wp\/v2\/posts\/71739\/revisions"}],"predecessor-version":[{"id":71741,"href":"https:\/\/elmetropolitano.com.gt\/es\/wp-json\/wp\/v2\/posts\/71739\/revisions\/71741"}],"wp:featuredmedia":[{"embeddable":true,"href":"https:\/\/elmetropolitano.com.gt\/es\/wp-json\/wp\/v2\/media\/71740"}],"wp:attachment":[{"href":"https:\/\/elmetropolitano.com.gt\/es\/wp-json\/wp\/v2\/media?parent=71739"}],"wp:term":[{"taxonomy":"category","embeddable":true,"href":"https:\/\/elmetropolitano.com.gt\/es\/wp-json\/wp\/v2\/categories?post=71739"},{"taxonomy":"post_tag","embeddable":true,"href":"https:\/\/elmetropolitano.com.gt\/es\/wp-json\/wp\/v2\/tags?post=71739"}],"curies":[{"name":"wp","href":"https:\/\/api.w.org\/{rel}","templated":true}]}}