{"id":71745,"date":"2023-08-31T11:03:58","date_gmt":"2023-08-31T17:03:58","guid":{"rendered":"https:\/\/elmetropolitano.com.gt\/es\/?p=71745"},"modified":"2023-08-31T11:03:59","modified_gmt":"2023-08-31T17:03:59","slug":"juventud-guatemalteca-representada-a-traves-de-conjuve-en-actividades-internacionales","status":"publish","type":"post","link":"https:\/\/elmetropolitano.com.gt\/es\/juventud-guatemalteca-representada-a-traves-de-conjuve-en-actividades-internacionales\/","title":{"rendered":"Juventud Guatemalteca representada a trav\u00e9s de Conjuve en actividades Internacionales"},"content":{"rendered":"\n<p>Representaci\u00f3n de la juventud<\/p>\n\n\n\n<p>guatemalteca a nivel internacional<\/p><div class=\"elmet-contenido\" id=\"elmet-21009005\"><div class=\"elmet-adlabel\">Anuncios<\/div><div style=\"margin-top: 20px;margin-right: 20px;margin-bottom: 20px;margin-left: 20px;\" id=\"elmet-597356317\"><a href=\"https:\/\/www.facebook.com\/arrincuanantigua\/\" aria-label=\"cintillo-arrin-cual\"><img loading=\"lazy\" decoding=\"async\" src=\"https:\/\/elmetropolitano.com.gt\/es\/wp-content\/uploads\/2021\/11\/cintillo-arrin-cual-1.jpg\" alt=\"\"  srcset=\"https:\/\/elmetropolitano.com.gt\/es\/wp-content\/uploads\/2021\/11\/cintillo-arrin-cual-1.jpg 750w, https:\/\/elmetropolitano.com.gt\/es\/wp-content\/uploads\/2021\/11\/cintillo-arrin-cual-1-300x36.jpg 300w, https:\/\/elmetropolitano.com.gt\/es\/wp-content\/uploads\/2021\/11\/cintillo-arrin-cual-1-600x72.jpg 600w\" sizes=\"(max-width: 750px) 100vw, 750px\" width=\"750\" height=\"90\"   \/><\/a><\/div><\/div>\n\n\n\n<p>CONJUVE ha representado a Guatemala en eventos importantes de car\u00e1cter internacional, con el objetivo de visibilizar los aportes de la juventud guatemalteca y promover acciones a favor de este sector de la poblaci\u00f3n.<\/p>\n\n\n\n<p><a><\/a>CONJUVE con participaci\u00f3n en M\u00e9xico, noviembre 2022.<\/p>\n\n\n\n<p>Bajo la representaci\u00f3n de Carmen Reyes; Directora General de CONJUVE, Guatemala tuvo participaci\u00f3n durante la presentaci\u00f3n de la Nueva Agenda de Juventudes, proceso de construcci\u00f3n que fue presentado en noviembre de 2022, en M\u00e9xico, por parte del Organismo Internacional de Juventud para Iberoam\u00e9rica (OIJ).<\/p>\n\n\n\n<p>CONJUVE presente en Espa\u00f1a, diciembre 2022.<\/p>\n\n\n\n<p>La Nueva Agenda de Juventudes fue aprobada durante la reuni\u00f3n de Ministros y Responsables de Juventud de Iberoam\u00e9rica, con la participaci\u00f3n de Panam\u00e1, Ecuador, Portugal, Paraguay, Honduras, M\u00e9xico, Per\u00fa, Colombia, Brasil, Bolivia, El Salvador, Costa Rica, Chile y Guatemala. Esta reuni\u00f3n de Ministros y Responsables de juventud se realiz\u00f3 en Espa\u00f1a, donde Guatemala estuvo representada Carmen Reyes; Directora General de CONJUVE, como parte de esta actividad se sostuvo una reuni\u00f3n con el Rey Felipe VI de Espa\u00f1a, quien hizo un llamado a construir un mundo digital fiable, sostenible e inclusivo.<\/p>\n\n\n\n<p>CONJUVE en Rep\u00fablica Dominicana, marzo 2023.<\/p>\n\n\n\n<p>Guatemala estuvo presente en la \u201cI Cumbre Iberoamericana de J\u00f3venes L\u00edderes\u201d, la cual se realiz\u00f3 en Rep\u00fablica Dominicana, y reuni\u00f3 la institucionalidad de juventud de todos los pa\u00edses de Iberoam\u00e9rica, para tratar temas de juventud.<\/p>\n\n\n\n<p>En el marco de la Cumbre, se sostuvo una audiencia con el Rey Felipe VI de Espa\u00f1a, a quien se le present\u00f3 la Nueva Agenda de Juventudes, la cual es promovida por OIJ, Programa de las Naciones Unidas para el Desarrollo (PNUD) e impulsada por los representantes de juventud de los pa\u00edses aliados.<\/p>\n\n\n\n<p>As\u00ed mismo, a trav\u00e9s de la participaci\u00f3n de Carmen Reyes; Directora General de CONJUVE, Guatemala tuvo representaci\u00f3n en el 5. Foro Juvenil Anual del Consejo Econ\u00f3mico y Social (ECOSOC) 2023, de las Naciones Unidas, en donde se abort\u00f3 el tema: ODS 7- Energ\u00eda Asequible y Limpia, as\u00ed como en la reuni\u00f3n \u201cFortalecimiento de la institucionalidad de la juventud, como v\u00eda para la promoci\u00f3n de la paz y la participaci\u00f3n\u201d, en donde Reyes present\u00f3 las acciones y los desaf\u00edos en materia de la institucionalidad de la juventud en Guatemala.<\/p>\n\n\n\n<p>CONJUVE en Nueva York, Estados Unidos, julio 2023<\/p>\n\n\n\n<p>Guatemala participa en el Foro Pol\u00edtico de Alto Nivel de la ONU sobre Desarrollo Sostenible, el cual fue celebrado en Nueva York, donde Carmen Reyes; Directora General de CONJUVE, form\u00f3 parte de este relevante evento, que tuvo lugar en el contexto de la inauguraci\u00f3n de la Oficina de Representaci\u00f3n Permanente del Organismo Internacional de Juventud para Iberoam\u00e9rica (OIJ), ante la Asamblea General de las Naciones Unidas.<\/p>\n\n\n\n<p>El Foro Pol\u00edtico de Alto Nivel congreg\u00f3 a l\u00edderes y representantes de diversas naciones para discutir y evaluar la implementaci\u00f3n de la Agenda 2030 para el Desarrollo Sostenible, que incluye 17 objetivos fundamentales<\/p>\n\n\n\n<p>La presencia activa de Guatemala en este Foro Pol\u00edtico de Alto Nivel, que se realiz\u00f3 del 10 al 19 de julio de 2023, subraya su compromiso inquebrantable con el desarrollo sostenible y la colaboraci\u00f3n internacional para abordar los desaf\u00edos globales.<\/p>\n\n\n\n<p>En seguimiento a las actividades plasmadas en el calendario nacional de actividades en el marco del D\u00eda Internacional de la Juventud, CONJUVE particip\u00f3 en actividades departamentales que fortalecieron y empoderaron la participaci\u00f3n juvenil guatemalteca.<\/p>\n\n\n\n<p>En el municipio de Santa Luc\u00eda Utatl\u00e1n, Solol\u00e1, se realiz\u00f3 una actividad cultural con m\u00e1s de mil j\u00f3venes la cual estuvo coordinada por la UPCV, con la participaci\u00f3n de autoridades locales y CONJUVE.<\/p>\n\n\n\n<p>Durante su intervenci\u00f3n Carmen Reyes; Directora General de CONJUVE enfatiz\u00f3 la importancia y el papel que desempe\u00f1a la juventud en nuestra sociedad, sum\u00e1ndose al llamado de vivir en una sociedad libre de violencia y en un ambiente de sana convivencia, resaltando que para la juventud \u00a1El momento es ahora!<\/p>\n\n\n\n<p>En el municipio de Tiquisate, Escuintla, a trav\u00e9s de la Red de Derivaci\u00f3n del MP de esa localidad, se realiz\u00f3 el \u201cFestival de la Juventud\u201d,<\/p>\n\n\n\n<p>En el lugar los j\u00f3venes mostraron su talento a trav\u00e9s de actividades culturales y art\u00edsticas, en esta actividad tuvo participaci\u00f3n el MINEDUC, ONG Voz de la Ni\u00f1ez y Juventud, Hospital de Tiquisate y CONJUVE.<\/p>\n\n\n\n<p>La Unidad para la Prevenci\u00f3n de la Violencia (UPCV) realiz\u00f3 el \u201cJuventud Fest 2023\u201d en el municipio de Monjas, Jalapa.<\/p>\n\n\n\n<p>Actividad que consiste en un Festival de Juventud y una Feria de Prevenci\u00f3n de la Violencia y permiti\u00f3 que se pudieran desarrollar actividades l\u00fadicas, informativas y culturales las cuales tienen como objetivo fortalecer y empoderar la participaci\u00f3n de la juventud en el departamento.<\/p>\n\n\n\n<p>Esta actividad cont\u00f3 con el apoyo del Ministerio de Educaci\u00f3n, Gobernaci\u00f3n Departamental y CONJUVE.<\/p>\n\n\n\n<p><a href=\"https:\/\/www.facebook.com\/hashtag\/metroredes?__eep__=6&amp;__cft__[0]=AZUe0Nkgx-W7vknXN1PbWEMR7NYWGAyuf7sQFbGCJemk57qngfYn0JLHV_L0yOjvT8uHQKBrGv1elS5NO8W5LjXgynOK25S1Ihxc1Ag8N_TWmm9k-TFUFEDvOPujcHMFWZKUty1tzgub5ZGYEZ7WCBF75Bi8mJm1hkTlHW6k097Qytpe5v7b4TpbqoUT-iNVGCs&amp;__tn__=*NK-R\">#metroredes<\/a><a href=\"https:\/\/www.facebook.com\/hashtag\/conjuve?__eep__=6&amp;__cft__[0]=AZUe0Nkgx-W7vknXN1PbWEMR7NYWGAyuf7sQFbGCJemk57qngfYn0JLHV_L0yOjvT8uHQKBrGv1elS5NO8W5LjXgynOK25S1Ihxc1Ag8N_TWmm9k-TFUFEDvOPujcHMFWZKUty1tzgub5ZGYEZ7WCBF75Bi8mJm1hkTlHW6k097Qytpe5v7b4TpbqoUT-iNVGCs&amp;__tn__=*NK-R\">#Conjuve<\/a><a href=\"https:\/\/www.facebook.com\/hashtag\/gobiernodeguatemala?__eep__=6&amp;__cft__[0]=AZUe0Nkgx-W7vknXN1PbWEMR7NYWGAyuf7sQFbGCJemk57qngfYn0JLHV_L0yOjvT8uHQKBrGv1elS5NO8W5LjXgynOK25S1Ihxc1Ag8N_TWmm9k-TFUFEDvOPujcHMFWZKUty1tzgub5ZGYEZ7WCBF75Bi8mJm1hkTlHW6k097Qytpe5v7b4TpbqoUT-iNVGCs&amp;__tn__=*NK-R\">#GobiernoDeGuatemala<\/a><\/p>\n\n\n\n<p><a rel=\"noreferrer noopener\" href=\"https:\/\/l.facebook.com\/l.php?u=http%3A%2F%2FWww.elmetropolitano.com.gt%2F%3Ffbclid%3DIwAR29NofLu9YAyrhibvTPjbXIPxd0fzpjZO6LLh8xjgIgRkkSsziHdQfm-KQ&amp;h=AT00sysMwdZikbUh9w7VOfwyijbLIqODYfDqKj1pAfEfz1XtJp08yYzMYk7wIj9c1SHHizH9nbBLmUHcDfQTHl7kSyrHPl5lnxAo62dHWpC3mtZY6y9s_V0em95DixU-WVk9wnTGUIfddVk3_TKj&amp;__tn__=-UK-R&amp;c[0]=AT2UtvCZ5YRtRpgvwzXGsYvh6pWWq2s4fp820D6egaVt7CmUDyisWyiZgHpnAW9Ao_vq8gifKkuBZktvfT43Tkolifv9qcugoFAlZbcjJSyRd00imrrn14V8FlQHGSv6KqFhzHtGzY5fMfnf7K7MQ1HUwHGfbjmH4J0Ut81MJGV40MP1ss-1HiqJmUf110JY6ybg7U3PBGlN\" target=\"_blank\">Www.elmetropolitano.com.gt<\/a><\/p>\n\n\n\n<figure class=\"wp-block-gallery has-nested-images columns-default is-cropped wp-block-gallery-1 is-layout-flex wp-block-gallery-is-layout-flex\">\n<figure class=\"wp-block-image size-large\"><img loading=\"lazy\" decoding=\"async\" width=\"720\" height=\"960\" data-id=\"71749\" src=\"https:\/\/elmetropolitano.com.gt\/es\/wp-content\/uploads\/2023\/08\/370277261_772144344911651_4270524253158161822_n.jpg\" alt=\"\" class=\"wp-image-71749\" srcset=\"https:\/\/elmetropolitano.com.gt\/es\/wp-content\/uploads\/2023\/08\/370277261_772144344911651_4270524253158161822_n.jpg 720w, https:\/\/elmetropolitano.com.gt\/es\/wp-content\/uploads\/2023\/08\/370277261_772144344911651_4270524253158161822_n-225x300.jpg 225w, https:\/\/elmetropolitano.com.gt\/es\/wp-content\/uploads\/2023\/08\/370277261_772144344911651_4270524253158161822_n-600x800.jpg 600w\" sizes=\"auto, (max-width: 720px) 100vw, 720px\" \/><\/figure>\n\n\n\n<figure class=\"wp-block-image size-large\"><img loading=\"lazy\" decoding=\"async\" width=\"960\" height=\"508\" data-id=\"71747\" src=\"https:\/\/elmetropolitano.com.gt\/es\/wp-content\/uploads\/2023\/08\/370282851_772144454911640_3125666690174181964_n.jpg\" alt=\"\" class=\"wp-image-71747\" srcset=\"https:\/\/elmetropolitano.com.gt\/es\/wp-content\/uploads\/2023\/08\/370282851_772144454911640_3125666690174181964_n.jpg 960w, https:\/\/elmetropolitano.com.gt\/es\/wp-content\/uploads\/2023\/08\/370282851_772144454911640_3125666690174181964_n-300x159.jpg 300w, https:\/\/elmetropolitano.com.gt\/es\/wp-content\/uploads\/2023\/08\/370282851_772144454911640_3125666690174181964_n-768x406.jpg 768w, https:\/\/elmetropolitano.com.gt\/es\/wp-content\/uploads\/2023\/08\/370282851_772144454911640_3125666690174181964_n-600x318.jpg 600w\" sizes=\"auto, (max-width: 960px) 100vw, 960px\" \/><\/figure>\n\n\n\n<figure class=\"wp-block-image size-large\"><img loading=\"lazy\" decoding=\"async\" width=\"960\" height=\"548\" data-id=\"71748\" src=\"https:\/\/elmetropolitano.com.gt\/es\/wp-content\/uploads\/2023\/08\/370283017_772144404911645_2709168388623213407_n.jpg\" alt=\"\" class=\"wp-image-71748\" srcset=\"https:\/\/elmetropolitano.com.gt\/es\/wp-content\/uploads\/2023\/08\/370283017_772144404911645_2709168388623213407_n.jpg 960w, https:\/\/elmetropolitano.com.gt\/es\/wp-content\/uploads\/2023\/08\/370283017_772144404911645_2709168388623213407_n-300x171.jpg 300w, https:\/\/elmetropolitano.com.gt\/es\/wp-content\/uploads\/2023\/08\/370283017_772144404911645_2709168388623213407_n-768x438.jpg 768w, https:\/\/elmetropolitano.com.gt\/es\/wp-content\/uploads\/2023\/08\/370283017_772144404911645_2709168388623213407_n-600x343.jpg 600w\" sizes=\"auto, (max-width: 960px) 100vw, 960px\" \/><\/figure>\n\n\n\n<figure class=\"wp-block-image size-large\"><img loading=\"lazy\" decoding=\"async\" width=\"1024\" height=\"454\" data-id=\"71750\" src=\"https:\/\/elmetropolitano.com.gt\/es\/wp-content\/uploads\/2023\/08\/371975998_772144394911646_8047385920464084987_n-1024x454.jpg\" alt=\"\" class=\"wp-image-71750\" srcset=\"https:\/\/elmetropolitano.com.gt\/es\/wp-content\/uploads\/2023\/08\/371975998_772144394911646_8047385920464084987_n-1024x454.jpg 1024w, https:\/\/elmetropolitano.com.gt\/es\/wp-content\/uploads\/2023\/08\/371975998_772144394911646_8047385920464084987_n-300x133.jpg 300w, https:\/\/elmetropolitano.com.gt\/es\/wp-content\/uploads\/2023\/08\/371975998_772144394911646_8047385920464084987_n-768x340.jpg 768w, https:\/\/elmetropolitano.com.gt\/es\/wp-content\/uploads\/2023\/08\/371975998_772144394911646_8047385920464084987_n-600x266.jpg 600w, https:\/\/elmetropolitano.com.gt\/es\/wp-content\/uploads\/2023\/08\/371975998_772144394911646_8047385920464084987_n.jpg 1445w\" sizes=\"auto, (max-width: 1024px) 100vw, 1024px\" \/><\/figure>\n<\/figure>\n","protected":false},"excerpt":{"rendered":"<p>Representaci\u00f3n de la juventud guatemalteca a nivel internacional CONJUVE ha representado a Guatemala en eventos importantes de car\u00e1cter internacional, con el objetivo de visibilizar los aportes de la juventud guatemalteca y promover acciones a favor de este sector de la poblaci\u00f3n. CONJUVE con participaci\u00f3n en M\u00e9xico, noviembre 2022. Bajo la representaci\u00f3n de Carmen Reyes; Directora <a class=\"read-more\" href=\"https:\/\/elmetropolitano.com.gt\/es\/juventud-guatemalteca-representada-a-traves-de-conjuve-en-actividades-internacionales\/\">Leer m\u00e1s<\/a><\/p>\n","protected":false},"author":1,"featured_media":71746,"comment_status":"open","ping_status":"closed","sticky":false,"template":"","format":"standard","meta":{"footnotes":""},"categories":[2],"tags":[12],"class_list":["post-71745","post","type-post","status-publish","format-standard","has-post-thumbnail","hentry","category-nacionales","tag-nacionales"],"_links":{"self":[{"href":"https:\/\/elmetropolitano.com.gt\/es\/wp-json\/wp\/v2\/posts\/71745","targetHints":{"allow":["GET"]}}],"collection":[{"href":"https:\/\/elmetropolitano.com.gt\/es\/wp-json\/wp\/v2\/posts"}],"about":[{"href":"https:\/\/elmetropolitano.com.gt\/es\/wp-json\/wp\/v2\/types\/post"}],"author":[{"embeddable":true,"href":"https:\/\/elmetropolitano.com.gt\/es\/wp-json\/wp\/v2\/users\/1"}],"replies":[{"embeddable":true,"href":"https:\/\/elmetropolitano.com.gt\/es\/wp-json\/wp\/v2\/comments?post=71745"}],"version-history":[{"count":1,"href":"https:\/\/elmetropolitano.com.gt\/es\/wp-json\/wp\/v2\/posts\/71745\/revisions"}],"predecessor-version":[{"id":71751,"href":"https:\/\/elmetropolitano.com.gt\/es\/wp-json\/wp\/v2\/posts\/71745\/revisions\/71751"}],"wp:featuredmedia":[{"embeddable":true,"href":"https:\/\/elmetropolitano.com.gt\/es\/wp-json\/wp\/v2\/media\/71746"}],"wp:attachment":[{"href":"https:\/\/elmetropolitano.com.gt\/es\/wp-json\/wp\/v2\/media?parent=71745"}],"wp:term":[{"taxonomy":"category","embeddable":true,"href":"https:\/\/elmetropolitano.com.gt\/es\/wp-json\/wp\/v2\/categories?post=71745"},{"taxonomy":"post_tag","embeddable":true,"href":"https:\/\/elmetropolitano.com.gt\/es\/wp-json\/wp\/v2\/tags?post=71745"}],"curies":[{"name":"wp","href":"https:\/\/api.w.org\/{rel}","templated":true}]}}