{"id":71764,"date":"2023-08-31T18:57:39","date_gmt":"2023-09-01T00:57:39","guid":{"rendered":"https:\/\/elmetropolitano.com.gt\/es\/?p=71764"},"modified":"2023-08-31T18:58:28","modified_gmt":"2023-09-01T00:58:28","slug":"ahora-el-mp-va-tras-el-partido-cabal-de-edmond-mulet","status":"publish","type":"post","link":"https:\/\/elmetropolitano.com.gt\/es\/ahora-el-mp-va-tras-el-partido-cabal-de-edmond-mulet\/","title":{"rendered":"Ahora el MP va tras el partido CABAL de Edmond Mulet"},"content":{"rendered":"\n<p>El Ministerio Publico MP que dirige Consuelo Porras por medio de la Fiscal\u00eda de Delitos Electorales ahora va tras el partido CABAL de Edmond Mulet al darle seguimiento a una denuncia por supuestas irregularidades en la forma en que sali\u00f3 a la vida pol\u00edtica con lo que se busca tambi\u00e9n cancelar dicho partido como se est\u00e1 llevando a cabo con el movimiento Semilla que gano la Presidencia con Bernardo Ar\u00e9valo.<\/p>\n\n\n\n<p>La <a><\/a>denuncia que le sirve de base al MP para su investigaci\u00f3n se\u00f1ala que la asamblea de la organizaci\u00f3n pol\u00edtica no se llev\u00f3 a cabo en el lugar indicado en el acta y que las firmas fueron recabadas en la oficina de la notar\u00eda por lo que cito a 26 personas a declarar como testigos este lunes 4 y martes 5 de septiembre.<\/p><div class=\"elmet-contenido\" id=\"elmet-2668365741\"><div class=\"elmet-adlabel\">Anuncios<\/div><div style=\"margin-top: 20px;margin-right: 20px;margin-bottom: 20px;margin-left: 20px;\" id=\"elmet-171542088\"><a href=\"https:\/\/www.facebook.com\/arrincuanantigua\/\" aria-label=\"cintillo-arrin-cual\"><img loading=\"lazy\" decoding=\"async\" src=\"https:\/\/elmetropolitano.com.gt\/es\/wp-content\/uploads\/2021\/11\/cintillo-arrin-cual-1.jpg\" alt=\"\"  srcset=\"https:\/\/elmetropolitano.com.gt\/es\/wp-content\/uploads\/2021\/11\/cintillo-arrin-cual-1.jpg 750w, https:\/\/elmetropolitano.com.gt\/es\/wp-content\/uploads\/2021\/11\/cintillo-arrin-cual-1-300x36.jpg 300w, https:\/\/elmetropolitano.com.gt\/es\/wp-content\/uploads\/2021\/11\/cintillo-arrin-cual-1-600x72.jpg 600w\" sizes=\"(max-width: 750px) 100vw, 750px\" width=\"750\" height=\"90\"   \/><\/a><\/div><\/div>\n\n\n\n<p>Cabal:<\/p>\n\n\n\n<p>se cumplieron todos los requisitos<\/p>\n\n\n\n<p>El partido Cabal expreso en un comunicado de Prensa que ellos ya han sido informados de la investigaci\u00f3n que lleva a cabo el MP y que \u201cColaboraras con el Ministerio Publico para dilucidar cualquier duda y en la seguridad que se cumplieron todos los requisitos legales en la constituci\u00f3n del Partido\u201d.<\/p>\n\n\n\n<p>Lo ten\u00edan Preparado<\/p>\n\n\n\n<p>Las reacciones contra eta investigaci\u00f3n del MP contra Cabal fueron analizadas en el programa A Primera Hora, de Emisoras Unidas, que dirige el Periodista Luis Felipe Valenzuela donde dos expertos coinciden que este caso ya se ten\u00eda preparado si hubiera Ganado el Partido Cabal con Edmond Mulet<\/p>\n\n\n\n<p>Luis Fern\u00e1ndez Molina, catedr\u00e1tico universitario, columnista de prensa y exmagistrado de la Corte Suprema de Justicia, consider\u00f3 que no ser\u00eda extra\u00f1o que este \u201ctorpedo\u201d contra Cabal ya lo ten\u00edan listo, en caso de que Mulet quedara en segundo lugar y ahora decidieron dispararlo de todos modos.<\/p>\n\n\n\n<p>En ese sentido, se\u00f1al\u00f3 que es cuestionable que se haya citado a 26 personas cuando, seg\u00fan sus palabras, todo mundo sabe lo lento y limitado que es el MP. Por ello consider\u00f3 que la instituci\u00f3n deber\u00eda priorizar y encargarse de las cuestiones m\u00e1s importantes; sin embargo, se desv\u00eda en ese tipo de informaci\u00f3n.<\/p>\n\n\n\n<p>En tanto, Luis Miguel Reyes, director del \u00e1rea social de la Fundaci\u00f3n Libertad y Desarrollo, comparti\u00f3 la postura emitida por Fern\u00e1ndez, con respecto a que probablemente este caso contra Cabal ya se ten\u00eda planificado.<\/p>\n\n\n\n<p>Aunque se mostr\u00f3 optimista al asegurar que espera que las instituciones van a responder, tanto el Tribunal Supremo Electoral que, en su opini\u00f3n, ha dado buenas se\u00f1ales a partir de la primera vuelta electoral. Y que tambi\u00e9n la Corte de Constitucionalidad va a responder de forma correcta, defendiendo el orden constitucional.<\/p>\n\n\n\n<p><a href=\"https:\/\/www.facebook.com\/hashtag\/metroredes?__eep__=6&amp;__cft__[0]=AZUZaszlOd2wCM4Znb45tp9CEBruAuDapSCtJgmS1-4NkImyejixOIiPeX-m922DUMb5EcovqB_sC_hYomv6eW05MFLhqlhymgLIgHoTFGnZj1jLCz0dBN4dALEjjyJNjHxtryqOx86ykUaAiPJ_8xXo36rsN7Zugd3XwYBZ5EWQfjfY43hvBgdG7MtBpyGMzAk&amp;__tn__=*NK-R\">#Metroredes<\/a><a href=\"https:\/\/www.facebook.com\/hashtag\/partidocabal?__eep__=6&amp;__cft__[0]=AZUZaszlOd2wCM4Znb45tp9CEBruAuDapSCtJgmS1-4NkImyejixOIiPeX-m922DUMb5EcovqB_sC_hYomv6eW05MFLhqlhymgLIgHoTFGnZj1jLCz0dBN4dALEjjyJNjHxtryqOx86ykUaAiPJ_8xXo36rsN7Zugd3XwYBZ5EWQfjfY43hvBgdG7MtBpyGMzAk&amp;__tn__=*NK-R\">#PartidoCabal<\/a><a href=\"https:\/\/www.facebook.com\/hashtag\/emisorasunidas?__eep__=6&amp;__cft__[0]=AZUZaszlOd2wCM4Znb45tp9CEBruAuDapSCtJgmS1-4NkImyejixOIiPeX-m922DUMb5EcovqB_sC_hYomv6eW05MFLhqlhymgLIgHoTFGnZj1jLCz0dBN4dALEjjyJNjHxtryqOx86ykUaAiPJ_8xXo36rsN7Zugd3XwYBZ5EWQfjfY43hvBgdG7MtBpyGMzAk&amp;__tn__=*NK-R\">#EmisorasUnidas<\/a><\/p>\n\n\n\n<p><a rel=\"noreferrer noopener\" href=\"https:\/\/l.facebook.com\/l.php?u=http%3A%2F%2Fwww.elmetropolitano.com.gt%2F%3Ffbclid%3DIwAR09jT8HRqMQ7oCiA4qs7a3SKe64Cb1Kl1SJKOvRSrzGlNxOlBrZSbPrslc&amp;h=AT1dL28-p2-wlLQrVhS0VV6OwHCpMgyGOqQOjM-vtzFFQ9qbuS5aN9nddtISPFzg-Hsmr4L5JDHdv1RzikBe1orzRxgofIafncfqlf7j7gdRaXru3CqZkU-_oMRg2mgbMSeP&amp;__tn__=-UK-R&amp;c[0]=AT3_rgtRe6X48rOGkK2BQpOsyK7wE2ro-VuFA2ikdY3eP1gEawrfemanmJmx08jbYnoKySWZiRW_HUvPVK2_q6j1nwVdAWzh56iYw4a7oizi_AEjjiEeT49e0Kqe0yo9tAtugphZVk7U7vr3YXfvj5PKTEvANPK_0sQOPFyIcDXjRqtCSRbSbOeghPVqoBcrkxoKfDCwHigN\" target=\"_blank\">www.elmetropolitano.com.gt<\/a><\/p>\n\n\n\n<figure class=\"wp-block-gallery has-nested-images columns-default is-cropped wp-block-gallery-1 is-layout-flex wp-block-gallery-is-layout-flex\">\n<figure class=\"wp-block-image size-large\"><img loading=\"lazy\" decoding=\"async\" width=\"1024\" height=\"1024\" data-id=\"71767\" src=\"https:\/\/elmetropolitano.com.gt\/es\/wp-content\/uploads\/2023\/08\/372903287_772268644899221_7456330761778010537_n-1024x1024.jpg\" alt=\"\" class=\"wp-image-71767\" srcset=\"https:\/\/elmetropolitano.com.gt\/es\/wp-content\/uploads\/2023\/08\/372903287_772268644899221_7456330761778010537_n-1024x1024.jpg 1024w, https:\/\/elmetropolitano.com.gt\/es\/wp-content\/uploads\/2023\/08\/372903287_772268644899221_7456330761778010537_n-300x300.jpg 300w, https:\/\/elmetropolitano.com.gt\/es\/wp-content\/uploads\/2023\/08\/372903287_772268644899221_7456330761778010537_n-150x150.jpg 150w, https:\/\/elmetropolitano.com.gt\/es\/wp-content\/uploads\/2023\/08\/372903287_772268644899221_7456330761778010537_n-768x768.jpg 768w, https:\/\/elmetropolitano.com.gt\/es\/wp-content\/uploads\/2023\/08\/372903287_772268644899221_7456330761778010537_n-600x600.jpg 600w, https:\/\/elmetropolitano.com.gt\/es\/wp-content\/uploads\/2023\/08\/372903287_772268644899221_7456330761778010537_n-100x100.jpg 100w, https:\/\/elmetropolitano.com.gt\/es\/wp-content\/uploads\/2023\/08\/372903287_772268644899221_7456330761778010537_n.jpg 1080w\" sizes=\"auto, (max-width: 1024px) 100vw, 1024px\" \/><\/figure>\n\n\n\n<figure class=\"wp-block-image size-large\"><img loading=\"lazy\" decoding=\"async\" width=\"756\" height=\"1024\" data-id=\"71766\" src=\"https:\/\/elmetropolitano.com.gt\/es\/wp-content\/uploads\/2023\/08\/373332888_772268621565890_2207533304503247_n-756x1024.jpg\" alt=\"\" class=\"wp-image-71766\" srcset=\"https:\/\/elmetropolitano.com.gt\/es\/wp-content\/uploads\/2023\/08\/373332888_772268621565890_2207533304503247_n-756x1024.jpg 756w, https:\/\/elmetropolitano.com.gt\/es\/wp-content\/uploads\/2023\/08\/373332888_772268621565890_2207533304503247_n-221x300.jpg 221w, https:\/\/elmetropolitano.com.gt\/es\/wp-content\/uploads\/2023\/08\/373332888_772268621565890_2207533304503247_n-768x1040.jpg 768w, https:\/\/elmetropolitano.com.gt\/es\/wp-content\/uploads\/2023\/08\/373332888_772268621565890_2207533304503247_n-600x813.jpg 600w, https:\/\/elmetropolitano.com.gt\/es\/wp-content\/uploads\/2023\/08\/373332888_772268621565890_2207533304503247_n.jpg 996w\" sizes=\"auto, (max-width: 756px) 100vw, 756px\" \/><\/figure>\n<\/figure>\n","protected":false},"excerpt":{"rendered":"<p>El Ministerio Publico MP que dirige Consuelo Porras por medio de la Fiscal\u00eda de Delitos Electorales ahora va tras el partido CABAL de Edmond Mulet al darle seguimiento a una denuncia por supuestas irregularidades en la forma en que sali\u00f3 a la vida pol\u00edtica con lo que se busca tambi\u00e9n cancelar dicho partido como se <a class=\"read-more\" href=\"https:\/\/elmetropolitano.com.gt\/es\/ahora-el-mp-va-tras-el-partido-cabal-de-edmond-mulet\/\">Leer m\u00e1s<\/a><\/p>\n","protected":false},"author":1,"featured_media":71765,"comment_status":"open","ping_status":"closed","sticky":false,"template":"","format":"standard","meta":{"footnotes":""},"categories":[2],"tags":[12],"class_list":["post-71764","post","type-post","status-publish","format-standard","has-post-thumbnail","hentry","category-nacionales","tag-nacionales"],"_links":{"self":[{"href":"https:\/\/elmetropolitano.com.gt\/es\/wp-json\/wp\/v2\/posts\/71764","targetHints":{"allow":["GET"]}}],"collection":[{"href":"https:\/\/elmetropolitano.com.gt\/es\/wp-json\/wp\/v2\/posts"}],"about":[{"href":"https:\/\/elmetropolitano.com.gt\/es\/wp-json\/wp\/v2\/types\/post"}],"author":[{"embeddable":true,"href":"https:\/\/elmetropolitano.com.gt\/es\/wp-json\/wp\/v2\/users\/1"}],"replies":[{"embeddable":true,"href":"https:\/\/elmetropolitano.com.gt\/es\/wp-json\/wp\/v2\/comments?post=71764"}],"version-history":[{"count":1,"href":"https:\/\/elmetropolitano.com.gt\/es\/wp-json\/wp\/v2\/posts\/71764\/revisions"}],"predecessor-version":[{"id":71768,"href":"https:\/\/elmetropolitano.com.gt\/es\/wp-json\/wp\/v2\/posts\/71764\/revisions\/71768"}],"wp:featuredmedia":[{"embeddable":true,"href":"https:\/\/elmetropolitano.com.gt\/es\/wp-json\/wp\/v2\/media\/71765"}],"wp:attachment":[{"href":"https:\/\/elmetropolitano.com.gt\/es\/wp-json\/wp\/v2\/media?parent=71764"}],"wp:term":[{"taxonomy":"category","embeddable":true,"href":"https:\/\/elmetropolitano.com.gt\/es\/wp-json\/wp\/v2\/categories?post=71764"},{"taxonomy":"post_tag","embeddable":true,"href":"https:\/\/elmetropolitano.com.gt\/es\/wp-json\/wp\/v2\/tags?post=71764"}],"curies":[{"name":"wp","href":"https:\/\/api.w.org\/{rel}","templated":true}]}}