{"id":71779,"date":"2023-09-01T13:23:21","date_gmt":"2023-09-01T19:23:21","guid":{"rendered":"https:\/\/elmetropolitano.com.gt\/es\/?p=71779"},"modified":"2023-09-01T13:23:25","modified_gmt":"2023-09-01T19:23:25","slug":"oea-pide-al-legislativo-ejecutivo-y-judicial-respetar-los-derechos-civiles-del-pueblo","status":"publish","type":"post","link":"https:\/\/elmetropolitano.com.gt\/es\/oea-pide-al-legislativo-ejecutivo-y-judicial-respetar-los-derechos-civiles-del-pueblo\/","title":{"rendered":"OEA pide al legislativo, ejecutivo y judicial, respetar los derechos civiles del pueblo"},"content":{"rendered":"\n<p>Un llamado a que las instituciones del Estad de Guatemala, incluidas las legislativas, ejecutivas y judiciales, quienes deben respetar y garantizar los derechos civiles y pol\u00edticos del pueblo de Guatemala, de conformidad con el derecho interno y sus compromisos bajo la Carta Democr\u00e1tica Interamericana en materia de separaci\u00f3n de poderes as\u00ed como cumplir con la obligaci\u00f3n de proteger los derechos civiles y pol\u00edticos establecidos en el art\u00edculo 23 de la Convenci\u00f3n Americana sobre Derechos Humanos.<\/p>\n\n\n\n<p>Lo anterior fue la declaraci\u00f3n dada a conocer por la Organizaci\u00f3n de Estados Americanos, OEA, firmada y ratificada por los representantes de los pa\u00edses integrantes de esta organizaci\u00f3n, con respecto a la preocupaci\u00f3n que se vive en Guatemala tras los resultados de las elecciones realizadas el pasado 20 de agosto.<\/p><div class=\"elmet-contenido\" id=\"elmet-2842314349\"><div class=\"elmet-adlabel\">Anuncios<\/div><div style=\"margin-top: 20px;margin-right: 20px;margin-bottom: 20px;margin-left: 20px;\" id=\"elmet-1390704264\"><a href=\"https:\/\/www.facebook.com\/arrincuanantigua\/\" aria-label=\"cintillo-arrin-cual\"><img loading=\"lazy\" decoding=\"async\" src=\"https:\/\/elmetropolitano.com.gt\/es\/wp-content\/uploads\/2021\/11\/cintillo-arrin-cual-1.jpg\" alt=\"\"  srcset=\"https:\/\/elmetropolitano.com.gt\/es\/wp-content\/uploads\/2021\/11\/cintillo-arrin-cual-1.jpg 750w, https:\/\/elmetropolitano.com.gt\/es\/wp-content\/uploads\/2021\/11\/cintillo-arrin-cual-1-300x36.jpg 300w, https:\/\/elmetropolitano.com.gt\/es\/wp-content\/uploads\/2021\/11\/cintillo-arrin-cual-1-600x72.jpg 600w\" sizes=\"(max-width: 750px) 100vw, 750px\" width=\"750\" height=\"90\"   \/><\/a><\/div><\/div>\n\n\n\n<p>En la declaraci\u00f3n emitida por esta organizaci\u00f3n y firmada por unanimidad por todos los estados agrupados en esta organizaci\u00f3n debido a la preocupaci\u00f3n a nivel internacional por los \u00faltimos acontecimientos donde todos concuerdan en no judicializar las elecciones que son por medio del voto popular y no en los tribunales.<\/p>\n\n\n\n<p>\u201cTodas las partes interesadas en Guatemala, incluidas todas las autoridades, los partidos pol\u00edticos, la sociedad civil, las fuerzas militares y de seguridad y el p\u00fablico en general, deben actuar de conformidad con el estado de derecho\u201d<\/p>\n\n\n\n<p>Adem\u00e1s, se\u00f1alan que se debe cumplir con el reconocimiento al compromiso adquirido por el gobierno de Guatemala, dirigidos por el presidente Alejandro Giammattei Falla, de coordinar con el equipo ganador de las elecciones, la transici\u00f3n de gobierno, que culminar\u00e1 con la toma de posesi\u00f3n presidencial que se llevar\u00e1 a cabo el 14 de enero del pr\u00f3ximo a\u00f1o.<\/p>\n\n\n\n<p>#metroredes<\/p>\n\n\n\n<p><\/p>\n","protected":false},"excerpt":{"rendered":"<p>Un llamado a que las instituciones del Estad de Guatemala, incluidas las legislativas, ejecutivas y judiciales, quienes deben respetar y garantizar los derechos civiles y pol\u00edticos del pueblo de Guatemala, de conformidad con el derecho interno y sus compromisos bajo la Carta Democr\u00e1tica Interamericana en materia de separaci\u00f3n de poderes as\u00ed como cumplir con la <a class=\"read-more\" href=\"https:\/\/elmetropolitano.com.gt\/es\/oea-pide-al-legislativo-ejecutivo-y-judicial-respetar-los-derechos-civiles-del-pueblo\/\">Leer m\u00e1s<\/a><\/p>\n","protected":false},"author":1,"featured_media":71780,"comment_status":"open","ping_status":"closed","sticky":false,"template":"","format":"standard","meta":{"footnotes":""},"categories":[2],"tags":[12],"class_list":["post-71779","post","type-post","status-publish","format-standard","has-post-thumbnail","hentry","category-nacionales","tag-nacionales"],"_links":{"self":[{"href":"https:\/\/elmetropolitano.com.gt\/es\/wp-json\/wp\/v2\/posts\/71779","targetHints":{"allow":["GET"]}}],"collection":[{"href":"https:\/\/elmetropolitano.com.gt\/es\/wp-json\/wp\/v2\/posts"}],"about":[{"href":"https:\/\/elmetropolitano.com.gt\/es\/wp-json\/wp\/v2\/types\/post"}],"author":[{"embeddable":true,"href":"https:\/\/elmetropolitano.com.gt\/es\/wp-json\/wp\/v2\/users\/1"}],"replies":[{"embeddable":true,"href":"https:\/\/elmetropolitano.com.gt\/es\/wp-json\/wp\/v2\/comments?post=71779"}],"version-history":[{"count":1,"href":"https:\/\/elmetropolitano.com.gt\/es\/wp-json\/wp\/v2\/posts\/71779\/revisions"}],"predecessor-version":[{"id":71781,"href":"https:\/\/elmetropolitano.com.gt\/es\/wp-json\/wp\/v2\/posts\/71779\/revisions\/71781"}],"wp:featuredmedia":[{"embeddable":true,"href":"https:\/\/elmetropolitano.com.gt\/es\/wp-json\/wp\/v2\/media\/71780"}],"wp:attachment":[{"href":"https:\/\/elmetropolitano.com.gt\/es\/wp-json\/wp\/v2\/media?parent=71779"}],"wp:term":[{"taxonomy":"category","embeddable":true,"href":"https:\/\/elmetropolitano.com.gt\/es\/wp-json\/wp\/v2\/categories?post=71779"},{"taxonomy":"post_tag","embeddable":true,"href":"https:\/\/elmetropolitano.com.gt\/es\/wp-json\/wp\/v2\/tags?post=71779"}],"curies":[{"name":"wp","href":"https:\/\/api.w.org\/{rel}","templated":true}]}}