{"id":71783,"date":"2023-09-01T15:28:22","date_gmt":"2023-09-01T21:28:22","guid":{"rendered":"https:\/\/elmetropolitano.com.gt\/es\/?p=71783"},"modified":"2023-09-01T15:28:24","modified_gmt":"2023-09-01T21:28:24","slug":"gobierno-solicita-al-congreso-q124-mil-880-millones-para-presupuesto-nacional","status":"publish","type":"post","link":"https:\/\/elmetropolitano.com.gt\/es\/gobierno-solicita-al-congreso-q124-mil-880-millones-para-presupuesto-nacional\/","title":{"rendered":"Gobierno solicita al Congreso Q124 mil 880 millones para presupuesto nacional"},"content":{"rendered":"\n<p>El Organismo Ejecutivo present\u00f3 este viernes al Congreso de la Rep\u00fablica, el proyecto de Presupuesto General de Ingresos y Egresos del Estado para el a\u00f1o 2024 por Q124 mil 880 millones; Q6 mil 706.6 millones m\u00e1s que el presupuesto vigente para este a\u00f1o que se ubica en Q118,173.4 millones.<\/p>\n\n\n\n<p>Las autoridades de Finanzas aseguran que para cubrir el Presupuesto se tiene previsto que la Superintendencia de <a><\/a>Administraci\u00f3n Tributaria -SAT- recaude Q98 mil 533.3 millones, se adquiera deuda mediante Bonos del Tesoro por Q10 mil 587.2 millones; pr\u00e9stamos por Q3 mil 084.8 millones, y el resto con saldos de caja que queden de este a\u00f1o.<\/p><div class=\"elmet-contenido\" id=\"elmet-1763347463\"><div class=\"elmet-adlabel\">Anuncios<\/div><div style=\"margin-top: 20px;margin-right: 20px;margin-bottom: 20px;margin-left: 20px;\" id=\"elmet-1668590049\"><a href=\"https:\/\/www.facebook.com\/arrincuanantigua\/\" aria-label=\"cintillo-arrin-cual\"><img loading=\"lazy\" decoding=\"async\" src=\"https:\/\/elmetropolitano.com.gt\/es\/wp-content\/uploads\/2021\/11\/cintillo-arrin-cual-1.jpg\" alt=\"\"  srcset=\"https:\/\/elmetropolitano.com.gt\/es\/wp-content\/uploads\/2021\/11\/cintillo-arrin-cual-1.jpg 750w, https:\/\/elmetropolitano.com.gt\/es\/wp-content\/uploads\/2021\/11\/cintillo-arrin-cual-1-300x36.jpg 300w, https:\/\/elmetropolitano.com.gt\/es\/wp-content\/uploads\/2021\/11\/cintillo-arrin-cual-1-600x72.jpg 600w\" sizes=\"(max-width: 750px) 100vw, 750px\" width=\"750\" height=\"90\"   \/><\/a><\/div><\/div>\n\n\n\n<p>Edwin Mart\u00ednez, ministro de Finanzas P\u00fablicas, dijo que la propuesta esta enfocada en el desarrollo sostenible del pa\u00eds, por lo que el 89.6 por ciento de lo solicitado esta previsto para atender seis \u00e1reas: las obligaciones del Estado a cargo del tesoro, el Ministerio de Educaci\u00f3n, el pago de servicios de la deuda p\u00fablica, los requerimientos del Ministerio de Salud P\u00fabica y Asistencia Social, los programas del Ministerio de Gobernaci\u00f3n y los proyectos del Ministerio de Comunicaciones, Infraestructura y Vivienda.<\/p>\n\n\n\n<p>El proyecto fue recibido en el Congreso por el diputado Herbert Melgar Padilla en nombre de la Junta Directiva y el presidente de la Comisi\u00f3n de Finanzas P\u00fablicas y Moneda , C\u00e1ndido Leal.<\/p>\n\n\n\n<p>Se espera que el Presupuesto sea le\u00eddo la pr\u00f3xima semana en el pleno para enviarlo a Comisi\u00f3n. Leal anunci\u00f3 que a partir de la segunda semana de septiembre se iniciar\u00e1 con las audiencias p\u00fablicas para discutir el proyecto que debe quedar aprobado el 30 de noviembre.<\/p>\n\n\n\n<p>Distribuci\u00f3n<\/p>\n\n\n\n<p>Presidencia de la Rep\u00fabli a<\/p>\n\n\n\n<p>Aprobado 2023 205.0<\/p>\n\n\n\n<p>Solicitado 2024 200.0<\/p>\n\n\n\n<p>M. de Relaciones Exteriores<\/p>\n\n\n\n<p>Aprobado 2023 739.8<\/p>\n\n\n\n<p>Solicitado 2024 784.8<\/p>\n\n\n\n<p>Ministerio de Gobernaci\u00f3n<\/p>\n\n\n\n<p>Aprobado 2023 7,383.5<\/p>\n\n\n\n<p>Solicitado 2024 7,839.2<\/p>\n\n\n\n<p>Ministerio de la Defensa<\/p>\n\n\n\n<p>Aprobado 2023 3,222.3<\/p>\n\n\n\n<p>Solicitado 2024 3,502.0<\/p>\n\n\n\n<p>Ministerio de Finanzas<\/p>\n\n\n\n<p>Aprobado 2023 397.0<\/p>\n\n\n\n<p>Solicitado 2024 404.7<\/p>\n\n\n\n<p>Ministerio de Educaci\u00f3n<\/p>\n\n\n\n<p>Aprobado 2023 22,254.4<\/p>\n\n\n\n<p>Solicitado 2024 23,050.6<\/p>\n\n\n\n<p>Minusterio de Salud<\/p>\n\n\n\n<p>Aprobado 2023 12,053.4<\/p>\n\n\n\n<p>Solicitado 2024 12,555.1<\/p>\n\n\n\n<p>Ministerio de Trabajo<\/p>\n\n\n\n<p>Aprobado 2023 1,413.5<\/p>\n\n\n\n<p>Solicitado 2024 1,425.7<\/p>\n\n\n\n<p>Ministerio de Econom\u00eda<\/p>\n\n\n\n<p>Aprobado 2023 497.0<\/p>\n\n\n\n<p>Solicitado 2024 504.8<\/p>\n\n\n\n<p>Ministerio de Agricultura<\/p>\n\n\n\n<p>Aprobado 2023 1,514.2<\/p>\n\n\n\n<p>Solicitado 2024 1,676.0<\/p>\n\n\n\n<p>Ministerio de Comunicaciones<\/p>\n\n\n\n<p>Aprobado 2023 6,990.1<\/p>\n\n\n\n<p>Solo Italo 2024 6,580.0<\/p>\n\n\n\n<p>Ministerio de Energ\u00eda<\/p>\n\n\n\n<p>Aprobado 2023 242.7<\/p>\n\n\n\n<p>Solicitado 2024 101.0<\/p>\n\n\n\n<p>Ministerio de Cultura<\/p>\n\n\n\n<p>Aprobado 672.7<\/p>\n\n\n\n<p>Solicitado 2024 720.6<\/p>\n\n\n\n<p>Secretar\u00edas<\/p>\n\n\n\n<p>1,434.4<\/p>\n\n\n\n<p>1,452.3<\/p>\n\n\n\n<p>Ministerio de Ambiente<\/p>\n\n\n\n<p>Aprobado 2023 277.6<\/p>\n\n\n\n<p>Solicitado 2024 255.8<\/p>\n\n\n\n<p>Obligaciones<\/p>\n\n\n\n<p>Aprobado 2023 40,853.7<\/p>\n\n\n\n<p>Solicitado 2024 41,132.9<\/p>\n\n\n\n<p>Servicios de la Deuda P\u00fablica<\/p>\n\n\n\n<p>Aprobado 2023 16,141.7<\/p>\n\n\n\n<p>Solicitado 2024 20,778.4<\/p>\n\n\n\n<p>Ministerio de Desarrollo<\/p>\n\n\n\n<p>Aprobado 2023 1,728.1<\/p>\n\n\n\n<p>Solicitado 2024 1,737.8<\/p>\n\n\n\n<p>Procuradur\u00eda<\/p>\n\n\n\n<p>Aprobado 2023 152.3<\/p>\n\n\n\n<p>Solicitado 2024 178.3<\/p>\n\n\n\n<p>Total<\/p>\n\n\n\n<p>Aprobado 2023 118,173.4<\/p>\n\n\n\n<p>Solicitado 2024 124,880.0<\/p>\n\n\n\n<p>*Cifra aprobada en el Presupuesto 2023, no incluye ampliaciones.<\/p>\n\n\n\n<p>Fuente: Ministerio de Finanzas P\u00fablicas.<\/p>\n\n\n\n<p>Texto: De Nuestra Redacci\u00f3n<\/p>\n\n\n\n<p><a href=\"https:\/\/www.facebook.com\/hashtag\/metroredes?__eep__=6&amp;__cft__[0]=AZXQYHAPzFikg3aZL8IzDDOnC_gW1EgchusTPHSErS83KVjiXwwb-FKgcaHYmg0P43ua3FoV7Rj8oodo40ibUv36ap_63dg0VMqSN_lKiS_c_zS1VpqBsyZItu50ssCr6D-YZ_7wjHV6Su6y-rQVceQ2Y-7uD80B3Hb6adOwckFQGb4NvZXpBzUY8mcUO8Kvdp8&amp;__tn__=*NK-R\">#metroredes<\/a><a href=\"https:\/\/www.facebook.com\/hashtag\/presupuesto2024?__eep__=6&amp;__cft__[0]=AZXQYHAPzFikg3aZL8IzDDOnC_gW1EgchusTPHSErS83KVjiXwwb-FKgcaHYmg0P43ua3FoV7Rj8oodo40ibUv36ap_63dg0VMqSN_lKiS_c_zS1VpqBsyZItu50ssCr6D-YZ_7wjHV6Su6y-rQVceQ2Y-7uD80B3Hb6adOwckFQGb4NvZXpBzUY8mcUO8Kvdp8&amp;__tn__=*NK-R\">#Presupuesto2024<\/a><\/p>\n\n\n\n<p><a href=\"https:\/\/www.facebook.com\/hashtag\/congresodelarepublicagt?__eep__=6&amp;__cft__[0]=AZXQYHAPzFikg3aZL8IzDDOnC_gW1EgchusTPHSErS83KVjiXwwb-FKgcaHYmg0P43ua3FoV7Rj8oodo40ibUv36ap_63dg0VMqSN_lKiS_c_zS1VpqBsyZItu50ssCr6D-YZ_7wjHV6Su6y-rQVceQ2Y-7uD80B3Hb6adOwckFQGb4NvZXpBzUY8mcUO8Kvdp8&amp;__tn__=*NK-R\">#CongresoDeLaRepublicagt<\/a><a href=\"https:\/\/www.facebook.com\/hashtag\/economia?__eep__=6&amp;__cft__[0]=AZXQYHAPzFikg3aZL8IzDDOnC_gW1EgchusTPHSErS83KVjiXwwb-FKgcaHYmg0P43ua3FoV7Rj8oodo40ibUv36ap_63dg0VMqSN_lKiS_c_zS1VpqBsyZItu50ssCr6D-YZ_7wjHV6Su6y-rQVceQ2Y-7uD80B3Hb6adOwckFQGb4NvZXpBzUY8mcUO8Kvdp8&amp;__tn__=*NK-R\">#economia<\/a><\/p>\n\n\n\n<figure class=\"wp-block-gallery has-nested-images columns-default is-cropped wp-block-gallery-1 is-layout-flex wp-block-gallery-is-layout-flex\">\n<figure class=\"wp-block-image size-large\"><img loading=\"lazy\" decoding=\"async\" width=\"682\" height=\"1024\" data-id=\"71785\" src=\"https:\/\/elmetropolitano.com.gt\/es\/wp-content\/uploads\/2023\/09\/371529525_772843531508399_7433420898362532176_n-682x1024.jpg\" alt=\"\" class=\"wp-image-71785\" srcset=\"https:\/\/elmetropolitano.com.gt\/es\/wp-content\/uploads\/2023\/09\/371529525_772843531508399_7433420898362532176_n-682x1024.jpg 682w, https:\/\/elmetropolitano.com.gt\/es\/wp-content\/uploads\/2023\/09\/371529525_772843531508399_7433420898362532176_n-200x300.jpg 200w, https:\/\/elmetropolitano.com.gt\/es\/wp-content\/uploads\/2023\/09\/371529525_772843531508399_7433420898362532176_n-768x1152.jpg 768w, https:\/\/elmetropolitano.com.gt\/es\/wp-content\/uploads\/2023\/09\/371529525_772843531508399_7433420898362532176_n-600x900.jpg 600w, https:\/\/elmetropolitano.com.gt\/es\/wp-content\/uploads\/2023\/09\/371529525_772843531508399_7433420898362532176_n.jpg 853w\" sizes=\"auto, (max-width: 682px) 100vw, 682px\" \/><\/figure>\n\n\n\n<figure class=\"wp-block-image size-large\"><img loading=\"lazy\" decoding=\"async\" width=\"1024\" height=\"682\" data-id=\"71786\" src=\"https:\/\/elmetropolitano.com.gt\/es\/wp-content\/uploads\/2023\/09\/371540892_772843568175062_3044884397495414013_n-1024x682.jpg\" alt=\"\" class=\"wp-image-71786\" srcset=\"https:\/\/elmetropolitano.com.gt\/es\/wp-content\/uploads\/2023\/09\/371540892_772843568175062_3044884397495414013_n-1024x682.jpg 1024w, https:\/\/elmetropolitano.com.gt\/es\/wp-content\/uploads\/2023\/09\/371540892_772843568175062_3044884397495414013_n-300x200.jpg 300w, https:\/\/elmetropolitano.com.gt\/es\/wp-content\/uploads\/2023\/09\/371540892_772843568175062_3044884397495414013_n-768x512.jpg 768w, https:\/\/elmetropolitano.com.gt\/es\/wp-content\/uploads\/2023\/09\/371540892_772843568175062_3044884397495414013_n-600x400.jpg 600w, https:\/\/elmetropolitano.com.gt\/es\/wp-content\/uploads\/2023\/09\/371540892_772843568175062_3044884397495414013_n.jpg 1280w\" sizes=\"auto, (max-width: 1024px) 100vw, 1024px\" \/><\/figure>\n<\/figure>\n","protected":false},"excerpt":{"rendered":"<p>El Organismo Ejecutivo present\u00f3 este viernes al Congreso de la Rep\u00fablica, el proyecto de Presupuesto General de Ingresos y Egresos del Estado para el a\u00f1o 2024 por Q124 mil 880 millones; Q6 mil 706.6 millones m\u00e1s que el presupuesto vigente para este a\u00f1o que se ubica en Q118,173.4 millones. Las autoridades de Finanzas aseguran que <a class=\"read-more\" href=\"https:\/\/elmetropolitano.com.gt\/es\/gobierno-solicita-al-congreso-q124-mil-880-millones-para-presupuesto-nacional\/\">Leer m\u00e1s<\/a><\/p>\n","protected":false},"author":1,"featured_media":71784,"comment_status":"open","ping_status":"closed","sticky":false,"template":"","format":"standard","meta":{"footnotes":""},"categories":[2],"tags":[12],"class_list":["post-71783","post","type-post","status-publish","format-standard","has-post-thumbnail","hentry","category-nacionales","tag-nacionales"],"_links":{"self":[{"href":"https:\/\/elmetropolitano.com.gt\/es\/wp-json\/wp\/v2\/posts\/71783","targetHints":{"allow":["GET"]}}],"collection":[{"href":"https:\/\/elmetropolitano.com.gt\/es\/wp-json\/wp\/v2\/posts"}],"about":[{"href":"https:\/\/elmetropolitano.com.gt\/es\/wp-json\/wp\/v2\/types\/post"}],"author":[{"embeddable":true,"href":"https:\/\/elmetropolitano.com.gt\/es\/wp-json\/wp\/v2\/users\/1"}],"replies":[{"embeddable":true,"href":"https:\/\/elmetropolitano.com.gt\/es\/wp-json\/wp\/v2\/comments?post=71783"}],"version-history":[{"count":1,"href":"https:\/\/elmetropolitano.com.gt\/es\/wp-json\/wp\/v2\/posts\/71783\/revisions"}],"predecessor-version":[{"id":71787,"href":"https:\/\/elmetropolitano.com.gt\/es\/wp-json\/wp\/v2\/posts\/71783\/revisions\/71787"}],"wp:featuredmedia":[{"embeddable":true,"href":"https:\/\/elmetropolitano.com.gt\/es\/wp-json\/wp\/v2\/media\/71784"}],"wp:attachment":[{"href":"https:\/\/elmetropolitano.com.gt\/es\/wp-json\/wp\/v2\/media?parent=71783"}],"wp:term":[{"taxonomy":"category","embeddable":true,"href":"https:\/\/elmetropolitano.com.gt\/es\/wp-json\/wp\/v2\/categories?post=71783"},{"taxonomy":"post_tag","embeddable":true,"href":"https:\/\/elmetropolitano.com.gt\/es\/wp-json\/wp\/v2\/tags?post=71783"}],"curies":[{"name":"wp","href":"https:\/\/api.w.org\/{rel}","templated":true}]}}