{"id":71798,"date":"2023-09-02T10:50:33","date_gmt":"2023-09-02T16:50:33","guid":{"rendered":"https:\/\/elmetropolitano.com.gt\/es\/?p=71798"},"modified":"2023-09-02T10:50:36","modified_gmt":"2023-09-02T16:50:36","slug":"la-marca-mini-ha-sido-un-ejemplo-de-movilidad-inspiradora-durante-64-anos","status":"publish","type":"post","link":"https:\/\/elmetropolitano.com.gt\/es\/la-marca-mini-ha-sido-un-ejemplo-de-movilidad-inspiradora-durante-64-anos\/","title":{"rendered":"La marca MINI ha sido un ejemplo de movilidad inspiradora durante 64 a\u00f1os"},"content":{"rendered":"\n<p>Hace 64 a\u00f1os, a finales de agosto de 1959, se present\u00f3 el primer Mini Cl\u00e1sico, el cual brindaba mucho espacio interior con las dimensiones exteriores m\u00e1s peque\u00f1as posibles, este veh\u00edculo era para cuatro ocupantes, contaba con caracter\u00edsticas de conducci\u00f3n impecables, bajo consumo de combustible y un precio accesible: estas fueron las especificaciones que sigui\u00f3 el creador del Mini, el dise\u00f1ador Sir Alec <a><\/a>Issigonis.<\/p>\n\n\n\n<p>Desde el relanzamiento de la marca con la introducci\u00f3n en el mercado de \u201cEl nuevo MINI\u201d en 2001, se ha mantenido el objetivo de hace 64 a\u00f1os el cual sigue siendo v\u00e1lido hoy en d\u00eda para el MINI 3 Puertas, MINI 5 Puertas y MINI Convertible en el segmento de veh\u00edculos peque\u00f1os, as\u00ed como para el MINI Clubman y el MINI Countryman en el segmento de los compactos Premium. Todos ellos muestran sus puntos fuertes individuales y cada uno tiene su propio car\u00e1cter \u00fanico, pero en esencia son, por encima de todo, la misma cosa: un MINI.<\/p><div class=\"elmet-contenido\" id=\"elmet-1344636157\"><div class=\"elmet-adlabel\">Anuncios<\/div><div style=\"margin-top: 20px;margin-right: 20px;margin-bottom: 20px;margin-left: 20px;\" id=\"elmet-3416926035\"><a href=\"https:\/\/www.facebook.com\/arrincuanantigua\/\" aria-label=\"cintillo-arrin-cual\"><img loading=\"lazy\" decoding=\"async\" src=\"https:\/\/elmetropolitano.com.gt\/es\/wp-content\/uploads\/2021\/11\/cintillo-arrin-cual-1.jpg\" alt=\"\"  srcset=\"https:\/\/elmetropolitano.com.gt\/es\/wp-content\/uploads\/2021\/11\/cintillo-arrin-cual-1.jpg 750w, https:\/\/elmetropolitano.com.gt\/es\/wp-content\/uploads\/2021\/11\/cintillo-arrin-cual-1-300x36.jpg 300w, https:\/\/elmetropolitano.com.gt\/es\/wp-content\/uploads\/2021\/11\/cintillo-arrin-cual-1-600x72.jpg 600w\" sizes=\"(max-width: 750px) 100vw, 750px\" width=\"750\" height=\"90\"   \/><\/a><\/div><\/div>\n\n\n\n<p>En 2008, por primera vez en MINI se us\u00f3 el lema: Manejo divertido, cero emisiones. Con el MINI E, BMW Group marc\u00f3 un hito en el camino hacia una movilidad independiente de los combustibles f\u00f3siles. En total, en una prueba piloto se entregaron m\u00e1s de 500 unidades del MINI totalmente el\u00e9ctrico a grupos objetivos seleccionados.<\/p>\n\n\n\n<p>Desde 2017, el MINI Cooper SE Countryman ALL4 es el primer MINI en el que un sistema de propulsi\u00f3n h\u00edbrido conectable abre la posibilidad de una movilidad puramente el\u00e9ctrica y, por tanto, libre de emisiones a nivel local y deleita con su agilidad deportiva y su versatilidad superior. El sistema h\u00edbrido conectable de este robusto todoterreno consta de un motor de gasolina de tres cilindros con tecnolog\u00eda MINI TwinPower Turbo, que dirige su potencia a las ruedas delanteras, y un propulsor el\u00e9ctrico que act\u00faa sobre las ruedas traseras. Juntos generan una potencia del sistema de 224 hp.<\/p>\n\n\n\n<p>Con el MINI Cooper SE, que se lanz\u00f3 al mercado global en 2019, MINI volvi\u00f3 a dar un impulso innovador a la movilidad urbana. La entrega espont\u00e1nea de potencia del motor el\u00e9ctrico de 184 hp, la puesta a punto del chasis espec\u00edfica del modelo y el bajo centro de gravedad del veh\u00edculo ayudan al MINI Cooper SE a alcanzar la agilidad t\u00edpica de la marca. La bater\u00eda de iones de litio de alto voltaje, situada en la parte baja del veh\u00edculo, permite una autonom\u00eda de hasta 234 kil\u00f3metros, determinada en el ciclo de pruebas WLTP.<\/p>\n\n\n\n<p>El MINI Cooper SE Convertible es el primer descapotable Premium libre de emisiones del mundo en el segmento de veh\u00edculos peque\u00f1os. El sistema de propulsi\u00f3n el\u00e9ctrica acelera suavemente el MINI Cooper SE Convertible desde el reposo hasta los 100 km\/h en 7.3 segundos. Con una autonom\u00eda de hasta 201 kil\u00f3metros determinada en el ciclo de pruebas WLTP, las excursiones al aire libre son posibles mucho m\u00e1s all\u00e1 de los l\u00edmites de la ciudad. Acorta la transici\u00f3n a la familia de modelos de pr\u00f3xima generaci\u00f3n totalmente el\u00e9ctricos, digitales y distintivos.<\/p>\n\n\n\n<p>MINI sigue constantemente el camino hacia una gama de modelos totalmente el\u00e9ctricos. Los dos primeros miembros de la nueva familia MINI se dar\u00e1n a conocer en el IAA: Sal\u00f3n Internacional del Autom\u00f3vil de M\u00fanich, del 5 al 10 de septiembre de 2023. Y as\u00ed, en su 64\u00ba aniversario, MINI se regala un futuro brillante, con un \u201cGo-Kart Feeling\u201d el\u00e9ctrico, circular y digital<\/p>\n\n\n\n<p><a href=\"https:\/\/www.facebook.com\/hashtag\/minicuper?__eep__=6&amp;__cft__[0]=AZXb6fXTm-TLiZ4DEpOqhLdXimnIRl9H5021nGTK90NbyZoYRzYe4s4uzRE5m3AjmtvjJRfSGV25EaNeSmPNIEVM_OPKk0xzznfUNukIPqQ2gCaYg1EkROqqRDmjHBfTfWCObyHTUchfOGBjiBEzwRN3d3GlsgszLYVzb9S84hI6T-0SZZgHsBVjmZphJL_f1MA&amp;__tn__=*NK-R\">#minicuper<\/a><a href=\"https:\/\/www.facebook.com\/hashtag\/metroredes?__eep__=6&amp;__cft__[0]=AZXb6fXTm-TLiZ4DEpOqhLdXimnIRl9H5021nGTK90NbyZoYRzYe4s4uzRE5m3AjmtvjJRfSGV25EaNeSmPNIEVM_OPKk0xzznfUNukIPqQ2gCaYg1EkROqqRDmjHBfTfWCObyHTUchfOGBjiBEzwRN3d3GlsgszLYVzb9S84hI6T-0SZZgHsBVjmZphJL_f1MA&amp;__tn__=*NK-R\">#metroredes<\/a><\/p>\n\n\n\n<p><\/p>\n","protected":false},"excerpt":{"rendered":"<p>Hace 64 a\u00f1os, a finales de agosto de 1959, se present\u00f3 el primer Mini Cl\u00e1sico, el cual brindaba mucho espacio interior con las dimensiones exteriores m\u00e1s peque\u00f1as posibles, este veh\u00edculo era para cuatro ocupantes, contaba con caracter\u00edsticas de conducci\u00f3n impecables, bajo consumo de combustible y un precio accesible: estas fueron las especificaciones que sigui\u00f3 el <a class=\"read-more\" href=\"https:\/\/elmetropolitano.com.gt\/es\/la-marca-mini-ha-sido-un-ejemplo-de-movilidad-inspiradora-durante-64-anos\/\">Leer m\u00e1s<\/a><\/p>\n","protected":false},"author":1,"featured_media":71799,"comment_status":"open","ping_status":"closed","sticky":false,"template":"","format":"standard","meta":{"footnotes":""},"categories":[31],"tags":[32],"class_list":["post-71798","post","type-post","status-publish","format-standard","has-post-thumbnail","hentry","category-metroimpulso","tag-metroimpulso"],"_links":{"self":[{"href":"https:\/\/elmetropolitano.com.gt\/es\/wp-json\/wp\/v2\/posts\/71798","targetHints":{"allow":["GET"]}}],"collection":[{"href":"https:\/\/elmetropolitano.com.gt\/es\/wp-json\/wp\/v2\/posts"}],"about":[{"href":"https:\/\/elmetropolitano.com.gt\/es\/wp-json\/wp\/v2\/types\/post"}],"author":[{"embeddable":true,"href":"https:\/\/elmetropolitano.com.gt\/es\/wp-json\/wp\/v2\/users\/1"}],"replies":[{"embeddable":true,"href":"https:\/\/elmetropolitano.com.gt\/es\/wp-json\/wp\/v2\/comments?post=71798"}],"version-history":[{"count":1,"href":"https:\/\/elmetropolitano.com.gt\/es\/wp-json\/wp\/v2\/posts\/71798\/revisions"}],"predecessor-version":[{"id":71800,"href":"https:\/\/elmetropolitano.com.gt\/es\/wp-json\/wp\/v2\/posts\/71798\/revisions\/71800"}],"wp:featuredmedia":[{"embeddable":true,"href":"https:\/\/elmetropolitano.com.gt\/es\/wp-json\/wp\/v2\/media\/71799"}],"wp:attachment":[{"href":"https:\/\/elmetropolitano.com.gt\/es\/wp-json\/wp\/v2\/media?parent=71798"}],"wp:term":[{"taxonomy":"category","embeddable":true,"href":"https:\/\/elmetropolitano.com.gt\/es\/wp-json\/wp\/v2\/categories?post=71798"},{"taxonomy":"post_tag","embeddable":true,"href":"https:\/\/elmetropolitano.com.gt\/es\/wp-json\/wp\/v2\/tags?post=71798"}],"curies":[{"name":"wp","href":"https:\/\/api.w.org\/{rel}","templated":true}]}}