{"id":71806,"date":"2023-09-02T10:55:09","date_gmt":"2023-09-02T16:55:09","guid":{"rendered":"https:\/\/elmetropolitano.com.gt\/es\/?p=71806"},"modified":"2023-09-02T10:55:11","modified_gmt":"2023-09-02T16:55:11","slug":"hoy-inicia-jornada-de-protesta-en-despensa-de-la-democracia","status":"publish","type":"post","link":"https:\/\/elmetropolitano.com.gt\/es\/hoy-inicia-jornada-de-protesta-en-despensa-de-la-democracia\/","title":{"rendered":"Hoy inicia jornada de protesta en despensa de la Democracia"},"content":{"rendered":"\n<p>La tarde de hoy s\u00e1bado se realizar\u00e1 una jornada de protestas y denuncias en contra del Ministerio P\u00fablico MP y la la Plaza de la constituci\u00f3n por diversos sectores del pa\u00eds.<\/p>\n\n\n\n<p>El <a><\/a>objetivo es exigir la renuncia de la Fiscal Consuelo Porras por atentar cobtra la democracia al enfilar sus bater\u00edas contra el Partido Movimiento Semilla que gan\u00f3 con Bernanrdo Ar\u00e9valo las elecciones.<\/p><div class=\"elmet-contenido\" id=\"elmet-1032711189\"><div class=\"elmet-adlabel\">Anuncios<\/div><div style=\"margin-top: 20px;margin-right: 20px;margin-bottom: 20px;margin-left: 20px;\" id=\"elmet-1691074023\"><a href=\"https:\/\/www.facebook.com\/arrincuanantigua\/\" aria-label=\"cintillo-arrin-cual\"><img loading=\"lazy\" decoding=\"async\" src=\"https:\/\/elmetropolitano.com.gt\/es\/wp-content\/uploads\/2021\/11\/cintillo-arrin-cual-1.jpg\" alt=\"\"  srcset=\"https:\/\/elmetropolitano.com.gt\/es\/wp-content\/uploads\/2021\/11\/cintillo-arrin-cual-1.jpg 750w, https:\/\/elmetropolitano.com.gt\/es\/wp-content\/uploads\/2021\/11\/cintillo-arrin-cual-1-300x36.jpg 300w, https:\/\/elmetropolitano.com.gt\/es\/wp-content\/uploads\/2021\/11\/cintillo-arrin-cual-1-600x72.jpg 600w\" sizes=\"(max-width: 750px) 100vw, 750px\" width=\"750\" height=\"90\"   \/><\/a><\/div><\/div>\n\n\n\n<p>Tambi\u00e9n el empresario y l\u00edder pol\u00edtico Roberto Arzu realizar\u00e1 una protesta en la Plaza de la constituci\u00f3n.<\/p>\n\n\n\n<p><a href=\"https:\/\/www.facebook.com\/hashtag\/metroredes?__eep__=6&amp;__cft__[0]=AZXLgzzTrjLxpqZDWkqn5jz9AnSHSA9QP-EFyuulQAVKWOCrqcGHUi1Hqo3gJleRPEl-1LZXP2OjwJySfBlknlNQQa3jtoqg9xrlxxdO8oPEVDEXMwkdptmzS0y2qCrDol7CiGvhAysesv--YVim2_yyqr-LfseBmOegxR3eHEa8GvJZUTrnGeu-XpWu1lcFnLA&amp;__tn__=*NK-R\">#metroredes<\/a><\/p>\n\n\n\n<figure class=\"wp-block-gallery has-nested-images columns-default is-cropped wp-block-gallery-1 is-layout-flex wp-block-gallery-is-layout-flex\">\n<figure class=\"wp-block-image size-large\"><img loading=\"lazy\" decoding=\"async\" width=\"1024\" height=\"1024\" data-id=\"71812\" src=\"https:\/\/elmetropolitano.com.gt\/es\/wp-content\/uploads\/2023\/09\/370319790_773285041464248_355323487414219515_n-1024x1024.jpg\" alt=\"\" class=\"wp-image-71812\" srcset=\"https:\/\/elmetropolitano.com.gt\/es\/wp-content\/uploads\/2023\/09\/370319790_773285041464248_355323487414219515_n-1024x1024.jpg 1024w, https:\/\/elmetropolitano.com.gt\/es\/wp-content\/uploads\/2023\/09\/370319790_773285041464248_355323487414219515_n-300x300.jpg 300w, https:\/\/elmetropolitano.com.gt\/es\/wp-content\/uploads\/2023\/09\/370319790_773285041464248_355323487414219515_n-150x150.jpg 150w, https:\/\/elmetropolitano.com.gt\/es\/wp-content\/uploads\/2023\/09\/370319790_773285041464248_355323487414219515_n-768x768.jpg 768w, https:\/\/elmetropolitano.com.gt\/es\/wp-content\/uploads\/2023\/09\/370319790_773285041464248_355323487414219515_n-600x600.jpg 600w, https:\/\/elmetropolitano.com.gt\/es\/wp-content\/uploads\/2023\/09\/370319790_773285041464248_355323487414219515_n-100x100.jpg 100w, https:\/\/elmetropolitano.com.gt\/es\/wp-content\/uploads\/2023\/09\/370319790_773285041464248_355323487414219515_n.jpg 1080w\" sizes=\"auto, (max-width: 1024px) 100vw, 1024px\" \/><\/figure>\n\n\n\n<figure class=\"wp-block-image size-large\"><img loading=\"lazy\" decoding=\"async\" width=\"680\" height=\"570\" data-id=\"71808\" src=\"https:\/\/elmetropolitano.com.gt\/es\/wp-content\/uploads\/2023\/09\/370359000_773279968131422_1974024919770881948_n-1.jpg\" alt=\"\" class=\"wp-image-71808\" srcset=\"https:\/\/elmetropolitano.com.gt\/es\/wp-content\/uploads\/2023\/09\/370359000_773279968131422_1974024919770881948_n-1.jpg 680w, https:\/\/elmetropolitano.com.gt\/es\/wp-content\/uploads\/2023\/09\/370359000_773279968131422_1974024919770881948_n-1-300x251.jpg 300w, https:\/\/elmetropolitano.com.gt\/es\/wp-content\/uploads\/2023\/09\/370359000_773279968131422_1974024919770881948_n-1-600x503.jpg 600w\" sizes=\"auto, (max-width: 680px) 100vw, 680px\" \/><\/figure>\n\n\n\n<figure class=\"wp-block-image size-large\"><img loading=\"lazy\" decoding=\"async\" width=\"844\" height=\"1024\" data-id=\"71810\" src=\"https:\/\/elmetropolitano.com.gt\/es\/wp-content\/uploads\/2023\/09\/370382417_773284878130931_3262773177077793323_n-844x1024.jpg\" alt=\"\" class=\"wp-image-71810\" srcset=\"https:\/\/elmetropolitano.com.gt\/es\/wp-content\/uploads\/2023\/09\/370382417_773284878130931_3262773177077793323_n-844x1024.jpg 844w, https:\/\/elmetropolitano.com.gt\/es\/wp-content\/uploads\/2023\/09\/370382417_773284878130931_3262773177077793323_n-247x300.jpg 247w, https:\/\/elmetropolitano.com.gt\/es\/wp-content\/uploads\/2023\/09\/370382417_773284878130931_3262773177077793323_n-768x932.jpg 768w, https:\/\/elmetropolitano.com.gt\/es\/wp-content\/uploads\/2023\/09\/370382417_773284878130931_3262773177077793323_n-600x728.jpg 600w, https:\/\/elmetropolitano.com.gt\/es\/wp-content\/uploads\/2023\/09\/370382417_773284878130931_3262773177077793323_n.jpg 989w\" sizes=\"auto, (max-width: 844px) 100vw, 844px\" \/><\/figure>\n\n\n\n<figure class=\"wp-block-image size-large\"><img loading=\"lazy\" decoding=\"async\" width=\"844\" height=\"1024\" data-id=\"71809\" src=\"https:\/\/elmetropolitano.com.gt\/es\/wp-content\/uploads\/2023\/09\/371116676_773284898130929_78552325660356514_n-844x1024.jpg\" alt=\"\" class=\"wp-image-71809\" srcset=\"https:\/\/elmetropolitano.com.gt\/es\/wp-content\/uploads\/2023\/09\/371116676_773284898130929_78552325660356514_n-844x1024.jpg 844w, https:\/\/elmetropolitano.com.gt\/es\/wp-content\/uploads\/2023\/09\/371116676_773284898130929_78552325660356514_n-247x300.jpg 247w, https:\/\/elmetropolitano.com.gt\/es\/wp-content\/uploads\/2023\/09\/371116676_773284898130929_78552325660356514_n-768x932.jpg 768w, https:\/\/elmetropolitano.com.gt\/es\/wp-content\/uploads\/2023\/09\/371116676_773284898130929_78552325660356514_n-600x728.jpg 600w, https:\/\/elmetropolitano.com.gt\/es\/wp-content\/uploads\/2023\/09\/371116676_773284898130929_78552325660356514_n.jpg 1055w\" sizes=\"auto, (max-width: 844px) 100vw, 844px\" \/><\/figure>\n\n\n\n<figure class=\"wp-block-image size-large\"><img loading=\"lazy\" decoding=\"async\" width=\"691\" height=\"1024\" data-id=\"71811\" src=\"https:\/\/elmetropolitano.com.gt\/es\/wp-content\/uploads\/2023\/09\/373549749_773284871464265_6551579936134867515_n.jpg\" alt=\"\" class=\"wp-image-71811\" srcset=\"https:\/\/elmetropolitano.com.gt\/es\/wp-content\/uploads\/2023\/09\/373549749_773284871464265_6551579936134867515_n.jpg 691w, https:\/\/elmetropolitano.com.gt\/es\/wp-content\/uploads\/2023\/09\/373549749_773284871464265_6551579936134867515_n-202x300.jpg 202w, https:\/\/elmetropolitano.com.gt\/es\/wp-content\/uploads\/2023\/09\/373549749_773284871464265_6551579936134867515_n-600x889.jpg 600w\" sizes=\"auto, (max-width: 691px) 100vw, 691px\" \/><\/figure>\n<\/figure>\n","protected":false},"excerpt":{"rendered":"<p>La tarde de hoy s\u00e1bado se realizar\u00e1 una jornada de protestas y denuncias en contra del Ministerio P\u00fablico MP y la la Plaza de la constituci\u00f3n por diversos sectores del pa\u00eds. El objetivo es exigir la renuncia de la Fiscal Consuelo Porras por atentar cobtra la democracia al enfilar sus bater\u00edas contra el Partido Movimiento <a class=\"read-more\" href=\"https:\/\/elmetropolitano.com.gt\/es\/hoy-inicia-jornada-de-protesta-en-despensa-de-la-democracia\/\">Leer m\u00e1s<\/a><\/p>\n","protected":false},"author":1,"featured_media":71807,"comment_status":"open","ping_status":"closed","sticky":false,"template":"","format":"standard","meta":{"footnotes":""},"categories":[4],"tags":[13],"class_list":["post-71806","post","type-post","status-publish","format-standard","has-post-thumbnail","hentry","category-departamentales","tag-departamentales"],"_links":{"self":[{"href":"https:\/\/elmetropolitano.com.gt\/es\/wp-json\/wp\/v2\/posts\/71806","targetHints":{"allow":["GET"]}}],"collection":[{"href":"https:\/\/elmetropolitano.com.gt\/es\/wp-json\/wp\/v2\/posts"}],"about":[{"href":"https:\/\/elmetropolitano.com.gt\/es\/wp-json\/wp\/v2\/types\/post"}],"author":[{"embeddable":true,"href":"https:\/\/elmetropolitano.com.gt\/es\/wp-json\/wp\/v2\/users\/1"}],"replies":[{"embeddable":true,"href":"https:\/\/elmetropolitano.com.gt\/es\/wp-json\/wp\/v2\/comments?post=71806"}],"version-history":[{"count":1,"href":"https:\/\/elmetropolitano.com.gt\/es\/wp-json\/wp\/v2\/posts\/71806\/revisions"}],"predecessor-version":[{"id":71813,"href":"https:\/\/elmetropolitano.com.gt\/es\/wp-json\/wp\/v2\/posts\/71806\/revisions\/71813"}],"wp:featuredmedia":[{"embeddable":true,"href":"https:\/\/elmetropolitano.com.gt\/es\/wp-json\/wp\/v2\/media\/71807"}],"wp:attachment":[{"href":"https:\/\/elmetropolitano.com.gt\/es\/wp-json\/wp\/v2\/media?parent=71806"}],"wp:term":[{"taxonomy":"category","embeddable":true,"href":"https:\/\/elmetropolitano.com.gt\/es\/wp-json\/wp\/v2\/categories?post=71806"},{"taxonomy":"post_tag","embeddable":true,"href":"https:\/\/elmetropolitano.com.gt\/es\/wp-json\/wp\/v2\/tags?post=71806"}],"curies":[{"name":"wp","href":"https:\/\/api.w.org\/{rel}","templated":true}]}}