{"id":71821,"date":"2023-09-02T10:58:35","date_gmt":"2023-09-02T16:58:35","guid":{"rendered":"https:\/\/elmetropolitano.com.gt\/es\/?p=71821"},"modified":"2023-09-02T10:58:37","modified_gmt":"2023-09-02T16:58:37","slug":"integro-impacta-positivamente-la-calidad-de-vida-en-comunidades-en-las-que-opera-a-traves-de-iniciativas-sociales","status":"publish","type":"post","link":"https:\/\/elmetropolitano.com.gt\/es\/integro-impacta-positivamente-la-calidad-de-vida-en-comunidades-en-las-que-opera-a-traves-de-iniciativas-sociales\/","title":{"rendered":"\u00cdNTEGRO impacta positivamente la calidad de vida en comunidades en las que opera a trav\u00e9s de iniciativas sociales"},"content":{"rendered":"\n<p>\u00cdNTEGRO, una destacada desarrolladora comprometida con el crecimiento sostenible y el bienestar de las comunidades en las que opera centros comerciales, vivienda y hoteler\u00eda, se enorgullece en resaltar sus exitosos programas y proyectos de responsabilidad social que generan empleo y oportunidades, transformando vidas en cada rinc\u00f3n donde tiene presencia.<\/p>\n\n\n\n<p>La empresa <a><\/a>ha sido un agente de cambio en el panorama social al implementar diversas iniciativas que abarcan m\u00faltiples \u00e1reas para mejorar la calidad de vida y fomentar el progreso local. Algunos de los programas m\u00e1s destacados son:<\/p><div class=\"elmet-contenido\" id=\"elmet-455078418\"><div class=\"elmet-adlabel\">Anuncios<\/div><div style=\"margin-top: 20px;margin-right: 20px;margin-bottom: 20px;margin-left: 20px;\" id=\"elmet-3169791941\"><a href=\"https:\/\/www.facebook.com\/arrincuanantigua\/\" aria-label=\"cintillo-arrin-cual\"><img loading=\"lazy\" decoding=\"async\" src=\"https:\/\/elmetropolitano.com.gt\/es\/wp-content\/uploads\/2021\/11\/cintillo-arrin-cual-1.jpg\" alt=\"\"  srcset=\"https:\/\/elmetropolitano.com.gt\/es\/wp-content\/uploads\/2021\/11\/cintillo-arrin-cual-1.jpg 750w, https:\/\/elmetropolitano.com.gt\/es\/wp-content\/uploads\/2021\/11\/cintillo-arrin-cual-1-300x36.jpg 300w, https:\/\/elmetropolitano.com.gt\/es\/wp-content\/uploads\/2021\/11\/cintillo-arrin-cual-1-600x72.jpg 600w\" sizes=\"(max-width: 750px) 100vw, 750px\" width=\"750\" height=\"90\"   \/><\/a><\/div><\/div>\n\n\n\n<p><img loading=\"lazy\" decoding=\"async\" height=\"16\" width=\"16\" alt=\"\u25aa\" src=\"https:\/\/static.xx.fbcdn.net\/images\/emoji.php\/v9\/t4c\/1\/16\/25aa.png\"> Mercados de emprendedores: \u00cdNTEGRO ha creado plataformas comerciales para emprendedores locales, proporcion\u00e1ndoles un espacio para mostrar y vender sus productos y servicios en sus centros comerciales. Estos mercados no solo fomentan la actividad econ\u00f3mica local, sino que tambi\u00e9n promueven la creatividad y la innovaci\u00f3n.<\/p>\n\n\n\n<p><img loading=\"lazy\" decoding=\"async\" height=\"16\" width=\"16\" alt=\"\u25aa\" src=\"https:\/\/static.xx.fbcdn.net\/images\/emoji.php\/v9\/t4c\/1\/16\/25aa.png\"> Programas deportivos: la empresa se ha dedicado a promover la importancia de un estilo de vida activo mediante programas deportivos como entrenamientos para corredores, sesiones de HIIT y clases de Zumba. Estas actividades se realizan en sus centros comerciales y han tenido un impacto positivo en m\u00e1s de 5 mil personas, motiv\u00e1ndolas a adoptar h\u00e1bitos saludables.<\/p>\n\n\n\n<p><img loading=\"lazy\" decoding=\"async\" height=\"16\" width=\"16\" alt=\"\u25aa\" src=\"https:\/\/static.xx.fbcdn.net\/images\/emoji.php\/v9\/t4c\/1\/16\/25aa.png\"> Capacitaciones en alianza con INTECAP: reconociendo la necesidad de mejorar las competencias personales y profesionales de los pobladores locales, \u00cdNTEGRO ha establecido alianzas estrat\u00e9gicas con instituciones educativas como INTECAP.<\/p>\n\n\n\n<p>Estos programas de capacitaci\u00f3n brindan a los participantes habilidades valiosas que aumentan sus oportunidades de empleo y crecimiento personal.<\/p>\n\n\n\n<p><img loading=\"lazy\" decoding=\"async\" height=\"16\" width=\"16\" alt=\"\u25aa\" src=\"https:\/\/static.xx.fbcdn.net\/images\/emoji.php\/v9\/t4c\/1\/16\/25aa.png\"> Jornadas m\u00e9dicas en centros comerciales: la salud es una prioridad para \u00cdNTEGRO. A trav\u00e9s de jornadas m\u00e9dicas, la empresa ofrece acceso a servicios m\u00e9dicos esenciales como consultas m\u00e9dicas, ex\u00e1menes de salud y tratamientos. Hasta la fecha, estas jornadas han beneficiado a 1,500 personas, a trav\u00e9s de una atenci\u00f3n m\u00e9dica de calidad.<\/p>\n\n\n\n<p><img loading=\"lazy\" decoding=\"async\" height=\"16\" width=\"16\" alt=\"\u25aa\" src=\"https:\/\/static.xx.fbcdn.net\/images\/emoji.php\/v9\/t4c\/1\/16\/25aa.png\"> Contribuci\u00f3n a infraestructura y espacios p\u00fablicos: la desarrolladora ha contribuido significativamente a la mejora de la infraestructura local al participar en proyectos como la construcci\u00f3n de retornos, pozos, salones sociales y banquetas. Estos espacios p\u00fablicos mejoran la calidad de vida de los residentes de las comunidades y crean un entorno m\u00e1s seguro y funcional.<\/p>\n\n\n\n<p><img loading=\"lazy\" decoding=\"async\" height=\"16\" width=\"16\" alt=\"\u25aa\" src=\"https:\/\/static.xx.fbcdn.net\/images\/emoji.php\/v9\/t4c\/1\/16\/25aa.png\"> Proyectos de usos mixtos: uno de los proyectos de uso mixto de \u00cdNTEGRO es C\u00e9ntrico en zona 5. Este desarrollo es el lugar ideal para vivir por sus m\u00faltiples amenidades y espacios innovadores, ya que cuenta con locales comerciales que permiten a sus residentes encontrar todo en un mismo lugar, lo que brinda la oportunidad de mejorar su calidad de vida.<\/p>\n\n\n\n<p><img loading=\"lazy\" decoding=\"async\" height=\"16\" width=\"16\" alt=\"\u25aa\" src=\"https:\/\/static.xx.fbcdn.net\/images\/emoji.php\/v9\/t4c\/1\/16\/25aa.png\"> Actividades para residentes de proyectos de vivienda: \u00cdNTEGRO organiza actividades y programas dirigidos a los residentes de sus proyectos de vivienda, fomentando la construcci\u00f3n de una comunidad s\u00f3lida y cohesionada.<\/p>\n\n\n\n<p>\u00cdNTEGRO es una desarrolladora que se ha consolidado como una empresa que impacta positivamente en las comunidades donde opera, demostrando su compromiso con la generaci\u00f3n de empleo, la mejora de la calidad de vida y la promoci\u00f3n del bienestar general.<\/p>\n\n\n\n<p>La compa\u00f1\u00eda contin\u00faa innovando y creando nuevas iniciativas de responsabilidad social para un futuro m\u00e1s brillante y pr\u00f3spero para todos.<\/p>\n\n\n\n<p><a href=\"https:\/\/www.facebook.com\/hashtag\/metroredes?__eep__=6&amp;__cft__[0]=AZVo3cE-QsAvkiTcYHa4gfTRBcAMTGODa4I5O8K180OpE9RrjDyxJXcuA-3DRnFPKY6SDbYyOfzTDgb_xU0pIfUDWMBRQ0yL-rfZ7SjxumqA_AI-iWOWVkYRawpE7coq1jOvoqPZgO84-FsUrud8FdnpKoDwfo5O4-W35788TF0_g3zhGS-kzxIIL5EVOFKkNfM&amp;__tn__=*NK-R\">#metroredes<\/a><a href=\"https:\/\/www.facebook.com\/hashtag\/integro?__eep__=6&amp;__cft__[0]=AZVo3cE-QsAvkiTcYHa4gfTRBcAMTGODa4I5O8K180OpE9RrjDyxJXcuA-3DRnFPKY6SDbYyOfzTDgb_xU0pIfUDWMBRQ0yL-rfZ7SjxumqA_AI-iWOWVkYRawpE7coq1jOvoqPZgO84-FsUrud8FdnpKoDwfo5O4-W35788TF0_g3zhGS-kzxIIL5EVOFKkNfM&amp;__tn__=*NK-R\">#integro<\/a><a href=\"https:\/\/www.facebook.com\/hashtag\/centrico?__eep__=6&amp;__cft__[0]=AZVo3cE-QsAvkiTcYHa4gfTRBcAMTGODa4I5O8K180OpE9RrjDyxJXcuA-3DRnFPKY6SDbYyOfzTDgb_xU0pIfUDWMBRQ0yL-rfZ7SjxumqA_AI-iWOWVkYRawpE7coq1jOvoqPZgO84-FsUrud8FdnpKoDwfo5O4-W35788TF0_g3zhGS-kzxIIL5EVOFKkNfM&amp;__tn__=*NK-R\">#centrico<\/a><\/p>\n\n\n\n<figure class=\"wp-block-gallery has-nested-images columns-default is-cropped wp-block-gallery-1 is-layout-flex wp-block-gallery-is-layout-flex\">\n<figure class=\"wp-block-image size-large\"><img loading=\"lazy\" decoding=\"async\" width=\"1024\" height=\"684\" data-id=\"71824\" src=\"https:\/\/elmetropolitano.com.gt\/es\/wp-content\/uploads\/2023\/09\/370290635_773310324795053_5612581365294418523_n-1-1024x684.jpg\" alt=\"\" class=\"wp-image-71824\" srcset=\"https:\/\/elmetropolitano.com.gt\/es\/wp-content\/uploads\/2023\/09\/370290635_773310324795053_5612581365294418523_n-1-1024x684.jpg 1024w, https:\/\/elmetropolitano.com.gt\/es\/wp-content\/uploads\/2023\/09\/370290635_773310324795053_5612581365294418523_n-1-300x200.jpg 300w, https:\/\/elmetropolitano.com.gt\/es\/wp-content\/uploads\/2023\/09\/370290635_773310324795053_5612581365294418523_n-1-768x513.jpg 768w, https:\/\/elmetropolitano.com.gt\/es\/wp-content\/uploads\/2023\/09\/370290635_773310324795053_5612581365294418523_n-1-1536x1026.jpg 1536w, https:\/\/elmetropolitano.com.gt\/es\/wp-content\/uploads\/2023\/09\/370290635_773310324795053_5612581365294418523_n-1-600x401.jpg 600w, https:\/\/elmetropolitano.com.gt\/es\/wp-content\/uploads\/2023\/09\/370290635_773310324795053_5612581365294418523_n-1.jpg 2048w\" sizes=\"auto, (max-width: 1024px) 100vw, 1024px\" \/><\/figure>\n\n\n\n<figure class=\"wp-block-image size-large\"><img loading=\"lazy\" decoding=\"async\" width=\"1024\" height=\"683\" data-id=\"71823\" src=\"https:\/\/elmetropolitano.com.gt\/es\/wp-content\/uploads\/2023\/09\/370547725_773310334795052_3658346437859635769_n-1024x683.jpg\" alt=\"\" class=\"wp-image-71823\" srcset=\"https:\/\/elmetropolitano.com.gt\/es\/wp-content\/uploads\/2023\/09\/370547725_773310334795052_3658346437859635769_n-1024x683.jpg 1024w, https:\/\/elmetropolitano.com.gt\/es\/wp-content\/uploads\/2023\/09\/370547725_773310334795052_3658346437859635769_n-300x200.jpg 300w, https:\/\/elmetropolitano.com.gt\/es\/wp-content\/uploads\/2023\/09\/370547725_773310334795052_3658346437859635769_n-768x512.jpg 768w, https:\/\/elmetropolitano.com.gt\/es\/wp-content\/uploads\/2023\/09\/370547725_773310334795052_3658346437859635769_n-1536x1025.jpg 1536w, https:\/\/elmetropolitano.com.gt\/es\/wp-content\/uploads\/2023\/09\/370547725_773310334795052_3658346437859635769_n-600x400.jpg 600w, https:\/\/elmetropolitano.com.gt\/es\/wp-content\/uploads\/2023\/09\/370547725_773310334795052_3658346437859635769_n.jpg 2048w\" sizes=\"auto, (max-width: 1024px) 100vw, 1024px\" \/><\/figure>\n<\/figure>\n","protected":false},"excerpt":{"rendered":"<p>\u00cdNTEGRO, una destacada desarrolladora comprometida con el crecimiento sostenible y el bienestar de las comunidades en las que opera centros comerciales, vivienda y hoteler\u00eda, se enorgullece en resaltar sus exitosos programas y proyectos de responsabilidad social que generan empleo y oportunidades, transformando vidas en cada rinc\u00f3n donde tiene presencia. La empresa ha sido un agente <a class=\"read-more\" href=\"https:\/\/elmetropolitano.com.gt\/es\/integro-impacta-positivamente-la-calidad-de-vida-en-comunidades-en-las-que-opera-a-traves-de-iniciativas-sociales\/\">Leer m\u00e1s<\/a><\/p>\n","protected":false},"author":1,"featured_media":71822,"comment_status":"open","ping_status":"closed","sticky":false,"template":"","format":"standard","meta":{"footnotes":""},"categories":[31],"tags":[32],"class_list":["post-71821","post","type-post","status-publish","format-standard","has-post-thumbnail","hentry","category-metroimpulso","tag-metroimpulso"],"_links":{"self":[{"href":"https:\/\/elmetropolitano.com.gt\/es\/wp-json\/wp\/v2\/posts\/71821","targetHints":{"allow":["GET"]}}],"collection":[{"href":"https:\/\/elmetropolitano.com.gt\/es\/wp-json\/wp\/v2\/posts"}],"about":[{"href":"https:\/\/elmetropolitano.com.gt\/es\/wp-json\/wp\/v2\/types\/post"}],"author":[{"embeddable":true,"href":"https:\/\/elmetropolitano.com.gt\/es\/wp-json\/wp\/v2\/users\/1"}],"replies":[{"embeddable":true,"href":"https:\/\/elmetropolitano.com.gt\/es\/wp-json\/wp\/v2\/comments?post=71821"}],"version-history":[{"count":1,"href":"https:\/\/elmetropolitano.com.gt\/es\/wp-json\/wp\/v2\/posts\/71821\/revisions"}],"predecessor-version":[{"id":71825,"href":"https:\/\/elmetropolitano.com.gt\/es\/wp-json\/wp\/v2\/posts\/71821\/revisions\/71825"}],"wp:featuredmedia":[{"embeddable":true,"href":"https:\/\/elmetropolitano.com.gt\/es\/wp-json\/wp\/v2\/media\/71822"}],"wp:attachment":[{"href":"https:\/\/elmetropolitano.com.gt\/es\/wp-json\/wp\/v2\/media?parent=71821"}],"wp:term":[{"taxonomy":"category","embeddable":true,"href":"https:\/\/elmetropolitano.com.gt\/es\/wp-json\/wp\/v2\/categories?post=71821"},{"taxonomy":"post_tag","embeddable":true,"href":"https:\/\/elmetropolitano.com.gt\/es\/wp-json\/wp\/v2\/tags?post=71821"}],"curies":[{"name":"wp","href":"https:\/\/api.w.org\/{rel}","templated":true}]}}