{"id":71826,"date":"2023-09-02T11:19:33","date_gmt":"2023-09-02T17:19:33","guid":{"rendered":"https:\/\/elmetropolitano.com.gt\/es\/?p=71826"},"modified":"2023-09-02T11:19:34","modified_gmt":"2023-09-02T17:19:34","slug":"nestle-guatemala-da-sus-primeros-pasos-hacia-la-movilidad-sostenible","status":"publish","type":"post","link":"https:\/\/elmetropolitano.com.gt\/es\/nestle-guatemala-da-sus-primeros-pasos-hacia-la-movilidad-sostenible\/","title":{"rendered":"Nestl\u00e9 Guatemala da sus primeros pasos hacia la movilidad sostenible"},"content":{"rendered":"\n<p>Nestl\u00e9, empresa l\u00edder en nutrici\u00f3n, salud y bienestar, da un paso firme hacia la sostenibilidad ambiental al anunciar la adquisici\u00f3n de dos veh\u00edculos el\u00e9ctricos de \u00faltima generaci\u00f3n y dos camiones h\u00edbridos, como parte de su compromiso de reducir significativamente su huella de carbono y promover un futuro m\u00e1s limpio y saludable para todos.<\/p>\n\n\n\n<p>La iniciativa, que se extender\u00e1 tanto en la flotilla interna as\u00ed como <a><\/a>con los socios comerciales de la compa\u00f1\u00eda, forma parte de un amplio enfoque de Nestl\u00e9 Guatemala para impulsar la movilidad sostenible y reducir las emisiones de gases de efecto invernadero en sus operaciones.<\/p><div class=\"elmet-contenido\" id=\"elmet-387210977\"><div class=\"elmet-adlabel\">Anuncios<\/div><div style=\"margin-top: 20px;margin-right: 20px;margin-bottom: 20px;margin-left: 20px;\" id=\"elmet-842902143\"><a href=\"https:\/\/www.facebook.com\/arrincuanantigua\/\" aria-label=\"cintillo-arrin-cual\"><img loading=\"lazy\" decoding=\"async\" src=\"https:\/\/elmetropolitano.com.gt\/es\/wp-content\/uploads\/2021\/11\/cintillo-arrin-cual-1.jpg\" alt=\"\"  srcset=\"https:\/\/elmetropolitano.com.gt\/es\/wp-content\/uploads\/2021\/11\/cintillo-arrin-cual-1.jpg 750w, https:\/\/elmetropolitano.com.gt\/es\/wp-content\/uploads\/2021\/11\/cintillo-arrin-cual-1-300x36.jpg 300w, https:\/\/elmetropolitano.com.gt\/es\/wp-content\/uploads\/2021\/11\/cintillo-arrin-cual-1-600x72.jpg 600w\" sizes=\"(max-width: 750px) 100vw, 750px\" width=\"750\" height=\"90\"   \/><\/a><\/div><\/div>\n\n\n\n<p>Los dos veh\u00edculos el\u00e9ctricos incluidos en la flota son paneles 100% el\u00e9ctricos, lo que contribuye a reducir la generaci\u00f3n de emisiones de gases de efecto invernadero por la distribuci\u00f3n de productos. Estos veh\u00edculos y camiones ser\u00e1n utilizados para el reparto en su canal de distribuci\u00f3n directa, marcando un logro significativo como la primera transformaci\u00f3n hacia veh\u00edculos el\u00e9ctricos en Nestl\u00e9 Centroam\u00e9rica.<\/p>\n\n\n\n<p>Cada veh\u00edculo posee una bater\u00eda de litio que proporciona una autonom\u00eda de m\u00e1s de 250 km y la capacidad de transportar hasta una tonelada de producto, contribuyendo tambi\u00e9n significativamente a la eficiencia en la log\u00edstica. Adem\u00e1s, Nestl\u00e9 Guatemala tambi\u00e9n ha incorporado dos camiones h\u00edbridos, que se utilizar\u00e1n para venta y reparto en canal a detalle.<\/p>\n\n\n\n<p>La compa\u00f1\u00eda se ha fijado ambiciosos objetivos: reducir las emisiones en un 20% para 2025, un 30% para 2030 y alcanzar Cero Emisiones Netas para 2050 en toda su cadena de valor. La transformaci\u00f3n de la flota de distribuci\u00f3n con veh\u00edculos el\u00e9ctricos y de baja emisi\u00f3n es fundamental para lograr estos objetivos.<\/p>\n\n\n\n<p>Patricio Astolfi, director general de Nestl\u00e9 Guatemala, destac\u00f3: \u00abEn Nestl\u00e9 Guatemala, estamos trabajando constantemente en reducir nuestra huella de carbono, enfoc\u00e1ndonos en las fuentes principales de las emisiones y transformando nuestros procesos. Con estos compromisos, en la pr\u00f3xima d\u00e9cada, aceleraremos la disminuci\u00f3n de emisiones en la distribuci\u00f3n de productos y seguiremos invirtiendo en nuevas tecnolog\u00edas hacia una distribuci\u00f3n m\u00e1s sostenible\u00bb.<\/p>\n\n\n\n<p>Adem\u00e1s de estas adquisiciones, Nestl\u00e9 Guatemala ha implementado otras medidas sostenibles en sus operaciones, como la utilizaci\u00f3n de montacargas el\u00e9ctricos en su Centro de Distribuci\u00f3n y la valorizaci\u00f3n del 100% de los residuos generados a trav\u00e9s de procesos de reciclaje y reutilizaci\u00f3n.<\/p>\n\n\n\n<p>\u00abEstamos firmemente comprometidos con nuestro prop\u00f3sito de desarrollar todo el poder de la alimentaci\u00f3n para mejorar la calidad de vida, hoy y para las futuras generaciones. Esta adquisici\u00f3n de veh\u00edculos el\u00e9ctricos e h\u00edbridos, junto con otras iniciativas en curso, representa un paso fundamental hacia nuestras metas. Sin duda, cada peque\u00f1a acci\u00f3n se traduce en un paso firme hacia adelante en la construcci\u00f3n de un mundo m\u00e1s consciente\u00bb, concluy\u00f3 Astolfi.<\/p>\n\n\n\n<p>Con esta inversi\u00f3n en veh\u00edculos el\u00e9ctricos e h\u00edbridos, Nestl\u00e9 demuestra su firme compromiso con la sostenibilidad ambiental y su papel como l\u00edder en la promoci\u00f3n de pr\u00e1cticas empresariales responsables en Guatemala.<\/p>\n\n\n\n<p><a href=\"https:\/\/www.facebook.com\/hashtag\/metroredes?__eep__=6&amp;__cft__[0]=AZV2rGtPZ1oLDrUYzo2xENbjap-V89eNjR6Abesdm7BhO6y8R90V2nXrZkVmYSnLgYyC-WLLAWzw0iogFvlDffbG1nzOIoF1oxz4wNF3TscMK7Eitd0l9tdYbv6-g67_TajhbKHmSb8BMwiH7y8M6LHS3m9pNLTMPSbMFQwEN7NNlpYMShE7gvwaG-JPw7fIn80&amp;__tn__=*NK-R\">#metroredes<\/a><a href=\"https:\/\/www.facebook.com\/hashtag\/nestleguatemala?__eep__=6&amp;__cft__[0]=AZV2rGtPZ1oLDrUYzo2xENbjap-V89eNjR6Abesdm7BhO6y8R90V2nXrZkVmYSnLgYyC-WLLAWzw0iogFvlDffbG1nzOIoF1oxz4wNF3TscMK7Eitd0l9tdYbv6-g67_TajhbKHmSb8BMwiH7y8M6LHS3m9pNLTMPSbMFQwEN7NNlpYMShE7gvwaG-JPw7fIn80&amp;__tn__=*NK-R\">#nestleguatemala<\/a><\/p>\n\n\n\n<p><\/p>\n","protected":false},"excerpt":{"rendered":"<p>Nestl\u00e9, empresa l\u00edder en nutrici\u00f3n, salud y bienestar, da un paso firme hacia la sostenibilidad ambiental al anunciar la adquisici\u00f3n de dos veh\u00edculos el\u00e9ctricos de \u00faltima generaci\u00f3n y dos camiones h\u00edbridos, como parte de su compromiso de reducir significativamente su huella de carbono y promover un futuro m\u00e1s limpio y saludable para todos. La iniciativa, <a class=\"read-more\" href=\"https:\/\/elmetropolitano.com.gt\/es\/nestle-guatemala-da-sus-primeros-pasos-hacia-la-movilidad-sostenible\/\">Leer m\u00e1s<\/a><\/p>\n","protected":false},"author":1,"featured_media":71827,"comment_status":"open","ping_status":"closed","sticky":false,"template":"","format":"standard","meta":{"footnotes":""},"categories":[31],"tags":[32],"class_list":["post-71826","post","type-post","status-publish","format-standard","has-post-thumbnail","hentry","category-metroimpulso","tag-metroimpulso"],"_links":{"self":[{"href":"https:\/\/elmetropolitano.com.gt\/es\/wp-json\/wp\/v2\/posts\/71826","targetHints":{"allow":["GET"]}}],"collection":[{"href":"https:\/\/elmetropolitano.com.gt\/es\/wp-json\/wp\/v2\/posts"}],"about":[{"href":"https:\/\/elmetropolitano.com.gt\/es\/wp-json\/wp\/v2\/types\/post"}],"author":[{"embeddable":true,"href":"https:\/\/elmetropolitano.com.gt\/es\/wp-json\/wp\/v2\/users\/1"}],"replies":[{"embeddable":true,"href":"https:\/\/elmetropolitano.com.gt\/es\/wp-json\/wp\/v2\/comments?post=71826"}],"version-history":[{"count":1,"href":"https:\/\/elmetropolitano.com.gt\/es\/wp-json\/wp\/v2\/posts\/71826\/revisions"}],"predecessor-version":[{"id":71828,"href":"https:\/\/elmetropolitano.com.gt\/es\/wp-json\/wp\/v2\/posts\/71826\/revisions\/71828"}],"wp:featuredmedia":[{"embeddable":true,"href":"https:\/\/elmetropolitano.com.gt\/es\/wp-json\/wp\/v2\/media\/71827"}],"wp:attachment":[{"href":"https:\/\/elmetropolitano.com.gt\/es\/wp-json\/wp\/v2\/media?parent=71826"}],"wp:term":[{"taxonomy":"category","embeddable":true,"href":"https:\/\/elmetropolitano.com.gt\/es\/wp-json\/wp\/v2\/categories?post=71826"},{"taxonomy":"post_tag","embeddable":true,"href":"https:\/\/elmetropolitano.com.gt\/es\/wp-json\/wp\/v2\/tags?post=71826"}],"curies":[{"name":"wp","href":"https:\/\/api.w.org\/{rel}","templated":true}]}}