{"id":71837,"date":"2023-09-02T18:51:05","date_gmt":"2023-09-03T00:51:05","guid":{"rendered":"https:\/\/elmetropolitano.com.gt\/es\/?p=71837"},"modified":"2023-09-02T18:51:07","modified_gmt":"2023-09-03T00:51:07","slug":"mp-asegura-que-no-hay-ningun-intento-de-golpe-de-estado","status":"publish","type":"post","link":"https:\/\/elmetropolitano.com.gt\/es\/mp-asegura-que-no-hay-ningun-intento-de-golpe-de-estado\/","title":{"rendered":"MP asegura que no hay ning\u00fan intento de golpe de estado"},"content":{"rendered":"\n<p>Que es totalmente falso que desde el Ministerio P\u00fablico se est\u00e9 formando un proceso de golpe de estado y m\u00e1s bien lo que buscan es quitar a la fiscal general Consuelo Porras de su cargo con acciones que atentan contra la institucionalidad democr\u00e1tica y la divisi\u00f3n de poderes, se\u00f1ala este ente investigador en un comunicado.<\/p>\n\n\n\n<p>Agregan que a nivel nacional e internacional existen una narrativa y campa\u00f1a de desinformaci\u00f3n con el fin de generar desestabilizaci\u00f3n en el pa\u00eds e interrumpir el per\u00edodo constitucional en el ejercicio de su cargo de la fiscal general.<\/p><div class=\"elmet-contenido\" id=\"elmet-1868108725\"><div class=\"elmet-adlabel\">Anuncios<\/div><div style=\"margin-top: 20px;margin-right: 20px;margin-bottom: 20px;margin-left: 20px;\" id=\"elmet-3929541973\"><a href=\"https:\/\/www.facebook.com\/arrincuanantigua\/\" aria-label=\"cintillo-arrin-cual\"><img loading=\"lazy\" decoding=\"async\" src=\"https:\/\/elmetropolitano.com.gt\/es\/wp-content\/uploads\/2021\/11\/cintillo-arrin-cual-1.jpg\" alt=\"\"  srcset=\"https:\/\/elmetropolitano.com.gt\/es\/wp-content\/uploads\/2021\/11\/cintillo-arrin-cual-1.jpg 750w, https:\/\/elmetropolitano.com.gt\/es\/wp-content\/uploads\/2021\/11\/cintillo-arrin-cual-1-300x36.jpg 300w, https:\/\/elmetropolitano.com.gt\/es\/wp-content\/uploads\/2021\/11\/cintillo-arrin-cual-1-600x72.jpg 600w\" sizes=\"(max-width: 750px) 100vw, 750px\" width=\"750\" height=\"90\"   \/><\/a><\/div><\/div>\n\n\n\n<p>Se\u00f1alan que la suspensi\u00f3n del partido Semilla fue una medida cautelar otorgada por el juez y que en su momento fue susceptible de ser impugnada en respeto al derecho de defensa y que ha sido refrendada mediante resoluciones constitucionales de la Corte de Constitucionalidad y de la Corte Suprema de Justicia que permitieron el desarrollo del evento electoral y la oficializaci\u00f3n de los resultados.<\/p>\n\n\n\n<p>El comunicado a\u00f1ade que, con respecto a la transmisi\u00f3n de mando, aspecto que ya ha sido manifestado por el presidente de la rep\u00fablica de Guatemala, se trata de una decisi\u00f3n administrativa electoral en la cual el MP no tiene competencia alguna, ni pretende incidir en la misma.<\/p>\n\n\n\n<p>Agregan que las solicitudes o acciones del MP se encuentran en el marco del respeto de legalidad, derecho, debido proceso y dem\u00e1s garant\u00edas constitucionales y en el marco de las leyes. De esa cuenta el MP rechaza las campa\u00f1as de desinformaci\u00f3n que pretenden hacer creer que este ente investigador pretende atentar contra los resultados del proceso electoral.<\/p>\n\n\n\n<p>Se intensifican las protestas en el pa\u00eds<\/p>\n\n\n\n<p>Mientras tanto en la plaza central de la capital guatemalteca y en los departamentos, creci\u00f3 el rechazo a las acciones del MP y las masivas manifestaciones empezaron a tomar fuerza el d\u00eda de hoy en contra de la fiscal general de quien piden la renuncia y, a pesar de las lluvias, miles de guatemaltecos se han presentado para exigir la renuncia de la se\u00f1ora Porras a nivel nacional.<\/p>\n\n\n\n<p>Analistas se\u00f1alan que el llamado del presidente electo Bernardo Ar\u00e9valo hizo efecto y tras la persecuci\u00f3n que han sufrido por parte del MP y confirmado por la junta directiva del Congreso de la Rep\u00fablica, haciendo un llamado a la protesta por el golpe de estado en proceso y encabezado por la fiscal general Consuelo Porras, debido a la mucha insistencia por el caso Semilla y como la junta directiva se uni\u00f3 al mismo, declarando independientes a los diputados, incluyendo al presidente electo, cuando en ese mismo lugar hay partidos cancelados legalmente y los diputados siguen con comisiones y todo normal, dando clara evidencia que todo es contra el partido ganador de las elecciones del 20 de agosto.<\/p>\n\n\n\n<p>#metroredes\u00a0\u00a0 <a href=\"http:\/\/www.elmetropolitano.com.gt\">www.elmetropolitano.com.gt<\/a>\u00a0<\/p>\n\n\n\n<figure class=\"wp-block-gallery has-nested-images columns-default is-cropped wp-block-gallery-1 is-layout-flex wp-block-gallery-is-layout-flex\">\n<figure class=\"wp-block-image size-large\"><img loading=\"lazy\" decoding=\"async\" width=\"768\" height=\"960\" data-id=\"71840\" src=\"https:\/\/elmetropolitano.com.gt\/es\/wp-content\/uploads\/2023\/09\/MP1.jpg\" alt=\"\" class=\"wp-image-71840\" srcset=\"https:\/\/elmetropolitano.com.gt\/es\/wp-content\/uploads\/2023\/09\/MP1.jpg 768w, https:\/\/elmetropolitano.com.gt\/es\/wp-content\/uploads\/2023\/09\/MP1-240x300.jpg 240w, https:\/\/elmetropolitano.com.gt\/es\/wp-content\/uploads\/2023\/09\/MP1-600x750.jpg 600w\" sizes=\"auto, (max-width: 768px) 100vw, 768px\" \/><\/figure>\n\n\n\n<figure class=\"wp-block-image size-large\"><img loading=\"lazy\" decoding=\"async\" width=\"753\" height=\"960\" data-id=\"71839\" src=\"https:\/\/elmetropolitano.com.gt\/es\/wp-content\/uploads\/2023\/09\/MP2.jpg\" alt=\"\" class=\"wp-image-71839\" srcset=\"https:\/\/elmetropolitano.com.gt\/es\/wp-content\/uploads\/2023\/09\/MP2.jpg 753w, https:\/\/elmetropolitano.com.gt\/es\/wp-content\/uploads\/2023\/09\/MP2-235x300.jpg 235w, https:\/\/elmetropolitano.com.gt\/es\/wp-content\/uploads\/2023\/09\/MP2-600x765.jpg 600w\" sizes=\"auto, (max-width: 753px) 100vw, 753px\" \/><\/figure>\n<\/figure>\n","protected":false},"excerpt":{"rendered":"<p>Que es totalmente falso que desde el Ministerio P\u00fablico se est\u00e9 formando un proceso de golpe de estado y m\u00e1s bien lo que buscan es quitar a la fiscal general Consuelo Porras de su cargo con acciones que atentan contra la institucionalidad democr\u00e1tica y la divisi\u00f3n de poderes, se\u00f1ala este ente investigador en un comunicado. <a class=\"read-more\" href=\"https:\/\/elmetropolitano.com.gt\/es\/mp-asegura-que-no-hay-ningun-intento-de-golpe-de-estado\/\">Leer m\u00e1s<\/a><\/p>\n","protected":false},"author":1,"featured_media":71838,"comment_status":"open","ping_status":"closed","sticky":false,"template":"","format":"standard","meta":{"footnotes":""},"categories":[2],"tags":[12],"class_list":["post-71837","post","type-post","status-publish","format-standard","has-post-thumbnail","hentry","category-nacionales","tag-nacionales"],"_links":{"self":[{"href":"https:\/\/elmetropolitano.com.gt\/es\/wp-json\/wp\/v2\/posts\/71837","targetHints":{"allow":["GET"]}}],"collection":[{"href":"https:\/\/elmetropolitano.com.gt\/es\/wp-json\/wp\/v2\/posts"}],"about":[{"href":"https:\/\/elmetropolitano.com.gt\/es\/wp-json\/wp\/v2\/types\/post"}],"author":[{"embeddable":true,"href":"https:\/\/elmetropolitano.com.gt\/es\/wp-json\/wp\/v2\/users\/1"}],"replies":[{"embeddable":true,"href":"https:\/\/elmetropolitano.com.gt\/es\/wp-json\/wp\/v2\/comments?post=71837"}],"version-history":[{"count":1,"href":"https:\/\/elmetropolitano.com.gt\/es\/wp-json\/wp\/v2\/posts\/71837\/revisions"}],"predecessor-version":[{"id":71841,"href":"https:\/\/elmetropolitano.com.gt\/es\/wp-json\/wp\/v2\/posts\/71837\/revisions\/71841"}],"wp:featuredmedia":[{"embeddable":true,"href":"https:\/\/elmetropolitano.com.gt\/es\/wp-json\/wp\/v2\/media\/71838"}],"wp:attachment":[{"href":"https:\/\/elmetropolitano.com.gt\/es\/wp-json\/wp\/v2\/media?parent=71837"}],"wp:term":[{"taxonomy":"category","embeddable":true,"href":"https:\/\/elmetropolitano.com.gt\/es\/wp-json\/wp\/v2\/categories?post=71837"},{"taxonomy":"post_tag","embeddable":true,"href":"https:\/\/elmetropolitano.com.gt\/es\/wp-json\/wp\/v2\/tags?post=71837"}],"curies":[{"name":"wp","href":"https:\/\/api.w.org\/{rel}","templated":true}]}}