{"id":71842,"date":"2023-09-03T09:31:39","date_gmt":"2023-09-03T15:31:39","guid":{"rendered":"https:\/\/elmetropolitano.com.gt\/es\/?p=71842"},"modified":"2023-09-03T09:31:43","modified_gmt":"2023-09-03T15:31:43","slug":"partido-semilla-sigue-vigente-segun-resolucion-del-tse","status":"publish","type":"post","link":"https:\/\/elmetropolitano.com.gt\/es\/partido-semilla-sigue-vigente-segun-resolucion-del-tse\/","title":{"rendered":"Partido Semilla sigue vigente seg\u00fan resoluci\u00f3n del TSE"},"content":{"rendered":"\n<p>El pleno de Magistrados del Tribunal Supremo Electoral TSE deja en suspenso la resoluci\u00f3n del Registro de Ciudadanos RC , que hab\u00eda suspendido provisionalmente al partido Semilla quien ahora sigue vigente.<\/p>\n\n\n\n<p>En uno de sus considerandos el pleno del TSE expresa \u201cAl margen de las consideraciones antes esbozadas y la conclusi\u00f3n a la que se ha arribado, este tribunal, como m\u00e1xima autoridad en materia electoral, no puede desconocer que el Director del Registro de Ciudadanos, con su resoluci\u00f3n, se limit\u00f3 a dar cumplimiento a una resoluci\u00f3n judicial.<\/p><div class=\"elmet-contenido\" id=\"elmet-4081602660\"><div class=\"elmet-adlabel\">Anuncios<\/div><div style=\"margin-top: 20px;margin-right: 20px;margin-bottom: 20px;margin-left: 20px;\" id=\"elmet-2927112664\"><a href=\"https:\/\/www.facebook.com\/arrincuanantigua\/\" aria-label=\"cintillo-arrin-cual\"><img loading=\"lazy\" decoding=\"async\" src=\"https:\/\/elmetropolitano.com.gt\/es\/wp-content\/uploads\/2021\/11\/cintillo-arrin-cual-1.jpg\" alt=\"\"  srcset=\"https:\/\/elmetropolitano.com.gt\/es\/wp-content\/uploads\/2021\/11\/cintillo-arrin-cual-1.jpg 750w, https:\/\/elmetropolitano.com.gt\/es\/wp-content\/uploads\/2021\/11\/cintillo-arrin-cual-1-300x36.jpg 300w, https:\/\/elmetropolitano.com.gt\/es\/wp-content\/uploads\/2021\/11\/cintillo-arrin-cual-1-600x72.jpg 600w\" sizes=\"(max-width: 750px) 100vw, 750px\" width=\"750\" height=\"90\"   \/><\/a><\/div><\/div>\n\n\n\n<p>No obstante, por razones de seguridad y certeza jur\u00eddica, este tribunal no puede dejar de hacer pronunciamiento sobre la oportunidad en la que el registrador habr\u00eda de dar cumplimiento a la resoluci\u00f3n que gir\u00f3 el juez penal. <\/p>\n\n\n\n<p>En el contexto del proceso electoral en tr\u00e1mite, los principios antes referidos imponen advertir que, de conformidad con el art\u00edculo 92 de la Ley Electoral y de Partidos Pol\u00edticos, as\u00ed como las consideraciones y pronunciamientos que han emitido la Corte De Constitucionalidad en el expediente 3985-2023 al otorgar el amparo provisional, y la Corte Suprema de Justicia, al dictar la sentencia de fecha 18 de agosto en el expediente 2297-2023, imponen reconocer que durante la sustanciaci\u00f3n del proceso electoral, no resulta razonable ni prudente exponer la vigencia de la personalidad jur\u00eddica de las organizaciones pol\u00edticas, pues estas constituyen, conforme a la ley y la doctrina, la base del sistema electoral de Guatemala, mientras no concluya el proceso electoral. <\/p>\n\n\n\n<p>Como consecuencia, si bien no es viable hacer pronunciamiento sobre el fondo del electoral, advertir que la resoluci\u00f3n del Director del Registro de Ciudadanos, siendo que a\u00fan est\u00e1 en curso el proceso electoral actual, debe dejarse en suspenso mientras \u00e9ste no concluya\u201d.<\/p>\n\n\n\n<p>Que se respete la voluntad popular<\/p>\n\n\n\n<p>Adem\u00e1s el TSE exhorta \u201ca los tres poderes del Estado para que en el ejercicio de las funciones que le corresponden de conformidad con la ley, contin\u00faen velando por el respeto a la voluntad popular manifestada en las urnas, la integridad, la pureza y la eficacia del proceso electoral, as\u00ed como a garantizar a allemabitidad dei poder mediante la ejecuci\u00f3n y debido cumplimiento de los Acuerdos y disposiciones emitidas por este Tribunal para garantizar la democracia y el estado de derecho\u201d<\/p>\n\n\n\n<p><a href=\"https:\/\/www.facebook.com\/hashtag\/metroredes?__eep__=6&amp;__cft__[0]=AZUhmdT0Q8dVgPhM96MiURve5HbEb3XChtwJx9fs9teruJvolmOkG9fioN_qYSgRsSdAjnU3yKcyPyPzjzmlNoAMTeIElfuNIR287tJPmUolz4QlrQKI4ZzMkcAB-dGzWYvp5qpf3xmWF1CvsSBoqIiVI3GpgzZbENcfXfszjZAVPeUvSHXUxQrp7wPQcukbTOc&amp;__tn__=*NK-R\">#metroredes<\/a><a href=\"https:\/\/www.facebook.com\/hashtag\/tsegt?__eep__=6&amp;__cft__[0]=AZUhmdT0Q8dVgPhM96MiURve5HbEb3XChtwJx9fs9teruJvolmOkG9fioN_qYSgRsSdAjnU3yKcyPyPzjzmlNoAMTeIElfuNIR287tJPmUolz4QlrQKI4ZzMkcAB-dGzWYvp5qpf3xmWF1CvsSBoqIiVI3GpgzZbENcfXfszjZAVPeUvSHXUxQrp7wPQcukbTOc&amp;__tn__=*NK-R\">#TSEgt<\/a><a href=\"https:\/\/www.facebook.com\/hashtag\/movimientosemilla?__eep__=6&amp;__cft__[0]=AZUhmdT0Q8dVgPhM96MiURve5HbEb3XChtwJx9fs9teruJvolmOkG9fioN_qYSgRsSdAjnU3yKcyPyPzjzmlNoAMTeIElfuNIR287tJPmUolz4QlrQKI4ZzMkcAB-dGzWYvp5qpf3xmWF1CvsSBoqIiVI3GpgzZbENcfXfszjZAVPeUvSHXUxQrp7wPQcukbTOc&amp;__tn__=*NK-R\">#MovimientoSemilla<\/a><\/p>\n\n\n\n<p><a rel=\"noreferrer noopener\" href=\"https:\/\/l.facebook.com\/l.php?u=http%3A%2F%2FWww.elmetropolitano.com.gt%2F%3Ffbclid%3DIwAR3rFio2IU6WtQCSXeGqOVJ8Zq3rcGhmuU2gJuDZQgM0I7iaBbJ7hVXwUZQ&amp;h=AT2cSwOQrmI7M8-ecUQmj9GsxBv2RhrTOvGdAjmn157YfIYOdSC3T2X2K9rKFiSkMUExcPz_OAVs08sRWoiMJoMU_u-Gj8hWD47tGxq4Ep5AKdQOhmJ4cWhiAazHwrID8vHT&amp;__tn__=-UK-R&amp;c[0]=AT1yK1L6RrSO_uPeXL5iDwD7adw6Hu-zhTopVFZSeo1s6rNKhwKQiE4uYC7i4Q6wsK8IEkNsaLVgCSrqZ56g3rsuTMOQuB5WShNBZFDXUquXO1tFOEn_W-gTsDLV67C7KED84RyKQDZ7gBCgBj35MOIgm4o9M-1Xnvkn5gmkLMK2LslExGRpiKZjlOnHTO15V9CobiOq8HgO\" target=\"_blank\">Www.elmetropolitano.com.gt<\/a><\/p>\n\n\n\n<figure class=\"wp-block-gallery has-nested-images columns-default is-cropped wp-block-gallery-1 is-layout-flex wp-block-gallery-is-layout-flex\">\n<figure class=\"wp-block-image size-large\"><img loading=\"lazy\" decoding=\"async\" width=\"773\" height=\"1024\" data-id=\"71845\" src=\"https:\/\/elmetropolitano.com.gt\/es\/wp-content\/uploads\/2023\/09\/370285675_773881451404607_8379870692576723437_n-773x1024.jpg\" alt=\"\" class=\"wp-image-71845\" srcset=\"https:\/\/elmetropolitano.com.gt\/es\/wp-content\/uploads\/2023\/09\/370285675_773881451404607_8379870692576723437_n-773x1024.jpg 773w, https:\/\/elmetropolitano.com.gt\/es\/wp-content\/uploads\/2023\/09\/370285675_773881451404607_8379870692576723437_n-226x300.jpg 226w, https:\/\/elmetropolitano.com.gt\/es\/wp-content\/uploads\/2023\/09\/370285675_773881451404607_8379870692576723437_n-768x1018.jpg 768w, https:\/\/elmetropolitano.com.gt\/es\/wp-content\/uploads\/2023\/09\/370285675_773881451404607_8379870692576723437_n-600x795.jpg 600w, https:\/\/elmetropolitano.com.gt\/es\/wp-content\/uploads\/2023\/09\/370285675_773881451404607_8379870692576723437_n.jpg 828w\" sizes=\"auto, (max-width: 773px) 100vw, 773px\" \/><\/figure>\n\n\n\n<figure class=\"wp-block-image size-large\"><img loading=\"lazy\" decoding=\"async\" width=\"828\" height=\"828\" data-id=\"71844\" src=\"https:\/\/elmetropolitano.com.gt\/es\/wp-content\/uploads\/2023\/09\/372067199_773876928071726_3185351485081720626_n.jpg\" alt=\"\" class=\"wp-image-71844\" srcset=\"https:\/\/elmetropolitano.com.gt\/es\/wp-content\/uploads\/2023\/09\/372067199_773876928071726_3185351485081720626_n.jpg 828w, https:\/\/elmetropolitano.com.gt\/es\/wp-content\/uploads\/2023\/09\/372067199_773876928071726_3185351485081720626_n-300x300.jpg 300w, https:\/\/elmetropolitano.com.gt\/es\/wp-content\/uploads\/2023\/09\/372067199_773876928071726_3185351485081720626_n-150x150.jpg 150w, https:\/\/elmetropolitano.com.gt\/es\/wp-content\/uploads\/2023\/09\/372067199_773876928071726_3185351485081720626_n-768x768.jpg 768w, https:\/\/elmetropolitano.com.gt\/es\/wp-content\/uploads\/2023\/09\/372067199_773876928071726_3185351485081720626_n-600x600.jpg 600w, https:\/\/elmetropolitano.com.gt\/es\/wp-content\/uploads\/2023\/09\/372067199_773876928071726_3185351485081720626_n-100x100.jpg 100w\" sizes=\"auto, (max-width: 828px) 100vw, 828px\" \/><\/figure>\n<\/figure>\n","protected":false},"excerpt":{"rendered":"<p>El pleno de Magistrados del Tribunal Supremo Electoral TSE deja en suspenso la resoluci\u00f3n del Registro de Ciudadanos RC , que hab\u00eda suspendido provisionalmente al partido Semilla quien ahora sigue vigente. En uno de sus considerandos el pleno del TSE expresa \u201cAl margen de las consideraciones antes esbozadas y la conclusi\u00f3n a la que se <a class=\"read-more\" href=\"https:\/\/elmetropolitano.com.gt\/es\/partido-semilla-sigue-vigente-segun-resolucion-del-tse\/\">Leer m\u00e1s<\/a><\/p>\n","protected":false},"author":1,"featured_media":71843,"comment_status":"open","ping_status":"closed","sticky":false,"template":"","format":"standard","meta":{"footnotes":""},"categories":[2],"tags":[12],"class_list":["post-71842","post","type-post","status-publish","format-standard","has-post-thumbnail","hentry","category-nacionales","tag-nacionales"],"_links":{"self":[{"href":"https:\/\/elmetropolitano.com.gt\/es\/wp-json\/wp\/v2\/posts\/71842","targetHints":{"allow":["GET"]}}],"collection":[{"href":"https:\/\/elmetropolitano.com.gt\/es\/wp-json\/wp\/v2\/posts"}],"about":[{"href":"https:\/\/elmetropolitano.com.gt\/es\/wp-json\/wp\/v2\/types\/post"}],"author":[{"embeddable":true,"href":"https:\/\/elmetropolitano.com.gt\/es\/wp-json\/wp\/v2\/users\/1"}],"replies":[{"embeddable":true,"href":"https:\/\/elmetropolitano.com.gt\/es\/wp-json\/wp\/v2\/comments?post=71842"}],"version-history":[{"count":1,"href":"https:\/\/elmetropolitano.com.gt\/es\/wp-json\/wp\/v2\/posts\/71842\/revisions"}],"predecessor-version":[{"id":71846,"href":"https:\/\/elmetropolitano.com.gt\/es\/wp-json\/wp\/v2\/posts\/71842\/revisions\/71846"}],"wp:featuredmedia":[{"embeddable":true,"href":"https:\/\/elmetropolitano.com.gt\/es\/wp-json\/wp\/v2\/media\/71843"}],"wp:attachment":[{"href":"https:\/\/elmetropolitano.com.gt\/es\/wp-json\/wp\/v2\/media?parent=71842"}],"wp:term":[{"taxonomy":"category","embeddable":true,"href":"https:\/\/elmetropolitano.com.gt\/es\/wp-json\/wp\/v2\/categories?post=71842"},{"taxonomy":"post_tag","embeddable":true,"href":"https:\/\/elmetropolitano.com.gt\/es\/wp-json\/wp\/v2\/tags?post=71842"}],"curies":[{"name":"wp","href":"https:\/\/api.w.org\/{rel}","templated":true}]}}