{"id":71847,"date":"2023-09-03T17:06:10","date_gmt":"2023-09-03T23:06:10","guid":{"rendered":"https:\/\/elmetropolitano.com.gt\/es\/?p=71847"},"modified":"2023-09-03T17:06:11","modified_gmt":"2023-09-03T23:06:11","slug":"antorcha-centroamericana-por-la-paz-y-la-libertad-inicia-su-recorrido","status":"publish","type":"post","link":"https:\/\/elmetropolitano.com.gt\/es\/antorcha-centroamericana-por-la-paz-y-la-libertad-inicia-su-recorrido\/","title":{"rendered":"Antorcha Centroamericana por La Paz y la Libertad inicia su recorrido"},"content":{"rendered":"\n<p>Esta ma\u00f1ana, la Antorcha Centroamericana por la Paz y la Libertad sali\u00f3 de las instalaciones del Ministerio de Educaci\u00f3n (Mineduc).<\/p>\n\n\n\n<p>La <a><\/a>antorcha recorrer\u00e1 mil 475 kil\u00f3metros, desde Guatemala hasta Costa Rica. Este es un elemento importante para las naciones centroamericanas durante el mes patrio. El fuego de la libertad representa a los jinetes que llevaron la noticia de la independencia a los pa\u00edses y provincias de la regi\u00f3n en 1821, seg\u00fan la tradici\u00f3n oral. Este a\u00f1o, recordar\u00e1 al bloque centroamericano que ya son 202 a\u00f1os de la independencia en el istmo.<\/p><div class=\"elmet-contenido\" id=\"elmet-2309279204\"><div class=\"elmet-adlabel\">Anuncios<\/div><div style=\"margin-top: 20px;margin-right: 20px;margin-bottom: 20px;margin-left: 20px;\" id=\"elmet-3387257221\"><a href=\"https:\/\/www.facebook.com\/arrincuanantigua\/\" aria-label=\"cintillo-arrin-cual\"><img loading=\"lazy\" decoding=\"async\" src=\"https:\/\/elmetropolitano.com.gt\/es\/wp-content\/uploads\/2021\/11\/cintillo-arrin-cual-1.jpg\" alt=\"\"  srcset=\"https:\/\/elmetropolitano.com.gt\/es\/wp-content\/uploads\/2021\/11\/cintillo-arrin-cual-1.jpg 750w, https:\/\/elmetropolitano.com.gt\/es\/wp-content\/uploads\/2021\/11\/cintillo-arrin-cual-1-300x36.jpg 300w, https:\/\/elmetropolitano.com.gt\/es\/wp-content\/uploads\/2021\/11\/cintillo-arrin-cual-1-600x72.jpg 600w\" sizes=\"(max-width: 750px) 100vw, 750px\" width=\"750\" height=\"90\"   \/><\/a><\/div><\/div>\n\n\n\n<p>Cada a\u00f1o, estudiantes llevan con fervor la llama que ilumina a las naciones. En Guatemala, el recorrido est\u00e1 a cargo de los estudiantes de las escuelas normales de Educaci\u00f3n F\u00edsica.<\/p>\n\n\n\n<p>Este a\u00f1o, la antorcha fue entregada en manos de los estudiantes de la Escuela Nacional Central de Educaci\u00f3n F\u00edsica (ENCEF). Los representantes para el recorrido recibieron la antorcha por parte de autoridades como la viceministra de Educaci\u00f3n Biling\u00fce e Intercultural, Carmelina Serech; la viceministra t\u00e9cnica de Educaci\u00f3n, Annelise Lainfiesta; el gobernador departamental de Guatemala, Jorge Luis Gramajo, y autoridades del Ministerio de Cultura y Deportes. Adem\u00e1s, bomberos municipales y agentes de la Polic\u00eda Nacional Civil presenciaron el acto. Alumnos de la Academia de la PNC tambi\u00e9n acompa\u00f1ar\u00e1n el recorrido.<\/p>\n\n\n\n<p>De hecho, este a\u00f1o son tres las rutas que converger\u00e1n de alumnos para el recorrido de la antorcha. En cuanto al trayecto, la Antorcha Centroamericana por la Paz y la Libertad ser\u00e1 entregada este lunes en el puente El Jobo, en Jalpatagua, Jutiapa. Ah\u00ed, los estudiantes entregar\u00e1n la llama de la libertad a los hermanos de la Rep\u00fablica de El Salvador para que contin\u00fae su recorrido por la regi\u00f3n.<\/p>\n\n\n\n<p>Datos hist\u00f3ricos<\/p>\n\n\n\n<p>El 9 de septiembre de 1964 sali\u00f3 la primera antorcha de Guatemala hacia Costa Rica y su recorrido tard\u00f3 seis d\u00edas, desde entonces se convirti\u00f3 en una tradici\u00f3n, arraigada en el fervor patri\u00f3tico de los pueblos centroamericanos. Ha llegado a convertirse en un significativo acto c\u00edvico y ha permitido observar el trabajo tesonero de miles de estudiantes que cada a\u00f1o forman parte de \u00e9l.<\/p>\n\n\n\n<p>En 2020 no se realiz\u00f3 el recorrido debido a la pandemia de COVID-19<\/p>\n\n\n\n<p>Texto: Daniel Coromac<\/p>\n\n\n\n<p><a href=\"https:\/\/www.facebook.com\/hashtag\/metroredes?__eep__=6&amp;__cft__[0]=AZUD1CeHKZqBWRX8FwgOkzMDkCewA1DO9Fel8lVYV4BnJOphhc6FOQm3nbutuzFJ1r2GxfjFyLG_jPQ5sNc4sFVJQ3ypitvdu1OAnBmp5zD-3HLGUnLtzlGKgMIX_7pd5muy-Qfh3bNYtPKFhygGbfUueutc1mKd7DUK1xvqIMPlLQoANFS5y4dOLzLoH0lNJpI&amp;__tn__=*NK-R\">#metroredes<\/a><a href=\"https:\/\/www.facebook.com\/hashtag\/fiestaspatrias2023?__eep__=6&amp;__cft__[0]=AZUD1CeHKZqBWRX8FwgOkzMDkCewA1DO9Fel8lVYV4BnJOphhc6FOQm3nbutuzFJ1r2GxfjFyLG_jPQ5sNc4sFVJQ3ypitvdu1OAnBmp5zD-3HLGUnLtzlGKgMIX_7pd5muy-Qfh3bNYtPKFhygGbfUueutc1mKd7DUK1xvqIMPlLQoANFS5y4dOLzLoH0lNJpI&amp;__tn__=*NK-R\">#fiestaspatrias2023<\/a><a href=\"https:\/\/www.facebook.com\/hashtag\/fervorpatrio?__eep__=6&amp;__cft__[0]=AZUD1CeHKZqBWRX8FwgOkzMDkCewA1DO9Fel8lVYV4BnJOphhc6FOQm3nbutuzFJ1r2GxfjFyLG_jPQ5sNc4sFVJQ3ypitvdu1OAnBmp5zD-3HLGUnLtzlGKgMIX_7pd5muy-Qfh3bNYtPKFhygGbfUueutc1mKd7DUK1xvqIMPlLQoANFS5y4dOLzLoH0lNJpI&amp;__tn__=*NK-R\">#FervorPatrio<\/a><\/p>\n\n\n\n<p><a rel=\"noreferrer noopener\" href=\"https:\/\/l.facebook.com\/l.php?u=http%3A%2F%2FWww.elmetropolitano.com.gt%2F%3Ffbclid%3DIwAR2DGhPDWpddGyDzu9mVB37idIJtRQKA4vPbAVdS-JK4ymQXulm9RcGVVAo&amp;h=AT0NIXh1GlSoYulZMx-vgz8ALeZUT6t5nhaCk8gktL3P0GG51s4Tfo6fOIfGQcBTpzMuDwJlGNdV5Df7d3lFBonyaR15jPzopcwy5pX9vDafd01VgdCU6Db0kMHPeQxeZiAl&amp;__tn__=-UK-R&amp;c[0]=AT09N5WEwoD616m90Ox5p8snqMthEuTRItZqGl2iHJgcouoarPoFc12XiRDFoUlapqXae2FkVA5JbRdkgdNelSncV7gYoV-wgFihqwFEaWRjkUQS2rusFC37buXu284FMpelv8-Lil70aJcJGY44Kp3zyGHkDfJ-DM6GJcPzWLWn922MHKxaxurQWOeCTHhG4L2JIxIP7L6G\" target=\"_blank\">Www.elmetropolitano.com.gt<\/a><\/p>\n\n\n\n<figure class=\"wp-block-gallery has-nested-images columns-default is-cropped wp-block-gallery-1 is-layout-flex wp-block-gallery-is-layout-flex\">\n<figure class=\"wp-block-image size-large\"><img loading=\"lazy\" decoding=\"async\" width=\"1024\" height=\"768\" data-id=\"71849\" src=\"https:\/\/elmetropolitano.com.gt\/es\/wp-content\/uploads\/2023\/09\/370546787_773969091395843_1094264191835698747_n-1024x768.jpg\" alt=\"\" class=\"wp-image-71849\" srcset=\"https:\/\/elmetropolitano.com.gt\/es\/wp-content\/uploads\/2023\/09\/370546787_773969091395843_1094264191835698747_n-1024x768.jpg 1024w, https:\/\/elmetropolitano.com.gt\/es\/wp-content\/uploads\/2023\/09\/370546787_773969091395843_1094264191835698747_n-300x225.jpg 300w, https:\/\/elmetropolitano.com.gt\/es\/wp-content\/uploads\/2023\/09\/370546787_773969091395843_1094264191835698747_n-768x576.jpg 768w, https:\/\/elmetropolitano.com.gt\/es\/wp-content\/uploads\/2023\/09\/370546787_773969091395843_1094264191835698747_n-1536x1152.jpg 1536w, https:\/\/elmetropolitano.com.gt\/es\/wp-content\/uploads\/2023\/09\/370546787_773969091395843_1094264191835698747_n-600x450.jpg 600w, https:\/\/elmetropolitano.com.gt\/es\/wp-content\/uploads\/2023\/09\/370546787_773969091395843_1094264191835698747_n.jpg 1600w\" sizes=\"auto, (max-width: 1024px) 100vw, 1024px\" \/><\/figure>\n\n\n\n<figure class=\"wp-block-image size-large\"><img loading=\"lazy\" decoding=\"async\" width=\"1024\" height=\"768\" data-id=\"71850\" src=\"https:\/\/elmetropolitano.com.gt\/es\/wp-content\/uploads\/2023\/09\/372049039_773969084729177_4520382595604199145_n-1024x768.jpg\" alt=\"\" class=\"wp-image-71850\" srcset=\"https:\/\/elmetropolitano.com.gt\/es\/wp-content\/uploads\/2023\/09\/372049039_773969084729177_4520382595604199145_n-1024x768.jpg 1024w, https:\/\/elmetropolitano.com.gt\/es\/wp-content\/uploads\/2023\/09\/372049039_773969084729177_4520382595604199145_n-300x225.jpg 300w, https:\/\/elmetropolitano.com.gt\/es\/wp-content\/uploads\/2023\/09\/372049039_773969084729177_4520382595604199145_n-768x576.jpg 768w, https:\/\/elmetropolitano.com.gt\/es\/wp-content\/uploads\/2023\/09\/372049039_773969084729177_4520382595604199145_n-1536x1152.jpg 1536w, https:\/\/elmetropolitano.com.gt\/es\/wp-content\/uploads\/2023\/09\/372049039_773969084729177_4520382595604199145_n-600x450.jpg 600w, https:\/\/elmetropolitano.com.gt\/es\/wp-content\/uploads\/2023\/09\/372049039_773969084729177_4520382595604199145_n.jpg 1600w\" sizes=\"auto, (max-width: 1024px) 100vw, 1024px\" \/><\/figure>\n<\/figure>\n","protected":false},"excerpt":{"rendered":"<p>Esta ma\u00f1ana, la Antorcha Centroamericana por la Paz y la Libertad sali\u00f3 de las instalaciones del Ministerio de Educaci\u00f3n (Mineduc). La antorcha recorrer\u00e1 mil 475 kil\u00f3metros, desde Guatemala hasta Costa Rica. Este es un elemento importante para las naciones centroamericanas durante el mes patrio. El fuego de la libertad representa a los jinetes que llevaron <a class=\"read-more\" href=\"https:\/\/elmetropolitano.com.gt\/es\/antorcha-centroamericana-por-la-paz-y-la-libertad-inicia-su-recorrido\/\">Leer m\u00e1s<\/a><\/p>\n","protected":false},"author":1,"featured_media":71848,"comment_status":"open","ping_status":"closed","sticky":false,"template":"","format":"standard","meta":{"footnotes":""},"categories":[2],"tags":[12],"class_list":["post-71847","post","type-post","status-publish","format-standard","has-post-thumbnail","hentry","category-nacionales","tag-nacionales"],"_links":{"self":[{"href":"https:\/\/elmetropolitano.com.gt\/es\/wp-json\/wp\/v2\/posts\/71847","targetHints":{"allow":["GET"]}}],"collection":[{"href":"https:\/\/elmetropolitano.com.gt\/es\/wp-json\/wp\/v2\/posts"}],"about":[{"href":"https:\/\/elmetropolitano.com.gt\/es\/wp-json\/wp\/v2\/types\/post"}],"author":[{"embeddable":true,"href":"https:\/\/elmetropolitano.com.gt\/es\/wp-json\/wp\/v2\/users\/1"}],"replies":[{"embeddable":true,"href":"https:\/\/elmetropolitano.com.gt\/es\/wp-json\/wp\/v2\/comments?post=71847"}],"version-history":[{"count":1,"href":"https:\/\/elmetropolitano.com.gt\/es\/wp-json\/wp\/v2\/posts\/71847\/revisions"}],"predecessor-version":[{"id":71851,"href":"https:\/\/elmetropolitano.com.gt\/es\/wp-json\/wp\/v2\/posts\/71847\/revisions\/71851"}],"wp:featuredmedia":[{"embeddable":true,"href":"https:\/\/elmetropolitano.com.gt\/es\/wp-json\/wp\/v2\/media\/71848"}],"wp:attachment":[{"href":"https:\/\/elmetropolitano.com.gt\/es\/wp-json\/wp\/v2\/media?parent=71847"}],"wp:term":[{"taxonomy":"category","embeddable":true,"href":"https:\/\/elmetropolitano.com.gt\/es\/wp-json\/wp\/v2\/categories?post=71847"},{"taxonomy":"post_tag","embeddable":true,"href":"https:\/\/elmetropolitano.com.gt\/es\/wp-json\/wp\/v2\/tags?post=71847"}],"curies":[{"name":"wp","href":"https:\/\/api.w.org\/{rel}","templated":true}]}}