{"id":71856,"date":"2023-09-04T13:26:39","date_gmt":"2023-09-04T19:26:39","guid":{"rendered":"https:\/\/elmetropolitano.com.gt\/es\/?p=71856"},"modified":"2023-09-04T13:26:41","modified_gmt":"2023-09-04T19:26:41","slug":"protestan-frente-a-sede-del-mp-en-jalapa","status":"publish","type":"post","link":"https:\/\/elmetropolitano.com.gt\/es\/protestan-frente-a-sede-del-mp-en-jalapa\/","title":{"rendered":"Protestan frente a sede del MP en Jalapa"},"content":{"rendered":"\n<p>En Jalapa, frente a la sede de la fiscal\u00eda distrital del Ministerio P\u00fablico MP, se realiza esta ma\u00f1ana un plant\u00f3n por la democracia convocado por las autoridades del Pueblo Xinca para exigir la renuncia de la fiscal general Consuelo Porras y el jefe de la fiscal\u00eda especial contra la inmunidad Rafael Curruchiche, por atentar contra la voluntad el pueblo y la democracia.<\/p>\n\n\n\n<p><a href=\"https:\/\/www.facebook.com\/hashtag\/metroredes?__eep__=6&amp;__cft__[0]=AZX8fwdHwe8qGvVt_xuubCRZuzIZuGfPXpNU7N9yw7b0_rFEfg5h6uQE0M5H5aCmbRGnuqBp5Jrc7ZCTOhyDtgnTlflB2hIrng3GoTT9QGBaK2ZXkK0vUvUlFehub2qZwrEmbu0JWzeQ3BheZVFw2z5yEbsPUPNseokkwo_ChxyrecIkCECWfLSo5Rpp2gDBfGw&amp;__tn__=*NK-R\">#metroredes<\/a><a href=\"https:\/\/www.facebook.com\/photo\/?fbid=774469538012465&amp;set=a.504300588362696&amp;__cft__[0]=AZX8fwdHwe8qGvVt_xuubCRZuzIZuGfPXpNU7N9yw7b0_rFEfg5h6uQE0M5H5aCmbRGnuqBp5Jrc7ZCTOhyDtgnTlflB2hIrng3GoTT9QGBaK2ZXkK0vUvUlFehub2qZwrEmbu0JWzeQ3BheZVFw2z5yEbsPUPNseokkwo_ChxyrecIkCECWfLSo5Rpp2gDBfGw&amp;__tn__=EH-R\"><\/a><\/p><div class=\"elmet-contenido\" id=\"elmet-1261943988\"><div class=\"elmet-adlabel\">Anuncios<\/div><div style=\"margin-top: 20px;margin-right: 20px;margin-bottom: 20px;margin-left: 20px;\" id=\"elmet-2332450143\"><a href=\"https:\/\/www.facebook.com\/arrincuanantigua\/\" aria-label=\"cintillo-arrin-cual\"><img loading=\"lazy\" decoding=\"async\" src=\"https:\/\/elmetropolitano.com.gt\/es\/wp-content\/uploads\/2021\/11\/cintillo-arrin-cual-1.jpg\" alt=\"\"  srcset=\"https:\/\/elmetropolitano.com.gt\/es\/wp-content\/uploads\/2021\/11\/cintillo-arrin-cual-1.jpg 750w, https:\/\/elmetropolitano.com.gt\/es\/wp-content\/uploads\/2021\/11\/cintillo-arrin-cual-1-300x36.jpg 300w, https:\/\/elmetropolitano.com.gt\/es\/wp-content\/uploads\/2021\/11\/cintillo-arrin-cual-1-600x72.jpg 600w\" sizes=\"(max-width: 750px) 100vw, 750px\" width=\"750\" height=\"90\"   \/><\/a><\/div><\/div>\n\n\n\n<p><\/p>\n","protected":false},"excerpt":{"rendered":"<p>En Jalapa, frente a la sede de la fiscal\u00eda distrital del Ministerio P\u00fablico MP, se realiza esta ma\u00f1ana un plant\u00f3n por la democracia convocado por las autoridades del Pueblo Xinca para exigir la renuncia de la fiscal general Consuelo Porras y el jefe de la fiscal\u00eda especial contra la inmunidad Rafael Curruchiche, por atentar contra <a class=\"read-more\" href=\"https:\/\/elmetropolitano.com.gt\/es\/protestan-frente-a-sede-del-mp-en-jalapa\/\">Leer m\u00e1s<\/a><\/p>\n","protected":false},"author":1,"featured_media":71857,"comment_status":"open","ping_status":"closed","sticky":false,"template":"","format":"standard","meta":{"footnotes":""},"categories":[4],"tags":[13],"class_list":["post-71856","post","type-post","status-publish","format-standard","has-post-thumbnail","hentry","category-departamentales","tag-departamentales"],"_links":{"self":[{"href":"https:\/\/elmetropolitano.com.gt\/es\/wp-json\/wp\/v2\/posts\/71856","targetHints":{"allow":["GET"]}}],"collection":[{"href":"https:\/\/elmetropolitano.com.gt\/es\/wp-json\/wp\/v2\/posts"}],"about":[{"href":"https:\/\/elmetropolitano.com.gt\/es\/wp-json\/wp\/v2\/types\/post"}],"author":[{"embeddable":true,"href":"https:\/\/elmetropolitano.com.gt\/es\/wp-json\/wp\/v2\/users\/1"}],"replies":[{"embeddable":true,"href":"https:\/\/elmetropolitano.com.gt\/es\/wp-json\/wp\/v2\/comments?post=71856"}],"version-history":[{"count":1,"href":"https:\/\/elmetropolitano.com.gt\/es\/wp-json\/wp\/v2\/posts\/71856\/revisions"}],"predecessor-version":[{"id":71858,"href":"https:\/\/elmetropolitano.com.gt\/es\/wp-json\/wp\/v2\/posts\/71856\/revisions\/71858"}],"wp:featuredmedia":[{"embeddable":true,"href":"https:\/\/elmetropolitano.com.gt\/es\/wp-json\/wp\/v2\/media\/71857"}],"wp:attachment":[{"href":"https:\/\/elmetropolitano.com.gt\/es\/wp-json\/wp\/v2\/media?parent=71856"}],"wp:term":[{"taxonomy":"category","embeddable":true,"href":"https:\/\/elmetropolitano.com.gt\/es\/wp-json\/wp\/v2\/categories?post=71856"},{"taxonomy":"post_tag","embeddable":true,"href":"https:\/\/elmetropolitano.com.gt\/es\/wp-json\/wp\/v2\/tags?post=71856"}],"curies":[{"name":"wp","href":"https:\/\/api.w.org\/{rel}","templated":true}]}}