{"id":71869,"date":"2023-09-04T17:02:18","date_gmt":"2023-09-04T23:02:18","guid":{"rendered":"https:\/\/elmetropolitano.com.gt\/es\/?p=71869"},"modified":"2023-09-04T17:03:14","modified_gmt":"2023-09-04T23:03:14","slug":"dan-48-horas-para-que-consuelo-porras-renuncie","status":"publish","type":"post","link":"https:\/\/elmetropolitano.com.gt\/es\/dan-48-horas-para-que-consuelo-porras-renuncie\/","title":{"rendered":"Dan 48 horas para que Consuelo Porras renuncie"},"content":{"rendered":"\n<p>\u201cNo permitiremos que el pacto de corruptos de corruptos, las mafias, el narcotr\u00e1fico y el crimen organizado, mantengan cooptado al estado de Guatemala y que se burlen de la voluntad del pueblo por medio de las acciones aparentemente legales que realizan los fiscales y jueces t\u00edteres para seguir ejecutando un golpe de estado\u201d, expres\u00f3 en un comunicado la municipalidad ind\u00edgena de Solol\u00e1 quien dio 48 horas para que la fiscal general renuncie.<\/p>\n\n\n\n<p>Agregan en el comunicado que est\u00e1n cansados de las acciones oficiosas del MP, especialmente de la se\u00f1ora Mar\u00eda Consuelo Porras Argueta, los fiscales Jos\u00e9 Rafael Curruchiche y Cinthia Monterroso, que amenazan con romper el orden constitucional y poner en riesgo nuestra d\u00e9bil democracia, con la complicidad del juez Fredy Orellana y magistrados de la Corte Suprema de Justicia y la Corte de Constitucionalidad.<\/p><div class=\"elmet-contenido\" id=\"elmet-2635838289\"><div class=\"elmet-adlabel\">Anuncios<\/div><div style=\"margin-top: 20px;margin-right: 20px;margin-bottom: 20px;margin-left: 20px;\" id=\"elmet-4209644734\"><a href=\"https:\/\/www.facebook.com\/arrincuanantigua\/\" aria-label=\"cintillo-arrin-cual\"><img loading=\"lazy\" decoding=\"async\" src=\"https:\/\/elmetropolitano.com.gt\/es\/wp-content\/uploads\/2021\/11\/cintillo-arrin-cual-1.jpg\" alt=\"\"  srcset=\"https:\/\/elmetropolitano.com.gt\/es\/wp-content\/uploads\/2021\/11\/cintillo-arrin-cual-1.jpg 750w, https:\/\/elmetropolitano.com.gt\/es\/wp-content\/uploads\/2021\/11\/cintillo-arrin-cual-1-300x36.jpg 300w, https:\/\/elmetropolitano.com.gt\/es\/wp-content\/uploads\/2021\/11\/cintillo-arrin-cual-1-600x72.jpg 600w\" sizes=\"(max-width: 750px) 100vw, 750px\" width=\"750\" height=\"90\"   \/><\/a><\/div><\/div>\n\n\n\n<p>#metroredes<\/p>\n\n\n\n<figure class=\"wp-block-gallery has-nested-images columns-default is-cropped wp-block-gallery-1 is-layout-flex wp-block-gallery-is-layout-flex\">\n<figure class=\"wp-block-image size-large\"><img loading=\"lazy\" decoding=\"async\" width=\"768\" height=\"1024\" data-id=\"71872\" src=\"https:\/\/elmetropolitano.com.gt\/es\/wp-content\/uploads\/2023\/09\/muni-indigena1-1-768x1024.jpg\" alt=\"\" class=\"wp-image-71872\" srcset=\"https:\/\/elmetropolitano.com.gt\/es\/wp-content\/uploads\/2023\/09\/muni-indigena1-1-768x1024.jpg 768w, https:\/\/elmetropolitano.com.gt\/es\/wp-content\/uploads\/2023\/09\/muni-indigena1-1-225x300.jpg 225w, https:\/\/elmetropolitano.com.gt\/es\/wp-content\/uploads\/2023\/09\/muni-indigena1-1-1152x1536.jpg 1152w, https:\/\/elmetropolitano.com.gt\/es\/wp-content\/uploads\/2023\/09\/muni-indigena1-1-600x800.jpg 600w, https:\/\/elmetropolitano.com.gt\/es\/wp-content\/uploads\/2023\/09\/muni-indigena1-1.jpg 1536w\" sizes=\"auto, (max-width: 768px) 100vw, 768px\" \/><\/figure>\n\n\n\n<figure class=\"wp-block-image size-large\"><img loading=\"lazy\" decoding=\"async\" width=\"768\" height=\"1024\" data-id=\"71871\" src=\"https:\/\/elmetropolitano.com.gt\/es\/wp-content\/uploads\/2023\/09\/muni-indigena2-768x1024.jpg\" alt=\"\" class=\"wp-image-71871\" srcset=\"https:\/\/elmetropolitano.com.gt\/es\/wp-content\/uploads\/2023\/09\/muni-indigena2-768x1024.jpg 768w, https:\/\/elmetropolitano.com.gt\/es\/wp-content\/uploads\/2023\/09\/muni-indigena2-225x300.jpg 225w, https:\/\/elmetropolitano.com.gt\/es\/wp-content\/uploads\/2023\/09\/muni-indigena2-1152x1536.jpg 1152w, https:\/\/elmetropolitano.com.gt\/es\/wp-content\/uploads\/2023\/09\/muni-indigena2-600x800.jpg 600w, https:\/\/elmetropolitano.com.gt\/es\/wp-content\/uploads\/2023\/09\/muni-indigena2.jpg 1536w\" sizes=\"auto, (max-width: 768px) 100vw, 768px\" \/><\/figure>\n<\/figure>\n","protected":false},"excerpt":{"rendered":"<p>\u201cNo permitiremos que el pacto de corruptos de corruptos, las mafias, el narcotr\u00e1fico y el crimen organizado, mantengan cooptado al estado de Guatemala y que se burlen de la voluntad del pueblo por medio de las acciones aparentemente legales que realizan los fiscales y jueces t\u00edteres para seguir ejecutando un golpe de estado\u201d, expres\u00f3 en <a class=\"read-more\" href=\"https:\/\/elmetropolitano.com.gt\/es\/dan-48-horas-para-que-consuelo-porras-renuncie\/\">Leer m\u00e1s<\/a><\/p>\n","protected":false},"author":1,"featured_media":71870,"comment_status":"open","ping_status":"closed","sticky":false,"template":"","format":"standard","meta":{"footnotes":""},"categories":[2],"tags":[12],"class_list":["post-71869","post","type-post","status-publish","format-standard","has-post-thumbnail","hentry","category-nacionales","tag-nacionales"],"_links":{"self":[{"href":"https:\/\/elmetropolitano.com.gt\/es\/wp-json\/wp\/v2\/posts\/71869","targetHints":{"allow":["GET"]}}],"collection":[{"href":"https:\/\/elmetropolitano.com.gt\/es\/wp-json\/wp\/v2\/posts"}],"about":[{"href":"https:\/\/elmetropolitano.com.gt\/es\/wp-json\/wp\/v2\/types\/post"}],"author":[{"embeddable":true,"href":"https:\/\/elmetropolitano.com.gt\/es\/wp-json\/wp\/v2\/users\/1"}],"replies":[{"embeddable":true,"href":"https:\/\/elmetropolitano.com.gt\/es\/wp-json\/wp\/v2\/comments?post=71869"}],"version-history":[{"count":1,"href":"https:\/\/elmetropolitano.com.gt\/es\/wp-json\/wp\/v2\/posts\/71869\/revisions"}],"predecessor-version":[{"id":71873,"href":"https:\/\/elmetropolitano.com.gt\/es\/wp-json\/wp\/v2\/posts\/71869\/revisions\/71873"}],"wp:featuredmedia":[{"embeddable":true,"href":"https:\/\/elmetropolitano.com.gt\/es\/wp-json\/wp\/v2\/media\/71870"}],"wp:attachment":[{"href":"https:\/\/elmetropolitano.com.gt\/es\/wp-json\/wp\/v2\/media?parent=71869"}],"wp:term":[{"taxonomy":"category","embeddable":true,"href":"https:\/\/elmetropolitano.com.gt\/es\/wp-json\/wp\/v2\/categories?post=71869"},{"taxonomy":"post_tag","embeddable":true,"href":"https:\/\/elmetropolitano.com.gt\/es\/wp-json\/wp\/v2\/tags?post=71869"}],"curies":[{"name":"wp","href":"https:\/\/api.w.org\/{rel}","templated":true}]}}