{"id":71874,"date":"2023-09-05T09:47:54","date_gmt":"2023-09-05T15:47:54","guid":{"rendered":"https:\/\/elmetropolitano.com.gt\/es\/?p=71874"},"modified":"2023-09-05T09:47:55","modified_gmt":"2023-09-05T15:47:55","slug":"guatemala-es-sede-de-la-feria-alimentaria-2023","status":"publish","type":"post","link":"https:\/\/elmetropolitano.com.gt\/es\/guatemala-es-sede-de-la-feria-alimentaria-2023\/","title":{"rendered":"Guatemala es sede de la Feria Alimentaria 2023"},"content":{"rendered":"\n<p>Desde hoy hasta al 6 de septiembre, se desarrollar\u00e1 la Feria Alimentaria 2023, en la cual m\u00e1s de 8 mil asistentes conocer\u00e1n de manera m\u00e1s cercana toda la tecnolog\u00eda aplicada al proceso de producci\u00f3n alimenticia actual.<\/p>\n\n\n\n<p><a><\/a>\u201cSabemos el impulso que brinda este gran evento a quienes desean promover, desarrollar e innovar un producto relacionado con un sector tan grande como la industria alimentaria, y como todos los a\u00f1os, buscamos ofrecer una actividad diferente, presentando tem\u00e1ticas de tendencia que nos mantengan a la vanguardia\u201d expres\u00f3 Salvador Contreras vicepresidente del comit\u00e9 organizador<\/p><div class=\"elmet-contenido\" id=\"elmet-3337104952\"><div class=\"elmet-adlabel\">Anuncios<\/div><div style=\"margin-top: 20px;margin-right: 20px;margin-bottom: 20px;margin-left: 20px;\" id=\"elmet-716060082\"><a href=\"https:\/\/www.facebook.com\/arrincuanantigua\/\" aria-label=\"cintillo-arrin-cual\"><img loading=\"lazy\" decoding=\"async\" src=\"https:\/\/elmetropolitano.com.gt\/es\/wp-content\/uploads\/2021\/11\/cintillo-arrin-cual-1.jpg\" alt=\"\"  srcset=\"https:\/\/elmetropolitano.com.gt\/es\/wp-content\/uploads\/2021\/11\/cintillo-arrin-cual-1.jpg 750w, https:\/\/elmetropolitano.com.gt\/es\/wp-content\/uploads\/2021\/11\/cintillo-arrin-cual-1-300x36.jpg 300w, https:\/\/elmetropolitano.com.gt\/es\/wp-content\/uploads\/2021\/11\/cintillo-arrin-cual-1-600x72.jpg 600w\" sizes=\"(max-width: 750px) 100vw, 750px\" width=\"750\" height=\"90\"   \/><\/a><\/div><\/div>\n\n\n\n<p>Sobre el evento<\/p>\n\n\n\n<p>Asimismo, autoridades del Instituto Guatemalteco de Turismo (Inguat), el Club Rotario de Guatemala y Comit\u00e9 Organizador anunciaron que la muestra gastron\u00f3mica 2023 reunir\u00e1 a 105 empresas del \u00e1mbito culinario.<\/p>\n\n\n\n<p>La actividad, que tendr\u00e1 lugar en el Expocenter del Grand Hotel Tikal Futura, zona 11 capitalina, ser\u00e1 el cierre de la Feria Alimentaria, que se realiza desde hoy hasta al 6 del citado mes.<\/p>\n\n\n\n<p>As\u00ed detalla el comunicado:<\/p>\n\n\n\n<p>Evoluci\u00f3n Gastron\u00f3mica ser\u00e1 el tema del evento, que congregar\u00e1 a emprendedores y chefs, que presentar\u00e1n 417 platos con m\u00e1s de 62 mil 550 degustaciones.<\/p>\n\n\n\n<p>Por parte de Guatemala, se contar\u00e1 con siete regiones del pa\u00eds impulsar\u00e1n su arte culinario. Adem\u00e1s, el Inguat detall\u00f3 que la exposici\u00f3n incluir\u00e1 el Congreso de Restaurantes, la Master Class Culinaria, la competencia Junior y Senior Chef.<\/p>\n\n\n\n<p>Apoyo Inguat<\/p>\n\n\n\n<p>De acuerdo con la directora general del Inguat, Anayansy Rodr\u00edguez, la entidad estar\u00e1 presente el 6 y 7 con 50 estands con degustaci\u00f3n gastron\u00f3mica de las 7 regiones tur\u00edsticas del pa\u00eds. Adem\u00e1s, un local de informaci\u00f3n para los asistentes.<\/p>\n\n\n\n<p>Guatemala se destaca al ofrecer una amplia variedad de platillos reconocidos mundialmente, lo que lo convierte en un destino por excelencia para la industria gastron\u00f3mica.<\/p>\n\n\n\n<p>Obra social<\/p>\n\n\n\n<p>Los fondos recaudados durante la actividad ser\u00e1n destinados al Club Rotario Guatemala del Este, cuyo compromiso con el bienestar social ha permitido respaldar significativamente la labor de la Liga Nacional contra el C\u00e1ncer.<\/p>\n\n\n\n<p>La donaci\u00f3n es de 250 quetzales y los interesados pueden adquirir su entrada comunic\u00e1ndose a los n\u00fameros telef\u00f3nicos 2334-8101 y 2334-8103 o al correo francis.bendfeldt@gmail.com.<\/p>\n\n\n\n<p>Texto: Brenda Larios<\/p>\n\n\n\n<p><a href=\"https:\/\/www.facebook.com\/hashtag\/metroredes?__eep__=6&amp;__cft__[0]=AZWQhA_0MJ2S-kISG6eVEgWyeWx5U0X5UtmHJOpEbp96C_Pofi3CR6hji0k5rO4DzBB5BJHWeeAJ3A9HfhHJX9k2y7ar0dPA45JxkXOq4jXw1tzQNgQBQz_krafZbYYz4nv3Koylg5819xu9ld21dEuF41nVXobe6jOPgVfFCQAnopfvcUiIj18PI4aX6fgPZgE&amp;__tn__=*NK-R\">#metroredes<\/a><a href=\"https:\/\/www.facebook.com\/hashtag\/feriaalimentaria2023?__eep__=6&amp;__cft__[0]=AZWQhA_0MJ2S-kISG6eVEgWyeWx5U0X5UtmHJOpEbp96C_Pofi3CR6hji0k5rO4DzBB5BJHWeeAJ3A9HfhHJX9k2y7ar0dPA45JxkXOq4jXw1tzQNgQBQz_krafZbYYz4nv3Koylg5819xu9ld21dEuF41nVXobe6jOPgVfFCQAnopfvcUiIj18PI4aX6fgPZgE&amp;__tn__=*NK-R\">#FeriaAlimentaria2023<\/a><a href=\"https:\/\/www.facebook.com\/hashtag\/intecap?__eep__=6&amp;__cft__[0]=AZWQhA_0MJ2S-kISG6eVEgWyeWx5U0X5UtmHJOpEbp96C_Pofi3CR6hji0k5rO4DzBB5BJHWeeAJ3A9HfhHJX9k2y7ar0dPA45JxkXOq4jXw1tzQNgQBQz_krafZbYYz4nv3Koylg5819xu9ld21dEuF41nVXobe6jOPgVfFCQAnopfvcUiIj18PI4aX6fgPZgE&amp;__tn__=*NK-R\">#Intecap<\/a><a href=\"https:\/\/www.facebook.com\/hashtag\/inguat?__eep__=6&amp;__cft__[0]=AZWQhA_0MJ2S-kISG6eVEgWyeWx5U0X5UtmHJOpEbp96C_Pofi3CR6hji0k5rO4DzBB5BJHWeeAJ3A9HfhHJX9k2y7ar0dPA45JxkXOq4jXw1tzQNgQBQz_krafZbYYz4nv3Koylg5819xu9ld21dEuF41nVXobe6jOPgVfFCQAnopfvcUiIj18PI4aX6fgPZgE&amp;__tn__=*NK-R\">#Inguat<\/a><\/p>\n\n\n\n<p><\/p>\n","protected":false},"excerpt":{"rendered":"<p>Desde hoy hasta al 6 de septiembre, se desarrollar\u00e1 la Feria Alimentaria 2023, en la cual m\u00e1s de 8 mil asistentes conocer\u00e1n de manera m\u00e1s cercana toda la tecnolog\u00eda aplicada al proceso de producci\u00f3n alimenticia actual. \u201cSabemos el impulso que brinda este gran evento a quienes desean promover, desarrollar e innovar un producto relacionado con <a class=\"read-more\" href=\"https:\/\/elmetropolitano.com.gt\/es\/guatemala-es-sede-de-la-feria-alimentaria-2023\/\">Leer m\u00e1s<\/a><\/p>\n","protected":false},"author":1,"featured_media":71875,"comment_status":"open","ping_status":"closed","sticky":false,"template":"","format":"standard","meta":{"footnotes":""},"categories":[2],"tags":[12],"class_list":["post-71874","post","type-post","status-publish","format-standard","has-post-thumbnail","hentry","category-nacionales","tag-nacionales"],"_links":{"self":[{"href":"https:\/\/elmetropolitano.com.gt\/es\/wp-json\/wp\/v2\/posts\/71874","targetHints":{"allow":["GET"]}}],"collection":[{"href":"https:\/\/elmetropolitano.com.gt\/es\/wp-json\/wp\/v2\/posts"}],"about":[{"href":"https:\/\/elmetropolitano.com.gt\/es\/wp-json\/wp\/v2\/types\/post"}],"author":[{"embeddable":true,"href":"https:\/\/elmetropolitano.com.gt\/es\/wp-json\/wp\/v2\/users\/1"}],"replies":[{"embeddable":true,"href":"https:\/\/elmetropolitano.com.gt\/es\/wp-json\/wp\/v2\/comments?post=71874"}],"version-history":[{"count":1,"href":"https:\/\/elmetropolitano.com.gt\/es\/wp-json\/wp\/v2\/posts\/71874\/revisions"}],"predecessor-version":[{"id":71876,"href":"https:\/\/elmetropolitano.com.gt\/es\/wp-json\/wp\/v2\/posts\/71874\/revisions\/71876"}],"wp:featuredmedia":[{"embeddable":true,"href":"https:\/\/elmetropolitano.com.gt\/es\/wp-json\/wp\/v2\/media\/71875"}],"wp:attachment":[{"href":"https:\/\/elmetropolitano.com.gt\/es\/wp-json\/wp\/v2\/media?parent=71874"}],"wp:term":[{"taxonomy":"category","embeddable":true,"href":"https:\/\/elmetropolitano.com.gt\/es\/wp-json\/wp\/v2\/categories?post=71874"},{"taxonomy":"post_tag","embeddable":true,"href":"https:\/\/elmetropolitano.com.gt\/es\/wp-json\/wp\/v2\/tags?post=71874"}],"curies":[{"name":"wp","href":"https:\/\/api.w.org\/{rel}","templated":true}]}}