{"id":71877,"date":"2023-09-05T09:50:50","date_gmt":"2023-09-05T15:50:50","guid":{"rendered":"https:\/\/elmetropolitano.com.gt\/es\/?p=71877"},"modified":"2023-09-05T09:50:50","modified_gmt":"2023-09-05T15:50:50","slug":"habran-cortes-de-energia-electrica-en-el-aeropuerto-internacional-la-aurora","status":"publish","type":"post","link":"https:\/\/elmetropolitano.com.gt\/es\/habran-cortes-de-energia-electrica-en-el-aeropuerto-internacional-la-aurora\/","title":{"rendered":"Habr\u00e1n cortes de energ\u00eda el\u00e9ctrica en el aeropuerto Internacional la Aurora"},"content":{"rendered":"\n<p>La Direcci\u00f3n General de Aeron\u00e1utica Civil (DGAC) informa a turistas sobre los cortes de energ\u00eda el\u00e9ctrica que se tienen programados en el Aeropuerto Internacional La Aurora.<\/p>\n\n\n\n<p>Esto <a><\/a>se debe a trabajos de mantenimiento y pruebas a equipos de potencia. El 7 y 14 de septiembre, los cortes se efectuar\u00e1n de las 0.00 a las 2.20 horas. Se recomienda a los usuarios planificar sus llegadas al lugar.<\/p><div class=\"elmet-contenido\" id=\"elmet-1729872581\"><div class=\"elmet-adlabel\">Anuncios<\/div><div style=\"margin-top: 20px;margin-right: 20px;margin-bottom: 20px;margin-left: 20px;\" id=\"elmet-3904529625\"><a href=\"https:\/\/www.facebook.com\/arrincuanantigua\/\" aria-label=\"cintillo-arrin-cual\"><img loading=\"lazy\" decoding=\"async\" src=\"https:\/\/elmetropolitano.com.gt\/es\/wp-content\/uploads\/2021\/11\/cintillo-arrin-cual-1.jpg\" alt=\"\"  srcset=\"https:\/\/elmetropolitano.com.gt\/es\/wp-content\/uploads\/2021\/11\/cintillo-arrin-cual-1.jpg 750w, https:\/\/elmetropolitano.com.gt\/es\/wp-content\/uploads\/2021\/11\/cintillo-arrin-cual-1-300x36.jpg 300w, https:\/\/elmetropolitano.com.gt\/es\/wp-content\/uploads\/2021\/11\/cintillo-arrin-cual-1-600x72.jpg 600w\" sizes=\"(max-width: 750px) 100vw, 750px\" width=\"750\" height=\"90\"   \/><\/a><\/div><\/div>\n\n\n\n<p>Adem\u00e1s, seg\u00fan la DGAC los trabajos han sido coordinados con las gerencias de aerol\u00edneas y la Asociaci\u00f3n Guatemalteca de L\u00edneas A\u00e9reas. Buscaron un horario con poca afluencia de personas para no afectar tanto las operaciones y servicios.<\/p>\n\n\n\n<p><a href=\"https:\/\/www.facebook.com\/hashtag\/metroredes?__eep__=6&amp;__cft__[0]=AZXAN-am7bQXnSoZvY02jn2mOkmhlhEG6NkFGaNwuwV11wYMqiGorrncp-fR9I7C2-QhIxNto1OeRKNkg3_30cwA-6wFYJMd3-gMBAg-qNK-41TLgGeWg5pbz7KB5YiZXu1wVh31gLJIATQLYMArraZZmy-ROPk6i1dkZpXUeWhm2XyrnUsDL0j-AE7zhrZcdS4&amp;__tn__=*NK-R\">#metroredes<\/a><a href=\"https:\/\/www.facebook.com\/hashtag\/aeropuertolaaurora?__eep__=6&amp;__cft__[0]=AZXAN-am7bQXnSoZvY02jn2mOkmhlhEG6NkFGaNwuwV11wYMqiGorrncp-fR9I7C2-QhIxNto1OeRKNkg3_30cwA-6wFYJMd3-gMBAg-qNK-41TLgGeWg5pbz7KB5YiZXu1wVh31gLJIATQLYMArraZZmy-ROPk6i1dkZpXUeWhm2XyrnUsDL0j-AE7zhrZcdS4&amp;__tn__=*NK-R\">#aeropuertolaaurora<\/a><\/p>\n\n\n\n<figure class=\"wp-block-gallery has-nested-images columns-default is-cropped wp-block-gallery-1 is-layout-flex wp-block-gallery-is-layout-flex\">\n<figure class=\"wp-block-image size-large\"><img loading=\"lazy\" decoding=\"async\" width=\"1024\" height=\"512\" data-id=\"71879\" src=\"https:\/\/elmetropolitano.com.gt\/es\/wp-content\/uploads\/2023\/09\/372070004_774636747995744_6854129483565743755_n-1-1024x512.jpg\" alt=\"\" class=\"wp-image-71879\" srcset=\"https:\/\/elmetropolitano.com.gt\/es\/wp-content\/uploads\/2023\/09\/372070004_774636747995744_6854129483565743755_n-1-1024x512.jpg 1024w, https:\/\/elmetropolitano.com.gt\/es\/wp-content\/uploads\/2023\/09\/372070004_774636747995744_6854129483565743755_n-1-300x150.jpg 300w, https:\/\/elmetropolitano.com.gt\/es\/wp-content\/uploads\/2023\/09\/372070004_774636747995744_6854129483565743755_n-1-768x384.jpg 768w, https:\/\/elmetropolitano.com.gt\/es\/wp-content\/uploads\/2023\/09\/372070004_774636747995744_6854129483565743755_n-1-600x300.jpg 600w, https:\/\/elmetropolitano.com.gt\/es\/wp-content\/uploads\/2023\/09\/372070004_774636747995744_6854129483565743755_n-1.jpg 1140w\" sizes=\"auto, (max-width: 1024px) 100vw, 1024px\" \/><\/figure>\n\n\n\n<figure class=\"wp-block-image size-large\"><img loading=\"lazy\" decoding=\"async\" width=\"1024\" height=\"1024\" data-id=\"71880\" src=\"https:\/\/elmetropolitano.com.gt\/es\/wp-content\/uploads\/2023\/09\/373749844_774636754662410_3519740936444648691_n-1024x1024.jpg\" alt=\"\" class=\"wp-image-71880\" srcset=\"https:\/\/elmetropolitano.com.gt\/es\/wp-content\/uploads\/2023\/09\/373749844_774636754662410_3519740936444648691_n-1024x1024.jpg 1024w, https:\/\/elmetropolitano.com.gt\/es\/wp-content\/uploads\/2023\/09\/373749844_774636754662410_3519740936444648691_n-300x300.jpg 300w, https:\/\/elmetropolitano.com.gt\/es\/wp-content\/uploads\/2023\/09\/373749844_774636754662410_3519740936444648691_n-150x150.jpg 150w, https:\/\/elmetropolitano.com.gt\/es\/wp-content\/uploads\/2023\/09\/373749844_774636754662410_3519740936444648691_n-768x768.jpg 768w, https:\/\/elmetropolitano.com.gt\/es\/wp-content\/uploads\/2023\/09\/373749844_774636754662410_3519740936444648691_n-600x600.jpg 600w, https:\/\/elmetropolitano.com.gt\/es\/wp-content\/uploads\/2023\/09\/373749844_774636754662410_3519740936444648691_n-100x100.jpg 100w, https:\/\/elmetropolitano.com.gt\/es\/wp-content\/uploads\/2023\/09\/373749844_774636754662410_3519740936444648691_n.jpg 1098w\" sizes=\"auto, (max-width: 1024px) 100vw, 1024px\" \/><\/figure>\n<\/figure>\n","protected":false},"excerpt":{"rendered":"<p>La Direcci\u00f3n General de Aeron\u00e1utica Civil (DGAC) informa a turistas sobre los cortes de energ\u00eda el\u00e9ctrica que se tienen programados en el Aeropuerto Internacional La Aurora. Esto se debe a trabajos de mantenimiento y pruebas a equipos de potencia. El 7 y 14 de septiembre, los cortes se efectuar\u00e1n de las 0.00 a las 2.20 <a class=\"read-more\" href=\"https:\/\/elmetropolitano.com.gt\/es\/habran-cortes-de-energia-electrica-en-el-aeropuerto-internacional-la-aurora\/\">Leer m\u00e1s<\/a><\/p>\n","protected":false},"author":1,"featured_media":71878,"comment_status":"open","ping_status":"closed","sticky":false,"template":"","format":"standard","meta":{"footnotes":""},"categories":[2],"tags":[12],"class_list":["post-71877","post","type-post","status-publish","format-standard","has-post-thumbnail","hentry","category-nacionales","tag-nacionales"],"_links":{"self":[{"href":"https:\/\/elmetropolitano.com.gt\/es\/wp-json\/wp\/v2\/posts\/71877","targetHints":{"allow":["GET"]}}],"collection":[{"href":"https:\/\/elmetropolitano.com.gt\/es\/wp-json\/wp\/v2\/posts"}],"about":[{"href":"https:\/\/elmetropolitano.com.gt\/es\/wp-json\/wp\/v2\/types\/post"}],"author":[{"embeddable":true,"href":"https:\/\/elmetropolitano.com.gt\/es\/wp-json\/wp\/v2\/users\/1"}],"replies":[{"embeddable":true,"href":"https:\/\/elmetropolitano.com.gt\/es\/wp-json\/wp\/v2\/comments?post=71877"}],"version-history":[{"count":1,"href":"https:\/\/elmetropolitano.com.gt\/es\/wp-json\/wp\/v2\/posts\/71877\/revisions"}],"predecessor-version":[{"id":71881,"href":"https:\/\/elmetropolitano.com.gt\/es\/wp-json\/wp\/v2\/posts\/71877\/revisions\/71881"}],"wp:featuredmedia":[{"embeddable":true,"href":"https:\/\/elmetropolitano.com.gt\/es\/wp-json\/wp\/v2\/media\/71878"}],"wp:attachment":[{"href":"https:\/\/elmetropolitano.com.gt\/es\/wp-json\/wp\/v2\/media?parent=71877"}],"wp:term":[{"taxonomy":"category","embeddable":true,"href":"https:\/\/elmetropolitano.com.gt\/es\/wp-json\/wp\/v2\/categories?post=71877"},{"taxonomy":"post_tag","embeddable":true,"href":"https:\/\/elmetropolitano.com.gt\/es\/wp-json\/wp\/v2\/tags?post=71877"}],"curies":[{"name":"wp","href":"https:\/\/api.w.org\/{rel}","templated":true}]}}