{"id":71921,"date":"2023-09-05T10:04:02","date_gmt":"2023-09-05T16:04:02","guid":{"rendered":"https:\/\/elmetropolitano.com.gt\/es\/?p=71921"},"modified":"2023-09-05T10:04:03","modified_gmt":"2023-09-05T16:04:03","slug":"guatemala-celebra-el-dia-del-quetzal-una-de-las-aves-mas-bellas-del-mundo","status":"publish","type":"post","link":"https:\/\/elmetropolitano.com.gt\/es\/guatemala-celebra-el-dia-del-quetzal-una-de-las-aves-mas-bellas-del-mundo\/","title":{"rendered":"Guatemala celebra el D\u00eda del Quetzal, una de las aves m\u00e1s bellas del mundo"},"content":{"rendered":"\n<p>El Quetzal, s\u00edmbolo patrio, ave nacional, era considerado por los mayas como una especie divina, s\u00edmbolo de bondad y luz.<\/p>\n\n\n\n<p><a><\/a>Seg\u00fan el acuerdo N\u00famero 33 firmado el 18 de noviembre de 1871, se estableci\u00f3 que cada 5 de septiembre se conmemora el D\u00eda Nacional del Quetzal.<\/p><div class=\"elmet-contenido\" id=\"elmet-503713940\"><div class=\"elmet-adlabel\">Anuncios<\/div><div style=\"margin-top: 20px;margin-right: 20px;margin-bottom: 20px;margin-left: 20px;\" id=\"elmet-4103300477\"><a href=\"https:\/\/www.facebook.com\/arrincuanantigua\/\" aria-label=\"cintillo-arrin-cual\"><img loading=\"lazy\" decoding=\"async\" src=\"https:\/\/elmetropolitano.com.gt\/es\/wp-content\/uploads\/2021\/11\/cintillo-arrin-cual-1.jpg\" alt=\"\"  srcset=\"https:\/\/elmetropolitano.com.gt\/es\/wp-content\/uploads\/2021\/11\/cintillo-arrin-cual-1.jpg 750w, https:\/\/elmetropolitano.com.gt\/es\/wp-content\/uploads\/2021\/11\/cintillo-arrin-cual-1-300x36.jpg 300w, https:\/\/elmetropolitano.com.gt\/es\/wp-content\/uploads\/2021\/11\/cintillo-arrin-cual-1-600x72.jpg 600w\" sizes=\"(max-width: 750px) 100vw, 750px\" width=\"750\" height=\"90\"   \/><\/a><\/div><\/div>\n\n\n\n<p>Actualmente forma parte de la moneda y del Himno Nacional, adem\u00e1s, sobresale en el Escudo Nacional y una de las m\u00e1ximas condecoraciones que entrega el Gobierno de Guatemala lleva el nombre de Orden del Quetzal.<\/p>\n\n\n\n<p>Ave m\u00e1s bella del mundo<\/p>\n\n\n\n<p>El Consejo Nacional de \u00c1reas Protegidas (Conap), destac\u00f3 este martes que en el pa\u00eds el Quetzal es una especie de gran importancia para los guatemaltecos.<\/p>\n\n\n\n<p>El Quetzal, una de las aves m\u00e1s bellas del mundo ya que es el ave nacional y por su papel como ave dispersora de semillas de \u00e1rboles caracter\u00edsticos del bosque nuboso, entre otras particularidades.<\/p>\n\n\n\n<p>En tanto, el Conap ha realizado diversos esfuerzos para su conservaci\u00f3n junto a socios estrat\u00e9gicos, una de ellas es la Estrategia Nacional para la Conservaci\u00f3n del Quetzal y su h\u00e1bitat, con el fin de asegurar la protecci\u00f3n de la especie y restauraci\u00f3n de su h\u00e1bitat.<\/p>\n\n\n\n<p>Conservaci\u00f3n<\/p>\n\n\n\n<p>Conservar la especie y su h\u00e1bitat es una prioridad del Conap, puesto que el ave se encuentra en peligro. Actualmente, el quetzal se encuentra en la categor\u00eda 3 del Listado de Especies Amenazadas del Conap.<\/p>\n\n\n\n<p>Este declive en las poblaciones del animal se le atribuye a la acelerada p\u00e9rdida y perturbaci\u00f3n de bosques nubosos.<\/p>\n\n\n\n<p>Como medida de conservaci\u00f3n, se estableci\u00f3 el Biotopo del Quetzal, un \u00e1rea protegida que conserva el h\u00e1bitat del ave s\u00edmbolo.<\/p>\n\n\n\n<p>Asimismo, se estableci\u00f3 el Corredor Biol\u00f3gico del Bosque Nuboso, un corredor compuesto por varias \u00e1reas protegidas y de bosque nuboso que forman parte del h\u00e1bitat del quetzal.<\/p>\n\n\n\n<p>Su protecci\u00f3n<\/p>\n\n\n\n<p>De igual forma, desde 2020 se desarrolla la Estrategia de conservaci\u00f3n del quetzal y su h\u00e1bitat en Guatemala por parte del Conap, el Instituto Guatemalteco de Turismo, la Universidad de San Carlos de Guatemala y sociedad civil.<\/p>\n\n\n\n<p>Esta contempla acciones vinculadas con:<\/p>\n\n\n\n<p>-protecci\u00f3n y restauraci\u00f3n del h\u00e1bitat de la especie<\/p>\n\n\n\n<p>-conocimiento y monitoreo del quetzal<\/p>\n\n\n\n<p>cultura y divulgaci\u00f3n de la importancia y conservaci\u00f3n de la especie<\/p>\n\n\n\n<p>-gesti\u00f3n t\u00e9cnica y de fondos<\/p>\n\n\n\n<p>Por otro lado, el Conap impulsa la colocaci\u00f3n de nidos artificiales en el Parque Regional Municipal San Rafael Pie de la Cuesta, San Marcos, conocido como El refugio del quetzal.<\/p>\n\n\n\n<p>Caracter\u00edsticas<\/p>\n\n\n\n<p>El nombre cient\u00edfico es Pharomachrus mocinno mocinno y es una especie end\u00e9mica de Mesoam\u00e9rica.<\/p>\n\n\n\n<p>Su h\u00e1bitat principal son los bosques nubosos y de monta\u00f1a que se ubican entre los mil 500 y 2 mil 700 metros sobre el nivel del mar.<\/p>\n\n\n\n<p>En Guatemala, los quetzales habitan en bosques nubosos, la Sierra de las Minas, el noroeste de Huehuetenango, El refugio del quetzal y el Parque Regional Municipal Rey Tepepul.<\/p>\n\n\n\n<p>Asimismo, el ave pertenece a la familia trogonidae conformada por aves de plumajes verdes, rojos, azulados y amarillos.<\/p>\n\n\n\n<p>Se estima que el cuerpo del macho puede medir hasta 40 cent\u00edmetros y su cola hasta 80. La diferencia entre machos y hembras es que estas \u00faltimas no tienen pecho rojo y su plumaje es m\u00e1s verdoso.<\/p>\n\n\n\n<p>Texto: Brenda Larios<\/p>\n\n\n\n<p><a href=\"https:\/\/www.facebook.com\/hashtag\/fervorpatrio?__eep__=6&amp;__cft__[0]=AZWRSHdZIXFbv_T9IpUCUXLu2wsA57ZUMXxK6rARSrr2iWx1rmu9nhX2CCMwa__ILWrvL4tjqAHLiXC97RscqU9__PuUA9KJ54XJ7N1KKxSr20_A2PyfmLyx9JfJ7hIxE8Bimz_HTaTXK6pT6IoV6iO7sDPQCQq608ZSfRByvgKrt_pt6axMY_YhULPGN53hhBU&amp;__tn__=*NK-R\">#FervorPatrio<\/a><a href=\"https:\/\/www.facebook.com\/hashtag\/independencia2023?__eep__=6&amp;__cft__[0]=AZWRSHdZIXFbv_T9IpUCUXLu2wsA57ZUMXxK6rARSrr2iWx1rmu9nhX2CCMwa__ILWrvL4tjqAHLiXC97RscqU9__PuUA9KJ54XJ7N1KKxSr20_A2PyfmLyx9JfJ7hIxE8Bimz_HTaTXK6pT6IoV6iO7sDPQCQq608ZSfRByvgKrt_pt6axMY_YhULPGN53hhBU&amp;__tn__=*NK-R\">#independencia2023<\/a><\/p>\n\n\n\n<figure class=\"wp-block-gallery has-nested-images columns-default is-cropped wp-block-gallery-1 is-layout-flex wp-block-gallery-is-layout-flex\">\n<figure class=\"wp-block-image size-large\"><img loading=\"lazy\" decoding=\"async\" width=\"683\" height=\"1024\" data-id=\"71925\" src=\"https:\/\/elmetropolitano.com.gt\/es\/wp-content\/uploads\/2023\/09\/373879187_775065261286226_964953621595458743_n-683x1024.jpg\" alt=\"\" class=\"wp-image-71925\" srcset=\"https:\/\/elmetropolitano.com.gt\/es\/wp-content\/uploads\/2023\/09\/373879187_775065261286226_964953621595458743_n-683x1024.jpg 683w, https:\/\/elmetropolitano.com.gt\/es\/wp-content\/uploads\/2023\/09\/373879187_775065261286226_964953621595458743_n-200x300.jpg 200w, https:\/\/elmetropolitano.com.gt\/es\/wp-content\/uploads\/2023\/09\/373879187_775065261286226_964953621595458743_n-600x900.jpg 600w, https:\/\/elmetropolitano.com.gt\/es\/wp-content\/uploads\/2023\/09\/373879187_775065261286226_964953621595458743_n.jpg 720w\" sizes=\"auto, (max-width: 683px) 100vw, 683px\" \/><\/figure>\n\n\n\n<figure class=\"wp-block-image size-large\"><img loading=\"lazy\" decoding=\"async\" width=\"720\" height=\"480\" data-id=\"71923\" src=\"https:\/\/elmetropolitano.com.gt\/es\/wp-content\/uploads\/2023\/09\/375468680_775065124619573_28114953278419889_n.jpg\" alt=\"\" class=\"wp-image-71923\" srcset=\"https:\/\/elmetropolitano.com.gt\/es\/wp-content\/uploads\/2023\/09\/375468680_775065124619573_28114953278419889_n.jpg 720w, https:\/\/elmetropolitano.com.gt\/es\/wp-content\/uploads\/2023\/09\/375468680_775065124619573_28114953278419889_n-300x200.jpg 300w, https:\/\/elmetropolitano.com.gt\/es\/wp-content\/uploads\/2023\/09\/375468680_775065124619573_28114953278419889_n-600x400.jpg 600w\" sizes=\"auto, (max-width: 720px) 100vw, 720px\" \/><\/figure>\n\n\n\n<figure class=\"wp-block-image size-large\"><img loading=\"lazy\" decoding=\"async\" width=\"1024\" height=\"512\" data-id=\"71924\" src=\"https:\/\/elmetropolitano.com.gt\/es\/wp-content\/uploads\/2023\/09\/375991236_775065274619558_4691436489660428511_n-1024x512.jpg\" alt=\"\" class=\"wp-image-71924\" srcset=\"https:\/\/elmetropolitano.com.gt\/es\/wp-content\/uploads\/2023\/09\/375991236_775065274619558_4691436489660428511_n-1024x512.jpg 1024w, https:\/\/elmetropolitano.com.gt\/es\/wp-content\/uploads\/2023\/09\/375991236_775065274619558_4691436489660428511_n-300x150.jpg 300w, https:\/\/elmetropolitano.com.gt\/es\/wp-content\/uploads\/2023\/09\/375991236_775065274619558_4691436489660428511_n-768x384.jpg 768w, https:\/\/elmetropolitano.com.gt\/es\/wp-content\/uploads\/2023\/09\/375991236_775065274619558_4691436489660428511_n-600x300.jpg 600w, https:\/\/elmetropolitano.com.gt\/es\/wp-content\/uploads\/2023\/09\/375991236_775065274619558_4691436489660428511_n.jpg 1140w\" sizes=\"auto, (max-width: 1024px) 100vw, 1024px\" \/><\/figure>\n<\/figure>\n","protected":false},"excerpt":{"rendered":"<p>El Quetzal, s\u00edmbolo patrio, ave nacional, era considerado por los mayas como una especie divina, s\u00edmbolo de bondad y luz. Seg\u00fan el acuerdo N\u00famero 33 firmado el 18 de noviembre de 1871, se estableci\u00f3 que cada 5 de septiembre se conmemora el D\u00eda Nacional del Quetzal. Actualmente forma parte de la moneda y del Himno <a class=\"read-more\" href=\"https:\/\/elmetropolitano.com.gt\/es\/guatemala-celebra-el-dia-del-quetzal-una-de-las-aves-mas-bellas-del-mundo\/\">Leer m\u00e1s<\/a><\/p>\n","protected":false},"author":1,"featured_media":71922,"comment_status":"open","ping_status":"closed","sticky":false,"template":"","format":"standard","meta":{"footnotes":""},"categories":[2],"tags":[12],"class_list":["post-71921","post","type-post","status-publish","format-standard","has-post-thumbnail","hentry","category-nacionales","tag-nacionales"],"_links":{"self":[{"href":"https:\/\/elmetropolitano.com.gt\/es\/wp-json\/wp\/v2\/posts\/71921","targetHints":{"allow":["GET"]}}],"collection":[{"href":"https:\/\/elmetropolitano.com.gt\/es\/wp-json\/wp\/v2\/posts"}],"about":[{"href":"https:\/\/elmetropolitano.com.gt\/es\/wp-json\/wp\/v2\/types\/post"}],"author":[{"embeddable":true,"href":"https:\/\/elmetropolitano.com.gt\/es\/wp-json\/wp\/v2\/users\/1"}],"replies":[{"embeddable":true,"href":"https:\/\/elmetropolitano.com.gt\/es\/wp-json\/wp\/v2\/comments?post=71921"}],"version-history":[{"count":1,"href":"https:\/\/elmetropolitano.com.gt\/es\/wp-json\/wp\/v2\/posts\/71921\/revisions"}],"predecessor-version":[{"id":71926,"href":"https:\/\/elmetropolitano.com.gt\/es\/wp-json\/wp\/v2\/posts\/71921\/revisions\/71926"}],"wp:featuredmedia":[{"embeddable":true,"href":"https:\/\/elmetropolitano.com.gt\/es\/wp-json\/wp\/v2\/media\/71922"}],"wp:attachment":[{"href":"https:\/\/elmetropolitano.com.gt\/es\/wp-json\/wp\/v2\/media?parent=71921"}],"wp:term":[{"taxonomy":"category","embeddable":true,"href":"https:\/\/elmetropolitano.com.gt\/es\/wp-json\/wp\/v2\/categories?post=71921"},{"taxonomy":"post_tag","embeddable":true,"href":"https:\/\/elmetropolitano.com.gt\/es\/wp-json\/wp\/v2\/tags?post=71921"}],"curies":[{"name":"wp","href":"https:\/\/api.w.org\/{rel}","templated":true}]}}