{"id":71932,"date":"2023-09-05T15:58:24","date_gmt":"2023-09-05T21:58:24","guid":{"rendered":"https:\/\/elmetropolitano.com.gt\/es\/?p=71932"},"modified":"2023-09-05T15:59:01","modified_gmt":"2023-09-05T21:59:01","slug":"bernardo-arevalo-y-karin-herrera-reciben-credenciales-presidenciables","status":"publish","type":"post","link":"https:\/\/elmetropolitano.com.gt\/es\/bernardo-arevalo-y-karin-herrera-reciben-credenciales-presidenciables\/","title":{"rendered":"Bernardo Ar\u00e9valo y Karin Herrera reciben credenciales presidenciables"},"content":{"rendered":"\n<p>\u201cA pesar de estar sometidos a an\u00e1lisis entre la validaci\u00f3n, atenci\u00f3n y desaf\u00edos persistentes, se destaca el deseo de respetar el estado de derecho, la separaci\u00f3n de poderes y sobre todo respetar los derechos civiles y pol\u00edticos de todos los guatemaltecos expresado en las urnas\u201d, dijo la presidente del Tribunal Supremo Electoral, TSE, Irma Palencia, previo a entregar las credenciales presidenciales al binomio del Movimiento Semilla, Bernado Ar\u00e9valo y Karin Herrera, ganadores de la elecciones del pasado 20 de agosto.<\/p>\n\n\n\n<p>La reuni\u00f3n se llev\u00f3 a cabo en las instalaciones del TSE, donde la licenciada Irma Palencia se\u00f1al\u00f3 que el ejercicio ciudadano expresado en las urnas y calificado por el TSE, por lo cual pidi\u00f3 al binomio electo que al tomar posesi\u00f3n el 14 de enero del pr\u00f3ximo a\u00f1o, no se duda que responder\u00e1n a los enormes desaf\u00edos que tiene Guatemala.<\/p><div class=\"elmet-contenido\" id=\"elmet-943643402\"><div class=\"elmet-adlabel\">Anuncios<\/div><div style=\"margin-top: 20px;margin-right: 20px;margin-bottom: 20px;margin-left: 20px;\" id=\"elmet-2555397681\"><a href=\"https:\/\/www.facebook.com\/arrincuanantigua\/\" aria-label=\"cintillo-arrin-cual\"><img loading=\"lazy\" decoding=\"async\" src=\"https:\/\/elmetropolitano.com.gt\/es\/wp-content\/uploads\/2021\/11\/cintillo-arrin-cual-1.jpg\" alt=\"\"  srcset=\"https:\/\/elmetropolitano.com.gt\/es\/wp-content\/uploads\/2021\/11\/cintillo-arrin-cual-1.jpg 750w, https:\/\/elmetropolitano.com.gt\/es\/wp-content\/uploads\/2021\/11\/cintillo-arrin-cual-1-300x36.jpg 300w, https:\/\/elmetropolitano.com.gt\/es\/wp-content\/uploads\/2021\/11\/cintillo-arrin-cual-1-600x72.jpg 600w\" sizes=\"(max-width: 750px) 100vw, 750px\" width=\"750\" height=\"90\"   \/><\/a><\/div><\/div>\n\n\n\n<p>Agreg\u00f3 que los guatemaltecos est\u00e1n urgidos de recuperar la confianza en la pol\u00edtica que concatenada con la democracia, es el \u00fanico medio para resolver de manera pac\u00edfica el dilema que vivimos en el pa\u00eds y que es necesario que juntos pues solucionarse respetando nuestras diferencias.<\/p>\n\n\n\n<p>Ar\u00e9valo: No cesa la persecuci\u00f3n<\/p>\n\n\n\n<p>\u201cAgradezco al pueblo de Guatemala por darnos esta oportunidad de poder dirigir el destino de nuestro pa\u00eds, al TSE por defender los principios de nuestra democracia, a pesar de que no cesa la persecuci\u00f3n pol\u00edtica puesta en marcha desde el Miniserio P\u00fablico cuyas autoridades buscan burlar la voluntad popular y violentar el orden constitucional\u201d, dijo el presidente electo Bernardo Ar\u00e9valo.<\/p>\n\n\n\n<p>Ar\u00e9valo se\u00f1al\u00f3 que despu\u00e9s del 14 de enero tocar\u00e1 devolverle a los guatemaltecos las promesas hechas, luchar contra la corrupci\u00f3n y poder llevar al pa\u00eds a un mejor futuro y lograr el cambio que realmente necesitamos.<\/p>\n\n\n\n<p>Karin Herrera: Un proceso electoral lleno de obst\u00e1culos<\/p>\n\n\n\n<p>\u201cEste es un paso firme m\u00e1s hacia un proceso electoral que a pesar de muchos obst\u00e1culos, hemos logrado llegar hasta aqu\u00ed, agradezco la confianza del pueblo de Guatemala y a la lucha por la democracia de parte del TSE y avanzaremos a un despertar hist\u00f3rico en nuestro pa\u00eds\u201d, dijo la vice presiente electa.<\/p>\n\n\n\n<p>#metroredes<\/p>\n\n\n\n<figure class=\"wp-block-gallery has-nested-images columns-default is-cropped wp-block-gallery-1 is-layout-flex wp-block-gallery-is-layout-flex\">\n<figure class=\"wp-block-image size-large\"><img loading=\"lazy\" decoding=\"async\" width=\"431\" height=\"227\" data-id=\"71935\" src=\"https:\/\/elmetropolitano.com.gt\/es\/wp-content\/uploads\/2023\/09\/Sin-titulo-1-1.jpg\" alt=\"\" class=\"wp-image-71935\" srcset=\"https:\/\/elmetropolitano.com.gt\/es\/wp-content\/uploads\/2023\/09\/Sin-titulo-1-1.jpg 431w, https:\/\/elmetropolitano.com.gt\/es\/wp-content\/uploads\/2023\/09\/Sin-titulo-1-1-300x158.jpg 300w\" sizes=\"auto, (max-width: 431px) 100vw, 431px\" \/><\/figure>\n\n\n\n<figure class=\"wp-block-image size-large\"><img loading=\"lazy\" decoding=\"async\" width=\"524\" height=\"293\" data-id=\"71934\" src=\"https:\/\/elmetropolitano.com.gt\/es\/wp-content\/uploads\/2023\/09\/Sin-titulo-2-1.jpg\" alt=\"\" class=\"wp-image-71934\" srcset=\"https:\/\/elmetropolitano.com.gt\/es\/wp-content\/uploads\/2023\/09\/Sin-titulo-2-1.jpg 524w, https:\/\/elmetropolitano.com.gt\/es\/wp-content\/uploads\/2023\/09\/Sin-titulo-2-1-300x168.jpg 300w\" sizes=\"auto, (max-width: 524px) 100vw, 524px\" \/><\/figure>\n\n\n\n<figure class=\"wp-block-image size-large\"><img loading=\"lazy\" decoding=\"async\" width=\"501\" height=\"260\" data-id=\"71936\" src=\"https:\/\/elmetropolitano.com.gt\/es\/wp-content\/uploads\/2023\/09\/Sin-titulo-3.jpg\" alt=\"\" class=\"wp-image-71936\" srcset=\"https:\/\/elmetropolitano.com.gt\/es\/wp-content\/uploads\/2023\/09\/Sin-titulo-3.jpg 501w, https:\/\/elmetropolitano.com.gt\/es\/wp-content\/uploads\/2023\/09\/Sin-titulo-3-300x156.jpg 300w\" sizes=\"auto, (max-width: 501px) 100vw, 501px\" \/><\/figure>\n\n\n\n<figure class=\"wp-block-image size-large\"><img loading=\"lazy\" decoding=\"async\" width=\"542\" height=\"281\" data-id=\"71937\" src=\"https:\/\/elmetropolitano.com.gt\/es\/wp-content\/uploads\/2023\/09\/Sin-titulo-4.jpg\" alt=\"\" class=\"wp-image-71937\" srcset=\"https:\/\/elmetropolitano.com.gt\/es\/wp-content\/uploads\/2023\/09\/Sin-titulo-4.jpg 542w, https:\/\/elmetropolitano.com.gt\/es\/wp-content\/uploads\/2023\/09\/Sin-titulo-4-300x156.jpg 300w\" sizes=\"auto, (max-width: 542px) 100vw, 542px\" \/><\/figure>\n<\/figure>\n","protected":false},"excerpt":{"rendered":"<p>\u201cA pesar de estar sometidos a an\u00e1lisis entre la validaci\u00f3n, atenci\u00f3n y desaf\u00edos persistentes, se destaca el deseo de respetar el estado de derecho, la separaci\u00f3n de poderes y sobre todo respetar los derechos civiles y pol\u00edticos de todos los guatemaltecos expresado en las urnas\u201d, dijo la presidente del Tribunal Supremo Electoral, TSE, Irma Palencia, <a class=\"read-more\" href=\"https:\/\/elmetropolitano.com.gt\/es\/bernardo-arevalo-y-karin-herrera-reciben-credenciales-presidenciables\/\">Leer m\u00e1s<\/a><\/p>\n","protected":false},"author":1,"featured_media":71933,"comment_status":"open","ping_status":"closed","sticky":false,"template":"","format":"standard","meta":{"footnotes":""},"categories":[2],"tags":[12],"class_list":["post-71932","post","type-post","status-publish","format-standard","has-post-thumbnail","hentry","category-nacionales","tag-nacionales"],"_links":{"self":[{"href":"https:\/\/elmetropolitano.com.gt\/es\/wp-json\/wp\/v2\/posts\/71932","targetHints":{"allow":["GET"]}}],"collection":[{"href":"https:\/\/elmetropolitano.com.gt\/es\/wp-json\/wp\/v2\/posts"}],"about":[{"href":"https:\/\/elmetropolitano.com.gt\/es\/wp-json\/wp\/v2\/types\/post"}],"author":[{"embeddable":true,"href":"https:\/\/elmetropolitano.com.gt\/es\/wp-json\/wp\/v2\/users\/1"}],"replies":[{"embeddable":true,"href":"https:\/\/elmetropolitano.com.gt\/es\/wp-json\/wp\/v2\/comments?post=71932"}],"version-history":[{"count":1,"href":"https:\/\/elmetropolitano.com.gt\/es\/wp-json\/wp\/v2\/posts\/71932\/revisions"}],"predecessor-version":[{"id":71938,"href":"https:\/\/elmetropolitano.com.gt\/es\/wp-json\/wp\/v2\/posts\/71932\/revisions\/71938"}],"wp:featuredmedia":[{"embeddable":true,"href":"https:\/\/elmetropolitano.com.gt\/es\/wp-json\/wp\/v2\/media\/71933"}],"wp:attachment":[{"href":"https:\/\/elmetropolitano.com.gt\/es\/wp-json\/wp\/v2\/media?parent=71932"}],"wp:term":[{"taxonomy":"category","embeddable":true,"href":"https:\/\/elmetropolitano.com.gt\/es\/wp-json\/wp\/v2\/categories?post=71932"},{"taxonomy":"post_tag","embeddable":true,"href":"https:\/\/elmetropolitano.com.gt\/es\/wp-json\/wp\/v2\/tags?post=71932"}],"curies":[{"name":"wp","href":"https:\/\/api.w.org\/{rel}","templated":true}]}}