{"id":71946,"date":"2023-09-06T09:07:57","date_gmt":"2023-09-06T15:07:57","guid":{"rendered":"https:\/\/elmetropolitano.com.gt\/es\/?p=71946"},"modified":"2023-09-06T09:07:59","modified_gmt":"2023-09-06T15:07:59","slug":"politica-migratorio-bajo-analisis-en-el-congreso-de-la-republica","status":"publish","type":"post","link":"https:\/\/elmetropolitano.com.gt\/es\/politica-migratorio-bajo-analisis-en-el-congreso-de-la-republica\/","title":{"rendered":"Pol\u00edtica migratorio bajo an\u00e1lisis en el Congreso de la Rep\u00fablica"},"content":{"rendered":"\n<p>Hoy el diputado Edgar Batres, con varias organizaciones hizo una revisi\u00f3n a la pol\u00edtica migratoria para articular esfuerzos e incidir de las observaciones de las organizaciones para un documento final.<\/p>\n\n\n\n<p>Para <a><\/a>el parlamentario no se aplican los medidores ni la pol\u00edtica migratoria, ni se tiene una pol\u00edtica operativa m\u00e1s articuladora.<\/p><div class=\"elmet-contenido\" id=\"elmet-430459771\"><div class=\"elmet-adlabel\">Anuncios<\/div><div style=\"margin-top: 20px;margin-right: 20px;margin-bottom: 20px;margin-left: 20px;\" id=\"elmet-1566280048\"><a href=\"https:\/\/www.facebook.com\/arrincuanantigua\/\" aria-label=\"cintillo-arrin-cual\"><img loading=\"lazy\" decoding=\"async\" src=\"https:\/\/elmetropolitano.com.gt\/es\/wp-content\/uploads\/2021\/11\/cintillo-arrin-cual-1.jpg\" alt=\"\"  srcset=\"https:\/\/elmetropolitano.com.gt\/es\/wp-content\/uploads\/2021\/11\/cintillo-arrin-cual-1.jpg 750w, https:\/\/elmetropolitano.com.gt\/es\/wp-content\/uploads\/2021\/11\/cintillo-arrin-cual-1-300x36.jpg 300w, https:\/\/elmetropolitano.com.gt\/es\/wp-content\/uploads\/2021\/11\/cintillo-arrin-cual-1-600x72.jpg 600w\" sizes=\"(max-width: 750px) 100vw, 750px\" width=\"750\" height=\"90\"   \/><\/a><\/div><\/div>\n\n\n\n<p>Jorge Medrano del Grupo Articulador de Migraciones inform\u00f3 que entre mayo y junio se hizo un documento en donde se se\u00f1ala que no se trabaja migratoriamente hablando en el \u00e1rea rural.<\/p>\n\n\n\n<p>Adem\u00e1s de que recomienda fortalecer el sistema de garant\u00eda de Derechos Humanos de la ni\u00f1ez; ampliar el presupuesto de la institucionalidad espec\u00edfico que atiende a la ni\u00f1ez migrante; reinserci\u00f3n de la ni\u00f1ez de guatemalteca que debe de ser con apoyo consular.<\/p>\n\n\n\n<p>Fernando Castro, experto en temas de migraci\u00f3n denunci\u00f3 que la Pol\u00edtica Migratoria, tiene siete a\u00f1os de retraso por negligencia de los funcionarios que fungieron en el cargo de directores del Instituto Guatemalteco de Migraci\u00f3n desde su creaci\u00f3n, as\u00ed como la falta de inter\u00e9s por parte de los representantes que conforman la autoridad migratoria nacional, de exigir su elaboraci\u00f3n, siendo hasta el 2022 que se promovi\u00f3 el trabajar en la misma por la actual administraci\u00f3n, en la que hemos aportado diversos sectores.<\/p>\n\n\n\n<p>A\u00f1adi\u00f3 que la reuni\u00f3n fue convocada por parte del diputado Batres, ya que lamentablemente dicho documento, no fue incorporado en el actual presupuesto para ejecutar en el 2024, con lo que se atras\u00f3 un a\u00f1o m\u00e1s el trabajo a realizarse, siendo el nuevo gobierno el que deber\u00e1 incluirla dentro del pr\u00f3ximo presupuesto.<\/p>\n\n\n\n<p>Texto: Francisco Javier Hurtarte<\/p>\n\n\n\n<p><a href=\"https:\/\/www.facebook.com\/hashtag\/metroredes?__eep__=6&amp;__cft__[0]=AZUbbjiNeja75wFTt63cPxJmq2zPuveMbU1CGwGcneT4uPod8Y22z9PYeZILwDKYUC8_6ABxwKMnS8RMbSPDAkM3v-wG8fn21JdRv42X4mMGzQwfha6J7Mbz2LQjVuPr47Kzt_WgTuyp-2eSAIdiY2WGi-qHoIDEDeaU9T8EmgjKFGq0c3osaHQ1iFhVjgqG7CY&amp;__tn__=*NK-R\">#metroredes<\/a><a href=\"https:\/\/www.facebook.com\/hashtag\/congresodelarep%C3%BAblica?__eep__=6&amp;__cft__[0]=AZUbbjiNeja75wFTt63cPxJmq2zPuveMbU1CGwGcneT4uPod8Y22z9PYeZILwDKYUC8_6ABxwKMnS8RMbSPDAkM3v-wG8fn21JdRv42X4mMGzQwfha6J7Mbz2LQjVuPr47Kzt_WgTuyp-2eSAIdiY2WGi-qHoIDEDeaU9T8EmgjKFGq0c3osaHQ1iFhVjgqG7CY&amp;__tn__=*NK-R\">#congresodelarep\u00fablica<\/a><\/p>\n\n\n\n<figure class=\"wp-block-gallery has-nested-images columns-default is-cropped wp-block-gallery-1 is-layout-flex wp-block-gallery-is-layout-flex\">\n<figure class=\"wp-block-image size-large\"><img loading=\"lazy\" decoding=\"async\" width=\"1024\" height=\"682\" data-id=\"71952\" src=\"https:\/\/elmetropolitano.com.gt\/es\/wp-content\/uploads\/2023\/09\/370381029_775316911261061_2878943775292529041_n-1024x682.jpg\" alt=\"\" class=\"wp-image-71952\" srcset=\"https:\/\/elmetropolitano.com.gt\/es\/wp-content\/uploads\/2023\/09\/370381029_775316911261061_2878943775292529041_n-1024x682.jpg 1024w, https:\/\/elmetropolitano.com.gt\/es\/wp-content\/uploads\/2023\/09\/370381029_775316911261061_2878943775292529041_n-300x200.jpg 300w, https:\/\/elmetropolitano.com.gt\/es\/wp-content\/uploads\/2023\/09\/370381029_775316911261061_2878943775292529041_n-768x512.jpg 768w, https:\/\/elmetropolitano.com.gt\/es\/wp-content\/uploads\/2023\/09\/370381029_775316911261061_2878943775292529041_n-600x400.jpg 600w, https:\/\/elmetropolitano.com.gt\/es\/wp-content\/uploads\/2023\/09\/370381029_775316911261061_2878943775292529041_n.jpg 1280w\" sizes=\"auto, (max-width: 1024px) 100vw, 1024px\" \/><\/figure>\n\n\n\n<figure class=\"wp-block-image size-large\"><img loading=\"lazy\" decoding=\"async\" width=\"1024\" height=\"682\" data-id=\"71949\" src=\"https:\/\/elmetropolitano.com.gt\/es\/wp-content\/uploads\/2023\/09\/373573166_775316937927725_5219717583319561083_n-1024x682.jpg\" alt=\"\" class=\"wp-image-71949\" srcset=\"https:\/\/elmetropolitano.com.gt\/es\/wp-content\/uploads\/2023\/09\/373573166_775316937927725_5219717583319561083_n-1024x682.jpg 1024w, https:\/\/elmetropolitano.com.gt\/es\/wp-content\/uploads\/2023\/09\/373573166_775316937927725_5219717583319561083_n-300x200.jpg 300w, https:\/\/elmetropolitano.com.gt\/es\/wp-content\/uploads\/2023\/09\/373573166_775316937927725_5219717583319561083_n-768x512.jpg 768w, https:\/\/elmetropolitano.com.gt\/es\/wp-content\/uploads\/2023\/09\/373573166_775316937927725_5219717583319561083_n-600x400.jpg 600w, https:\/\/elmetropolitano.com.gt\/es\/wp-content\/uploads\/2023\/09\/373573166_775316937927725_5219717583319561083_n.jpg 1280w\" sizes=\"auto, (max-width: 1024px) 100vw, 1024px\" \/><\/figure>\n\n\n\n<figure class=\"wp-block-image size-large\"><img loading=\"lazy\" decoding=\"async\" width=\"1024\" height=\"682\" data-id=\"71948\" src=\"https:\/\/elmetropolitano.com.gt\/es\/wp-content\/uploads\/2023\/09\/373740497_775317041261048_8146383645312046189_n-1024x682.jpg\" alt=\"\" class=\"wp-image-71948\" srcset=\"https:\/\/elmetropolitano.com.gt\/es\/wp-content\/uploads\/2023\/09\/373740497_775317041261048_8146383645312046189_n-1024x682.jpg 1024w, https:\/\/elmetropolitano.com.gt\/es\/wp-content\/uploads\/2023\/09\/373740497_775317041261048_8146383645312046189_n-300x200.jpg 300w, https:\/\/elmetropolitano.com.gt\/es\/wp-content\/uploads\/2023\/09\/373740497_775317041261048_8146383645312046189_n-768x512.jpg 768w, https:\/\/elmetropolitano.com.gt\/es\/wp-content\/uploads\/2023\/09\/373740497_775317041261048_8146383645312046189_n-600x400.jpg 600w, https:\/\/elmetropolitano.com.gt\/es\/wp-content\/uploads\/2023\/09\/373740497_775317041261048_8146383645312046189_n.jpg 1280w\" sizes=\"auto, (max-width: 1024px) 100vw, 1024px\" \/><\/figure>\n\n\n\n<figure class=\"wp-block-image size-large\"><img loading=\"lazy\" decoding=\"async\" width=\"1024\" height=\"682\" data-id=\"71950\" src=\"https:\/\/elmetropolitano.com.gt\/es\/wp-content\/uploads\/2023\/09\/375055732_775316917927727_1396060581745901404_n-1024x682.jpg\" alt=\"\" class=\"wp-image-71950\" srcset=\"https:\/\/elmetropolitano.com.gt\/es\/wp-content\/uploads\/2023\/09\/375055732_775316917927727_1396060581745901404_n-1024x682.jpg 1024w, https:\/\/elmetropolitano.com.gt\/es\/wp-content\/uploads\/2023\/09\/375055732_775316917927727_1396060581745901404_n-300x200.jpg 300w, https:\/\/elmetropolitano.com.gt\/es\/wp-content\/uploads\/2023\/09\/375055732_775316917927727_1396060581745901404_n-768x512.jpg 768w, https:\/\/elmetropolitano.com.gt\/es\/wp-content\/uploads\/2023\/09\/375055732_775316917927727_1396060581745901404_n-600x400.jpg 600w, https:\/\/elmetropolitano.com.gt\/es\/wp-content\/uploads\/2023\/09\/375055732_775316917927727_1396060581745901404_n.jpg 1280w\" sizes=\"auto, (max-width: 1024px) 100vw, 1024px\" \/><\/figure>\n\n\n\n<figure class=\"wp-block-image size-large\"><img loading=\"lazy\" decoding=\"async\" width=\"1024\" height=\"682\" data-id=\"71951\" src=\"https:\/\/elmetropolitano.com.gt\/es\/wp-content\/uploads\/2023\/09\/375057783_775316874594398_5335866259383384777_n-1024x682.jpg\" alt=\"\" class=\"wp-image-71951\" srcset=\"https:\/\/elmetropolitano.com.gt\/es\/wp-content\/uploads\/2023\/09\/375057783_775316874594398_5335866259383384777_n-1024x682.jpg 1024w, https:\/\/elmetropolitano.com.gt\/es\/wp-content\/uploads\/2023\/09\/375057783_775316874594398_5335866259383384777_n-300x200.jpg 300w, https:\/\/elmetropolitano.com.gt\/es\/wp-content\/uploads\/2023\/09\/375057783_775316874594398_5335866259383384777_n-768x512.jpg 768w, https:\/\/elmetropolitano.com.gt\/es\/wp-content\/uploads\/2023\/09\/375057783_775316874594398_5335866259383384777_n-600x400.jpg 600w, https:\/\/elmetropolitano.com.gt\/es\/wp-content\/uploads\/2023\/09\/375057783_775316874594398_5335866259383384777_n.jpg 1280w\" sizes=\"auto, (max-width: 1024px) 100vw, 1024px\" \/><\/figure>\n<\/figure>\n","protected":false},"excerpt":{"rendered":"<p>Hoy el diputado Edgar Batres, con varias organizaciones hizo una revisi\u00f3n a la pol\u00edtica migratoria para articular esfuerzos e incidir de las observaciones de las organizaciones para un documento final. Para el parlamentario no se aplican los medidores ni la pol\u00edtica migratoria, ni se tiene una pol\u00edtica operativa m\u00e1s articuladora. Jorge Medrano del Grupo Articulador <a class=\"read-more\" href=\"https:\/\/elmetropolitano.com.gt\/es\/politica-migratorio-bajo-analisis-en-el-congreso-de-la-republica\/\">Leer m\u00e1s<\/a><\/p>\n","protected":false},"author":1,"featured_media":71947,"comment_status":"open","ping_status":"closed","sticky":false,"template":"","format":"standard","meta":{"footnotes":""},"categories":[2],"tags":[12],"class_list":["post-71946","post","type-post","status-publish","format-standard","has-post-thumbnail","hentry","category-nacionales","tag-nacionales"],"_links":{"self":[{"href":"https:\/\/elmetropolitano.com.gt\/es\/wp-json\/wp\/v2\/posts\/71946","targetHints":{"allow":["GET"]}}],"collection":[{"href":"https:\/\/elmetropolitano.com.gt\/es\/wp-json\/wp\/v2\/posts"}],"about":[{"href":"https:\/\/elmetropolitano.com.gt\/es\/wp-json\/wp\/v2\/types\/post"}],"author":[{"embeddable":true,"href":"https:\/\/elmetropolitano.com.gt\/es\/wp-json\/wp\/v2\/users\/1"}],"replies":[{"embeddable":true,"href":"https:\/\/elmetropolitano.com.gt\/es\/wp-json\/wp\/v2\/comments?post=71946"}],"version-history":[{"count":1,"href":"https:\/\/elmetropolitano.com.gt\/es\/wp-json\/wp\/v2\/posts\/71946\/revisions"}],"predecessor-version":[{"id":71953,"href":"https:\/\/elmetropolitano.com.gt\/es\/wp-json\/wp\/v2\/posts\/71946\/revisions\/71953"}],"wp:featuredmedia":[{"embeddable":true,"href":"https:\/\/elmetropolitano.com.gt\/es\/wp-json\/wp\/v2\/media\/71947"}],"wp:attachment":[{"href":"https:\/\/elmetropolitano.com.gt\/es\/wp-json\/wp\/v2\/media?parent=71946"}],"wp:term":[{"taxonomy":"category","embeddable":true,"href":"https:\/\/elmetropolitano.com.gt\/es\/wp-json\/wp\/v2\/categories?post=71946"},{"taxonomy":"post_tag","embeddable":true,"href":"https:\/\/elmetropolitano.com.gt\/es\/wp-json\/wp\/v2\/tags?post=71946"}],"curies":[{"name":"wp","href":"https:\/\/api.w.org\/{rel}","templated":true}]}}