{"id":72057,"date":"2023-09-07T09:33:30","date_gmt":"2023-09-07T15:33:30","guid":{"rendered":"https:\/\/elmetropolitano.com.gt\/es\/?p=72057"},"modified":"2023-09-07T09:34:17","modified_gmt":"2023-09-07T15:34:17","slug":"nuevo-corte-de-alumbrado-publico-en-gualan-zacapa","status":"publish","type":"post","link":"https:\/\/elmetropolitano.com.gt\/es\/nuevo-corte-de-alumbrado-publico-en-gualan-zacapa\/","title":{"rendered":"Nuevo corte de alumbrado p\u00fablico en Gual\u00e1n, Zacapa"},"content":{"rendered":"\n<p>Brigadas de ENERGUATE incursionaron nuevamente en Gual\u00e1n, Zacapa, para suspender el suministro el\u00e9ctrico en parte del alumbrado p\u00fablico, como consecuencia de un adeudo de la Municipalidad local de Q19.3 millones.<\/p>\n\n\n\n<p>En esta ocasi\u00f3n, se realiz\u00f3 el corte de energ\u00eda para las luminarias de la comunidad Encinitos, despu\u00e9s de los operativos del 28 de octubre de 2022, en Do\u00f1a Mar\u00eda, y del 1 de marzo de este a\u00f1o, cuando se ingres\u00f3 a El Lobo para este prop\u00f3sito.<\/p><div class=\"elmet-contenido\" id=\"elmet-2168701938\"><div class=\"elmet-adlabel\">Anuncios<\/div><div style=\"margin-top: 20px;margin-right: 20px;margin-bottom: 20px;margin-left: 20px;\" id=\"elmet-725056474\"><a href=\"https:\/\/www.facebook.com\/arrincuanantigua\/\" aria-label=\"cintillo-arrin-cual\"><img loading=\"lazy\" decoding=\"async\" src=\"https:\/\/elmetropolitano.com.gt\/es\/wp-content\/uploads\/2021\/11\/cintillo-arrin-cual-1.jpg\" alt=\"\"  srcset=\"https:\/\/elmetropolitano.com.gt\/es\/wp-content\/uploads\/2021\/11\/cintillo-arrin-cual-1.jpg 750w, https:\/\/elmetropolitano.com.gt\/es\/wp-content\/uploads\/2021\/11\/cintillo-arrin-cual-1-300x36.jpg 300w, https:\/\/elmetropolitano.com.gt\/es\/wp-content\/uploads\/2021\/11\/cintillo-arrin-cual-1-600x72.jpg 600w\" sizes=\"(max-width: 750px) 100vw, 750px\" width=\"750\" height=\"90\"   \/><\/a><\/div><\/div>\n\n\n\n<p>ENERGUATE ha mantenido canales de comunicaci\u00f3n abiertos con el Concejo Municipal, para encontrar una opci\u00f3n viable, que permita mantener el servicio de las l\u00e1mparas instaladas en las comunidades atendidas por la empresa.<\/p>\n\n\n\n<p>Asimismo, ha entregado las notificaciones en las cuales se hace constar el adeudo y el aviso de que el corte es inminente, de acuerdo con el art\u00edculo 50 de la Ley General de Electricidad, que faculta la suspensi\u00f3n del servicio por impago de dos o m\u00e1s facturas.<\/p>\n\n\n\n<figure class=\"wp-block-gallery has-nested-images columns-default is-cropped wp-block-gallery-1 is-layout-flex wp-block-gallery-is-layout-flex\">\n<figure class=\"wp-block-image size-large\"><img loading=\"lazy\" decoding=\"async\" width=\"577\" height=\"935\" data-id=\"72059\" src=\"https:\/\/elmetropolitano.com.gt\/es\/wp-content\/uploads\/2023\/09\/27cd9dbe-2a6b-46eb-92ab-58701a253dec-1.jpg\" alt=\"\" class=\"wp-image-72059\" srcset=\"https:\/\/elmetropolitano.com.gt\/es\/wp-content\/uploads\/2023\/09\/27cd9dbe-2a6b-46eb-92ab-58701a253dec-1.jpg 577w, https:\/\/elmetropolitano.com.gt\/es\/wp-content\/uploads\/2023\/09\/27cd9dbe-2a6b-46eb-92ab-58701a253dec-1-185x300.jpg 185w\" sizes=\"auto, (max-width: 577px) 100vw, 577px\" \/><\/figure>\n\n\n\n<figure class=\"wp-block-image size-large\"><img loading=\"lazy\" decoding=\"async\" width=\"645\" height=\"1024\" data-id=\"72060\" src=\"https:\/\/elmetropolitano.com.gt\/es\/wp-content\/uploads\/2023\/09\/deec6dd6-9c54-4e62-ad32-9f13e36b0c6d-645x1024.jpg\" alt=\"\" class=\"wp-image-72060\" srcset=\"https:\/\/elmetropolitano.com.gt\/es\/wp-content\/uploads\/2023\/09\/deec6dd6-9c54-4e62-ad32-9f13e36b0c6d-645x1024.jpg 645w, https:\/\/elmetropolitano.com.gt\/es\/wp-content\/uploads\/2023\/09\/deec6dd6-9c54-4e62-ad32-9f13e36b0c6d-189x300.jpg 189w, https:\/\/elmetropolitano.com.gt\/es\/wp-content\/uploads\/2023\/09\/deec6dd6-9c54-4e62-ad32-9f13e36b0c6d-768x1219.jpg 768w, https:\/\/elmetropolitano.com.gt\/es\/wp-content\/uploads\/2023\/09\/deec6dd6-9c54-4e62-ad32-9f13e36b0c6d-600x953.jpg 600w, https:\/\/elmetropolitano.com.gt\/es\/wp-content\/uploads\/2023\/09\/deec6dd6-9c54-4e62-ad32-9f13e36b0c6d.jpg 781w\" sizes=\"auto, (max-width: 645px) 100vw, 645px\" \/><\/figure>\n<\/figure>\n","protected":false},"excerpt":{"rendered":"<p>Brigadas de ENERGUATE incursionaron nuevamente en Gual\u00e1n, Zacapa, para suspender el suministro el\u00e9ctrico en parte del alumbrado p\u00fablico, como consecuencia de un adeudo de la Municipalidad local de Q19.3 millones. En esta ocasi\u00f3n, se realiz\u00f3 el corte de energ\u00eda para las luminarias de la comunidad Encinitos, despu\u00e9s de los operativos del 28 de octubre de <a class=\"read-more\" href=\"https:\/\/elmetropolitano.com.gt\/es\/nuevo-corte-de-alumbrado-publico-en-gualan-zacapa\/\">Leer m\u00e1s<\/a><\/p>\n","protected":false},"author":1,"featured_media":72058,"comment_status":"open","ping_status":"closed","sticky":false,"template":"","format":"standard","meta":{"footnotes":""},"categories":[4],"tags":[13],"class_list":["post-72057","post","type-post","status-publish","format-standard","has-post-thumbnail","hentry","category-departamentales","tag-departamentales"],"_links":{"self":[{"href":"https:\/\/elmetropolitano.com.gt\/es\/wp-json\/wp\/v2\/posts\/72057","targetHints":{"allow":["GET"]}}],"collection":[{"href":"https:\/\/elmetropolitano.com.gt\/es\/wp-json\/wp\/v2\/posts"}],"about":[{"href":"https:\/\/elmetropolitano.com.gt\/es\/wp-json\/wp\/v2\/types\/post"}],"author":[{"embeddable":true,"href":"https:\/\/elmetropolitano.com.gt\/es\/wp-json\/wp\/v2\/users\/1"}],"replies":[{"embeddable":true,"href":"https:\/\/elmetropolitano.com.gt\/es\/wp-json\/wp\/v2\/comments?post=72057"}],"version-history":[{"count":1,"href":"https:\/\/elmetropolitano.com.gt\/es\/wp-json\/wp\/v2\/posts\/72057\/revisions"}],"predecessor-version":[{"id":72061,"href":"https:\/\/elmetropolitano.com.gt\/es\/wp-json\/wp\/v2\/posts\/72057\/revisions\/72061"}],"wp:featuredmedia":[{"embeddable":true,"href":"https:\/\/elmetropolitano.com.gt\/es\/wp-json\/wp\/v2\/media\/72058"}],"wp:attachment":[{"href":"https:\/\/elmetropolitano.com.gt\/es\/wp-json\/wp\/v2\/media?parent=72057"}],"wp:term":[{"taxonomy":"category","embeddable":true,"href":"https:\/\/elmetropolitano.com.gt\/es\/wp-json\/wp\/v2\/categories?post=72057"},{"taxonomy":"post_tag","embeddable":true,"href":"https:\/\/elmetropolitano.com.gt\/es\/wp-json\/wp\/v2\/tags?post=72057"}],"curies":[{"name":"wp","href":"https:\/\/api.w.org\/{rel}","templated":true}]}}