{"id":72124,"date":"2023-09-09T10:33:55","date_gmt":"2023-09-09T16:33:55","guid":{"rendered":"https:\/\/elmetropolitano.com.gt\/es\/?p=72124"},"modified":"2023-09-09T10:33:56","modified_gmt":"2023-09-09T16:33:56","slug":"guatemala-proyecta-un-crecimiento-economico-del-3-5-durante-2023","status":"publish","type":"post","link":"https:\/\/elmetropolitano.com.gt\/es\/guatemala-proyecta-un-crecimiento-economico-del-3-5-durante-2023\/","title":{"rendered":"Guatemala proyecta un crecimiento econ\u00f3mico del 3.5 % durante 2023"},"content":{"rendered":"\n<p>El informe de Pol\u00edtica Fiscal de Mediano Plazo 2023-2027, publicado por el Ministerio de Finanzas P\u00fablicas, indica que el Fondo Monetario Internacional y el Banco Mundial prev\u00e9n que el crecimiento econ\u00f3mico de Guatemala regrese a su incremento potencial en 2023, entre 3.6 % y 3.5 %.<\/p>\n\n\n\n<p>As\u00ed lo inform\u00f3 el presidente del Banco de Guatemala (Banguat), \u00c1lvaro Gonz\u00e1lez Ricci:<\/p><div class=\"elmet-contenido\" id=\"elmet-4040739945\"><div class=\"elmet-adlabel\">Anuncios<\/div><div style=\"margin-top: 20px;margin-right: 20px;margin-bottom: 20px;margin-left: 20px;\" id=\"elmet-294125119\"><a href=\"https:\/\/www.facebook.com\/arrincuanantigua\/\" aria-label=\"cintillo-arrin-cual\"><img loading=\"lazy\" decoding=\"async\" src=\"https:\/\/elmetropolitano.com.gt\/es\/wp-content\/uploads\/2021\/11\/cintillo-arrin-cual-1.jpg\" alt=\"\"  srcset=\"https:\/\/elmetropolitano.com.gt\/es\/wp-content\/uploads\/2021\/11\/cintillo-arrin-cual-1.jpg 750w, https:\/\/elmetropolitano.com.gt\/es\/wp-content\/uploads\/2021\/11\/cintillo-arrin-cual-1-300x36.jpg 300w, https:\/\/elmetropolitano.com.gt\/es\/wp-content\/uploads\/2021\/11\/cintillo-arrin-cual-1-600x72.jpg 600w\" sizes=\"(max-width: 750px) 100vw, 750px\" width=\"750\" height=\"90\"   \/><\/a><\/div><\/div>\n\n\n\n<p>El <a><\/a>crecimiento econ\u00f3mico para este a\u00f1o en Latinoam\u00e9rica es de 1.7 %, Guatemala est\u00e1 pensando en crecer el 3.5%. Eso quiere decir que estamos creciendo el doble de lo que esta creciendo Latinoam\u00e9rica. La ventaja de Guatemala es que la macroeconom\u00eda sigue siendo un ejemplo a nivel mundial.<\/p>\n\n\n\n<p>El funcionario destac\u00f3 que estas acciones forman parte del manejo de la Pol\u00edtica Monetaria por parte del Banguat.<\/p>\n\n\n\n<p>El an\u00e1lisis<\/p>\n\n\n\n<p>Tomando como base los supuestos del mediano plazo del contexto internacional, el Banguat estima que el crecimiento del producto interno bruto ronde alrededor del 2.5 % a 4.5 % para 2023, siendo su valor medio de 3.5 %.<\/p>\n\n\n\n<p>Posteriormente, se prev\u00e9 que el valor medio del pron\u00f3stico de 2024 sea 2.6 % y que se encuentre en 2.7 % para 2027. As\u00ed detalla el comunicado oficial:<\/p>\n\n\n\n<p>Lo anterior, debido al avance en la normalizaci\u00f3n de la demanda interna, principalmente en consumo privado real que se ha estimado tener una elasticidad de largo plazo con respecto al ingreso de 98.6 %, por lo que se espera que esta tenga un crecimiento de 2.7 % para 2023.<\/p>\n\n\n\n<p>Adem\u00e1s, se espera que esta s se incremente gradualmente hasta 3.1 % para 2027. Este tambi\u00e9n es impulsado por la recepci\u00f3n de remesas por los hogares y que los costos de financiamiento no incrementen sustancialmente en el mercado interno.<\/p>\n\n\n\n<p>Asimismo, conforme avance la recuperaci\u00f3n de la econom\u00eda interna, se espera que la inflaci\u00f3n se ubique en el l\u00edmite inferior del rango de meta del Banguat (3.0 %) en el per\u00edodo de 2023 a 2026.<\/p>\n\n\n\n<p>Importaciones<\/p>\n\n\n\n<p>Para el sector externo de la econom\u00eda, en 2023, el banco central proyecta que las importaciones tengan un crecimiento de entre 6.5 % y 9.5 %, con un valor medio de 8.0 %.<\/p>\n\n\n\n<p>Estas a\u00fan influenciadas por el precio de los combustibles y a un consumo e inversi\u00f3n privada menos reprimida, para los a\u00f1os posteriores se espera que el crecimiento se mantenga estable alrededor de 6.0 %.<\/p>\n\n\n\n<p>Por parte de las exportaciones se prev\u00e9 un crecimiento de 4.5 % a 7.5 % para 2023 y se prev\u00e9 que podr\u00eda ubicarse en el mediano plazo en el escenario bajo, alrededor de 4.0 % hasta 2027.<\/p>\n\n\n\n<p>Dichas proyecciones est\u00e1n sujetas a la recuperaci\u00f3n de los principales socios comerciales y al comportamiento de los productos de agricultura.<\/p>\n\n\n\n<p>Estas acciones fortalecen la macroeconom\u00eda del pa\u00eds e influyen en la atracci\u00f3n de inversi\u00f3n nacional y extranjera<\/p>\n\n\n\n<p>Texto: Brenda Larios<\/p>\n\n\n\n<p><a href=\"https:\/\/www.facebook.com\/hashtag\/metroredes?__eep__=6&amp;__cft__[0]=AZU7LJ856R93zYOv7c8lcuzdshB9cKjd7cGO9t8NZbZUUKnf6XDy2Mab32eeVPmYjurwXXCqHOdohNDceDK7JQ1MvBez28ZK-eXnQ-UXaLsol_VvWsc-har3nlbaEfojekp3UGr8JmbSV9l2oPibU1CzbszUgoGE4Hj4RAnBfNccbrbS6sE3NzwXd-0n9Q-vvuU&amp;__tn__=*NK-R\">#metroredes<\/a><a href=\"https:\/\/www.facebook.com\/hashtag\/economia?__eep__=6&amp;__cft__[0]=AZU7LJ856R93zYOv7c8lcuzdshB9cKjd7cGO9t8NZbZUUKnf6XDy2Mab32eeVPmYjurwXXCqHOdohNDceDK7JQ1MvBez28ZK-eXnQ-UXaLsol_VvWsc-har3nlbaEfojekp3UGr8JmbSV9l2oPibU1CzbszUgoGE4Hj4RAnBfNccbrbS6sE3NzwXd-0n9Q-vvuU&amp;__tn__=*NK-R\">#Economia<\/a><a href=\"https:\/\/www.facebook.com\/hashtag\/banguat?__eep__=6&amp;__cft__[0]=AZU7LJ856R93zYOv7c8lcuzdshB9cKjd7cGO9t8NZbZUUKnf6XDy2Mab32eeVPmYjurwXXCqHOdohNDceDK7JQ1MvBez28ZK-eXnQ-UXaLsol_VvWsc-har3nlbaEfojekp3UGr8JmbSV9l2oPibU1CzbszUgoGE4Hj4RAnBfNccbrbS6sE3NzwXd-0n9Q-vvuU&amp;__tn__=*NK-R\">#Banguat<\/a><\/p>\n\n\n\n<p><\/p>\n","protected":false},"excerpt":{"rendered":"<p>El informe de Pol\u00edtica Fiscal de Mediano Plazo 2023-2027, publicado por el Ministerio de Finanzas P\u00fablicas, indica que el Fondo Monetario Internacional y el Banco Mundial prev\u00e9n que el crecimiento econ\u00f3mico de Guatemala regrese a su incremento potencial en 2023, entre 3.6 % y 3.5 %. As\u00ed lo inform\u00f3 el presidente del Banco de Guatemala <a class=\"read-more\" href=\"https:\/\/elmetropolitano.com.gt\/es\/guatemala-proyecta-un-crecimiento-economico-del-3-5-durante-2023\/\">Leer m\u00e1s<\/a><\/p>\n","protected":false},"author":1,"featured_media":72125,"comment_status":"open","ping_status":"closed","sticky":false,"template":"","format":"standard","meta":{"footnotes":""},"categories":[21],"tags":[20],"class_list":["post-72124","post","type-post","status-publish","format-standard","has-post-thumbnail","hentry","category-economia","tag-economia"],"_links":{"self":[{"href":"https:\/\/elmetropolitano.com.gt\/es\/wp-json\/wp\/v2\/posts\/72124","targetHints":{"allow":["GET"]}}],"collection":[{"href":"https:\/\/elmetropolitano.com.gt\/es\/wp-json\/wp\/v2\/posts"}],"about":[{"href":"https:\/\/elmetropolitano.com.gt\/es\/wp-json\/wp\/v2\/types\/post"}],"author":[{"embeddable":true,"href":"https:\/\/elmetropolitano.com.gt\/es\/wp-json\/wp\/v2\/users\/1"}],"replies":[{"embeddable":true,"href":"https:\/\/elmetropolitano.com.gt\/es\/wp-json\/wp\/v2\/comments?post=72124"}],"version-history":[{"count":1,"href":"https:\/\/elmetropolitano.com.gt\/es\/wp-json\/wp\/v2\/posts\/72124\/revisions"}],"predecessor-version":[{"id":72126,"href":"https:\/\/elmetropolitano.com.gt\/es\/wp-json\/wp\/v2\/posts\/72124\/revisions\/72126"}],"wp:featuredmedia":[{"embeddable":true,"href":"https:\/\/elmetropolitano.com.gt\/es\/wp-json\/wp\/v2\/media\/72125"}],"wp:attachment":[{"href":"https:\/\/elmetropolitano.com.gt\/es\/wp-json\/wp\/v2\/media?parent=72124"}],"wp:term":[{"taxonomy":"category","embeddable":true,"href":"https:\/\/elmetropolitano.com.gt\/es\/wp-json\/wp\/v2\/categories?post=72124"},{"taxonomy":"post_tag","embeddable":true,"href":"https:\/\/elmetropolitano.com.gt\/es\/wp-json\/wp\/v2\/tags?post=72124"}],"curies":[{"name":"wp","href":"https:\/\/api.w.org\/{rel}","templated":true}]}}