{"id":72155,"date":"2023-09-10T16:35:52","date_gmt":"2023-09-10T22:35:52","guid":{"rendered":"https:\/\/elmetropolitano.com.gt\/es\/?p=72155"},"modified":"2023-09-10T16:35:53","modified_gmt":"2023-09-10T22:35:53","slug":"grupo-bimbo-te-invita-a-correr-este-25-de-septiembre","status":"publish","type":"post","link":"https:\/\/elmetropolitano.com.gt\/es\/grupo-bimbo-te-invita-a-correr-este-25-de-septiembre\/","title":{"rendered":"Grupo Bimbo te invita a correr este 25 de septiembre"},"content":{"rendered":"\n<p>Grupo Bimbo, la panificadora m\u00e1s grande a nivel mundial, se complace en anunciar el lanzamiento oficial de la Bimbo Global Raceedici\u00f3n2023, la carrera con causa social m\u00e1s grande organizada por la empresa. La octava edici\u00f3n de este evento se realizar\u00e1 de manera presencial el domingo 24 de septiembre, siendo el punto de partida el Museo de los Ni\u00f1os de Guatemala, zona 13.<\/p>\n\n\n\n<p>Bajo <a><\/a>el lema \u00abCompartimos lo Bueno\u00bb, la Global Race 2023 ser\u00e1 una emocionante fiesta deportiva que tiene como objetivo apoyar a quienes m\u00e1s lo necesitan, pues por cada participante inscrito que corra 3K, 5K o 10K, Grupo Bimbo donar\u00e1 al Banco de Alimentos 20 rebanadas de pan. Adem\u00e1s, los primeros lugares del formato 10k femenil y varonil, podr\u00e1n ganar el derecho de correr en la ciudad sede de la Bimbo Global Race 2024, que ser\u00e1 anunciada posteriormente, yvivir una experiencia inolvidable con todos los gastos pagados.<\/p><div class=\"elmet-contenido\" id=\"elmet-2623998687\"><div class=\"elmet-adlabel\">Anuncios<\/div><div style=\"margin-top: 20px;margin-right: 20px;margin-bottom: 20px;margin-left: 20px;\" id=\"elmet-1738445956\"><a href=\"https:\/\/www.facebook.com\/arrincuanantigua\/\" aria-label=\"cintillo-arrin-cual\"><img loading=\"lazy\" decoding=\"async\" src=\"https:\/\/elmetropolitano.com.gt\/es\/wp-content\/uploads\/2021\/11\/cintillo-arrin-cual-1.jpg\" alt=\"\"  srcset=\"https:\/\/elmetropolitano.com.gt\/es\/wp-content\/uploads\/2021\/11\/cintillo-arrin-cual-1.jpg 750w, https:\/\/elmetropolitano.com.gt\/es\/wp-content\/uploads\/2021\/11\/cintillo-arrin-cual-1-300x36.jpg 300w, https:\/\/elmetropolitano.com.gt\/es\/wp-content\/uploads\/2021\/11\/cintillo-arrin-cual-1-600x72.jpg 600w\" sizes=\"(max-width: 750px) 100vw, 750px\" width=\"750\" height=\"90\"   \/><\/a><\/div><\/div>\n\n\n\n<p>La inscripci\u00f3n ya est\u00e1 abierta desde el 01 de agosto y se puede realizar a trav\u00e9s del sitio webhttps:\/\/bimboglobalrace.com\/por un valor de Q100.00 por persona. Al inscribirse, los participantes recibir\u00e1n un kit de participaci\u00f3n que se estar\u00e1 entregando el d\u00eda previo a la carrera (s\u00e1bado 23 de septiembre) en el Museo Miraflores.<\/p>\n\n\n\n<p>En esta nueva edici\u00f3n, la empresa tiene como meta reunir a un mayor n\u00famero de corredores de todo el mundo y as\u00ed poder superar las m\u00e1s de 6 millones de rebanadas de pan donadas en su edici\u00f3n virtual en el 2022, gracias a la participaci\u00f3n de m\u00e1s de 150 mil personas en m\u00e1s de 34 pa\u00edses participantes que tendr\u00e1n la modalidad virtual y presencial.<\/p>\n\n\n\n<p>\u00abAlimentar un mundo mejor es nuestro objetivo, poniendo alimentos deliciosos y nutritivos en las manos de todos. Por eso nos sumamos a este esfuerzo global para lograr la mayor donaci\u00f3n de pan. Estamos entusiasmados por invitar a todas las familias guatemaltecas a correr por una buena causa mientras se divierten y hacen ejercicio\u00bb, expres\u00f3 Ana Victoria Colop, gerente de Mercadeo de Grupo Bimbo Guatemala.<\/p>\n\n\n\n<p>Grupo Bimbo contin\u00faa impulsando iniciativas que fomentan la pr\u00e1ctica de actividad f\u00edsica con el objetivo de ayudar a esta noble causa y llevar pan delicioso y nutritivo a aquellos que m\u00e1s lo necesitan.<\/p>\n\n\n\n<p><a href=\"https:\/\/www.facebook.com\/hashtag\/bimboglobalrace?__eep__=6&amp;__cft__[0]=AZVup-mk5HRQDLwLYEQ1A4y86qQot0aNT-wzsnfCEqO81PyeSyHMeUUdQmI6iKNgU98uzQbnhYMshpCPY3BAwgg1vOYI3-6EzENjG9PKhDfE5QlyceS5YHmv8ocje45k6Z8yq-lesSIihk9Df65c8cKTnjX0Ow4VtQVyujdVFaB9Enx08RGx39xLvIDpUulA-Vo&amp;__tn__=*NK-R\">#bimboglobalrace<\/a><a href=\"https:\/\/www.facebook.com\/hashtag\/metroredes?__eep__=6&amp;__cft__[0]=AZVup-mk5HRQDLwLYEQ1A4y86qQot0aNT-wzsnfCEqO81PyeSyHMeUUdQmI6iKNgU98uzQbnhYMshpCPY3BAwgg1vOYI3-6EzENjG9PKhDfE5QlyceS5YHmv8ocje45k6Z8yq-lesSIihk9Df65c8cKTnjX0Ow4VtQVyujdVFaB9Enx08RGx39xLvIDpUulA-Vo&amp;__tn__=*NK-R\">#metroredes<\/a><a href=\"https:\/\/www.facebook.com\/hashtag\/bimboguatemala?__eep__=6&amp;__cft__[0]=AZVup-mk5HRQDLwLYEQ1A4y86qQot0aNT-wzsnfCEqO81PyeSyHMeUUdQmI6iKNgU98uzQbnhYMshpCPY3BAwgg1vOYI3-6EzENjG9PKhDfE5QlyceS5YHmv8ocje45k6Z8yq-lesSIihk9Df65c8cKTnjX0Ow4VtQVyujdVFaB9Enx08RGx39xLvIDpUulA-Vo&amp;__tn__=*NK-R\">#BimboGuatemala<\/a><\/p>\n\n\n\n<p><\/p>\n","protected":false},"excerpt":{"rendered":"<p>Grupo Bimbo, la panificadora m\u00e1s grande a nivel mundial, se complace en anunciar el lanzamiento oficial de la Bimbo Global Raceedici\u00f3n2023, la carrera con causa social m\u00e1s grande organizada por la empresa. La octava edici\u00f3n de este evento se realizar\u00e1 de manera presencial el domingo 24 de septiembre, siendo el punto de partida el Museo <a class=\"read-more\" href=\"https:\/\/elmetropolitano.com.gt\/es\/grupo-bimbo-te-invita-a-correr-este-25-de-septiembre\/\">Leer m\u00e1s<\/a><\/p>\n","protected":false},"author":1,"featured_media":72156,"comment_status":"open","ping_status":"closed","sticky":false,"template":"","format":"standard","meta":{"footnotes":""},"categories":[31],"tags":[32],"class_list":["post-72155","post","type-post","status-publish","format-standard","has-post-thumbnail","hentry","category-metroimpulso","tag-metroimpulso"],"_links":{"self":[{"href":"https:\/\/elmetropolitano.com.gt\/es\/wp-json\/wp\/v2\/posts\/72155","targetHints":{"allow":["GET"]}}],"collection":[{"href":"https:\/\/elmetropolitano.com.gt\/es\/wp-json\/wp\/v2\/posts"}],"about":[{"href":"https:\/\/elmetropolitano.com.gt\/es\/wp-json\/wp\/v2\/types\/post"}],"author":[{"embeddable":true,"href":"https:\/\/elmetropolitano.com.gt\/es\/wp-json\/wp\/v2\/users\/1"}],"replies":[{"embeddable":true,"href":"https:\/\/elmetropolitano.com.gt\/es\/wp-json\/wp\/v2\/comments?post=72155"}],"version-history":[{"count":1,"href":"https:\/\/elmetropolitano.com.gt\/es\/wp-json\/wp\/v2\/posts\/72155\/revisions"}],"predecessor-version":[{"id":72157,"href":"https:\/\/elmetropolitano.com.gt\/es\/wp-json\/wp\/v2\/posts\/72155\/revisions\/72157"}],"wp:featuredmedia":[{"embeddable":true,"href":"https:\/\/elmetropolitano.com.gt\/es\/wp-json\/wp\/v2\/media\/72156"}],"wp:attachment":[{"href":"https:\/\/elmetropolitano.com.gt\/es\/wp-json\/wp\/v2\/media?parent=72155"}],"wp:term":[{"taxonomy":"category","embeddable":true,"href":"https:\/\/elmetropolitano.com.gt\/es\/wp-json\/wp\/v2\/categories?post=72155"},{"taxonomy":"post_tag","embeddable":true,"href":"https:\/\/elmetropolitano.com.gt\/es\/wp-json\/wp\/v2\/tags?post=72155"}],"curies":[{"name":"wp","href":"https:\/\/api.w.org\/{rel}","templated":true}]}}