{"id":72177,"date":"2023-09-11T20:39:15","date_gmt":"2023-09-12T02:39:15","guid":{"rendered":"https:\/\/elmetropolitano.com.gt\/es\/?p=72177"},"modified":"2023-09-11T20:39:16","modified_gmt":"2023-09-12T02:39:16","slug":"incertidumbre-para-que-semilla-presente-al-congreso-su-politica-fiscal-2024","status":"publish","type":"post","link":"https:\/\/elmetropolitano.com.gt\/es\/incertidumbre-para-que-semilla-presente-al-congreso-su-politica-fiscal-2024\/","title":{"rendered":"Incertidumbre para que Semilla presente al Congreso su pol\u00edtica fiscal 2024"},"content":{"rendered":"\n<p>En una incertidumbre qued\u00f3 hoy que el partido oficial del pr\u00f3ximo a\u00f1o, Semilla, pueda presentar a la Comisi\u00f3n de Finanzas, su Pol\u00edtica Fiscal para el 2024, pues el diputado Samuel P\u00e9rez, propuso para el que el jueves, se pudiera realizar, pero al final el expositor de la misma, Jonathan Menkos dijo que no pod\u00eda a la hora que se le propuso.<\/p>\n\n\n\n<p>P\u00e9rez indic\u00f3 que el proyecto presupuestario est\u00e1 dentro del plan <a><\/a>de trabajo del Grupo Semilla, para el 2024, pero lo m\u00e1s importante es la pol\u00edtica fiscal y de eso har\u00e1n una presentaci\u00f3n cuando la Comisi\u00f3n de Finanzas lo requiera, ya que no quisieron darle otra hora el jueves.<\/p><div class=\"elmet-contenido\" id=\"elmet-2262240571\"><div class=\"elmet-adlabel\">Anuncios<\/div><div style=\"margin-top: 20px;margin-right: 20px;margin-bottom: 20px;margin-left: 20px;\" id=\"elmet-3169768300\"><a href=\"https:\/\/www.facebook.com\/arrincuanantigua\/\" aria-label=\"cintillo-arrin-cual\"><img loading=\"lazy\" decoding=\"async\" src=\"https:\/\/elmetropolitano.com.gt\/es\/wp-content\/uploads\/2021\/11\/cintillo-arrin-cual-1.jpg\" alt=\"\"  srcset=\"https:\/\/elmetropolitano.com.gt\/es\/wp-content\/uploads\/2021\/11\/cintillo-arrin-cual-1.jpg 750w, https:\/\/elmetropolitano.com.gt\/es\/wp-content\/uploads\/2021\/11\/cintillo-arrin-cual-1-300x36.jpg 300w, https:\/\/elmetropolitano.com.gt\/es\/wp-content\/uploads\/2021\/11\/cintillo-arrin-cual-1-600x72.jpg 600w\" sizes=\"(max-width: 750px) 100vw, 750px\" width=\"750\" height=\"90\"   \/><\/a><\/div><\/div>\n\n\n\n<p>El diputado de Semilla lleg\u00f3 hoy por la tarde a la reuni\u00f3n de la Comisi\u00f3n de Finanzas y propuso a Jonathan Menkos para hacer la presentaci\u00f3n respectiva, a la vez que el Ministerio de Finanzas present\u00f3 su proyecto presupuestario.<\/p>\n\n\n\n<p>El viceministro de Finanzas, Hugo Valle dijo que del presupuesto de esa cartera, se ha gastado Q227 millones y esperan para el cuatrimestre un gasto de Q382 millones. Recomiendan Q404.7 millones para el 2024.<\/p>\n\n\n\n<p>Otras actividades legislativas<\/p>\n\n\n\n<p>Para ma\u00f1ana los jefes de bloque seguramente discutir\u00e1n las reformas al Organismo Judicial en su segundo debate. Adem\u00e1s de que leer\u00e1n el despacho calificado, donde resultan \u00faltimamente sorpresivos.<\/p>\n\n\n\n<p>Celebrara\u00f1 el d\u00eda de la Ni\u00f1a<\/p>\n\n\n\n<p>Hoy el diputado Edgar Batres espera celebrar el D\u00eda Internacional de la Ni\u00f1a y recibi\u00f3 a Samuel Santos, de la mesa de la Ni\u00f1a. Fue la primera reuni\u00f3n del 2o parlamento de las ni\u00f1as que ser\u00e1 del 11 de octubre.<\/p>\n\n\n\n<p>El a\u00f1o pasado dice Batres, se tuvo el primer Parlamento con la participaci\u00f3n de 96 ni\u00f1as.<\/p>\n\n\n\n<p>Evaluaci\u00f3n fiscal<\/p>\n\n\n\n<p>El Grupo Parlamentario de Oposici\u00f3n se reuni\u00f3 con el viceministro de ingresos y evaluaci\u00f3n fiscal, Sa\u00fal Figueroa, el intendente de recaudaci\u00f3n de la SAT, Jos\u00e9 Fernando Suriano y el intendente de Fiscalizaci\u00f3n, Oscar Hern\u00e1ndez, para analizar los ingresos y egresos 2024.<\/p>\n\n\n\n<p>Figueroa indic\u00f3 que el presupuesto inicialmente se empez\u00f3 a elaborar desde febrero para las estimaciones y los ingresos ser\u00e1n de Q98,533 millones.<\/p>\n\n\n\n<p>El funcionario dijo que la tendencia es a la baja en cuanto a la recaudaci\u00f3n minera. Por ejemplo en el 2011, los ingresos eran de Q209. 6 millones y en hidrocarburos compartidos Q 498.7 millones. Pero en el 2022 fueron de Q88. 53 millones y Q231. 65 millones.<\/p>\n\n\n\n<p>Texto: Francisco Javier Hurtarte<\/p>\n\n\n\n<p><a href=\"https:\/\/www.facebook.com\/hashtag\/congresodelarep%C3%BAblicagt?__eep__=6&amp;__cft__[0]=AZXqdUEl6WHcVvRp1Src8OvUDyqYlUVEiJhXwveJnfmMsIs03qg6A1Ww521PMzoXNuThhvi8lhqu1bhNVhZiFvojQ2IEEjwMXAH_xJlGHDaB3aq3wrth8pzL7cNbUn3q2vBGg3LvD8loWQ-N4wbhwEsGg4eNDquB5Y-bFUDuuCvYZHMF0KHCAC7B4PggFhyOHyg&amp;__tn__=*NK-R\">#congresodelarep\u00fablicagt<\/a><a href=\"https:\/\/www.facebook.com\/hashtag\/metroredes?__eep__=6&amp;__cft__[0]=AZXqdUEl6WHcVvRp1Src8OvUDyqYlUVEiJhXwveJnfmMsIs03qg6A1Ww521PMzoXNuThhvi8lhqu1bhNVhZiFvojQ2IEEjwMXAH_xJlGHDaB3aq3wrth8pzL7cNbUn3q2vBGg3LvD8loWQ-N4wbhwEsGg4eNDquB5Y-bFUDuuCvYZHMF0KHCAC7B4PggFhyOHyg&amp;__tn__=*NK-R\">#metroredes<\/a><\/p>\n\n\n\n<figure class=\"wp-block-gallery has-nested-images columns-default is-cropped wp-block-gallery-1 is-layout-flex wp-block-gallery-is-layout-flex\">\n<figure class=\"wp-block-image size-large\"><img loading=\"lazy\" decoding=\"async\" width=\"1024\" height=\"683\" data-id=\"72180\" src=\"https:\/\/elmetropolitano.com.gt\/es\/wp-content\/uploads\/2023\/09\/375047634_779150900877662_3003323896381688456_n.jpg\" alt=\"\" class=\"wp-image-72180\" srcset=\"https:\/\/elmetropolitano.com.gt\/es\/wp-content\/uploads\/2023\/09\/375047634_779150900877662_3003323896381688456_n.jpg 1024w, https:\/\/elmetropolitano.com.gt\/es\/wp-content\/uploads\/2023\/09\/375047634_779150900877662_3003323896381688456_n-300x200.jpg 300w, https:\/\/elmetropolitano.com.gt\/es\/wp-content\/uploads\/2023\/09\/375047634_779150900877662_3003323896381688456_n-768x512.jpg 768w, https:\/\/elmetropolitano.com.gt\/es\/wp-content\/uploads\/2023\/09\/375047634_779150900877662_3003323896381688456_n-600x400.jpg 600w\" sizes=\"auto, (max-width: 1024px) 100vw, 1024px\" \/><\/figure>\n\n\n\n<figure class=\"wp-block-image size-large\"><img loading=\"lazy\" decoding=\"async\" width=\"1024\" height=\"682\" data-id=\"72179\" src=\"https:\/\/elmetropolitano.com.gt\/es\/wp-content\/uploads\/2023\/09\/375874791_779150894210996_3143754530961853427_n-1024x682.jpg\" alt=\"\" class=\"wp-image-72179\" srcset=\"https:\/\/elmetropolitano.com.gt\/es\/wp-content\/uploads\/2023\/09\/375874791_779150894210996_3143754530961853427_n-1024x682.jpg 1024w, https:\/\/elmetropolitano.com.gt\/es\/wp-content\/uploads\/2023\/09\/375874791_779150894210996_3143754530961853427_n-300x200.jpg 300w, https:\/\/elmetropolitano.com.gt\/es\/wp-content\/uploads\/2023\/09\/375874791_779150894210996_3143754530961853427_n-768x512.jpg 768w, https:\/\/elmetropolitano.com.gt\/es\/wp-content\/uploads\/2023\/09\/375874791_779150894210996_3143754530961853427_n-600x400.jpg 600w, https:\/\/elmetropolitano.com.gt\/es\/wp-content\/uploads\/2023\/09\/375874791_779150894210996_3143754530961853427_n.jpg 1280w\" sizes=\"auto, (max-width: 1024px) 100vw, 1024px\" \/><\/figure>\n\n\n\n<figure class=\"wp-block-image size-large\"><img loading=\"lazy\" decoding=\"async\" width=\"1024\" height=\"681\" data-id=\"72181\" src=\"https:\/\/elmetropolitano.com.gt\/es\/wp-content\/uploads\/2023\/09\/376048480_779150634211022_6267811198272507063_n-1024x681.jpg\" alt=\"\" class=\"wp-image-72181\" srcset=\"https:\/\/elmetropolitano.com.gt\/es\/wp-content\/uploads\/2023\/09\/376048480_779150634211022_6267811198272507063_n-1024x681.jpg 1024w, https:\/\/elmetropolitano.com.gt\/es\/wp-content\/uploads\/2023\/09\/376048480_779150634211022_6267811198272507063_n-300x200.jpg 300w, https:\/\/elmetropolitano.com.gt\/es\/wp-content\/uploads\/2023\/09\/376048480_779150634211022_6267811198272507063_n-768x511.jpg 768w, https:\/\/elmetropolitano.com.gt\/es\/wp-content\/uploads\/2023\/09\/376048480_779150634211022_6267811198272507063_n-1536x1021.jpg 1536w, https:\/\/elmetropolitano.com.gt\/es\/wp-content\/uploads\/2023\/09\/376048480_779150634211022_6267811198272507063_n-600x399.jpg 600w, https:\/\/elmetropolitano.com.gt\/es\/wp-content\/uploads\/2023\/09\/376048480_779150634211022_6267811198272507063_n.jpg 1600w\" sizes=\"auto, (max-width: 1024px) 100vw, 1024px\" \/><\/figure>\n<\/figure>\n","protected":false},"excerpt":{"rendered":"<p>En una incertidumbre qued\u00f3 hoy que el partido oficial del pr\u00f3ximo a\u00f1o, Semilla, pueda presentar a la Comisi\u00f3n de Finanzas, su Pol\u00edtica Fiscal para el 2024, pues el diputado Samuel P\u00e9rez, propuso para el que el jueves, se pudiera realizar, pero al final el expositor de la misma, Jonathan Menkos dijo que no pod\u00eda a <a class=\"read-more\" href=\"https:\/\/elmetropolitano.com.gt\/es\/incertidumbre-para-que-semilla-presente-al-congreso-su-politica-fiscal-2024\/\">Leer m\u00e1s<\/a><\/p>\n","protected":false},"author":1,"featured_media":72178,"comment_status":"open","ping_status":"closed","sticky":false,"template":"","format":"standard","meta":{"footnotes":""},"categories":[2],"tags":[12],"class_list":["post-72177","post","type-post","status-publish","format-standard","has-post-thumbnail","hentry","category-nacionales","tag-nacionales"],"_links":{"self":[{"href":"https:\/\/elmetropolitano.com.gt\/es\/wp-json\/wp\/v2\/posts\/72177","targetHints":{"allow":["GET"]}}],"collection":[{"href":"https:\/\/elmetropolitano.com.gt\/es\/wp-json\/wp\/v2\/posts"}],"about":[{"href":"https:\/\/elmetropolitano.com.gt\/es\/wp-json\/wp\/v2\/types\/post"}],"author":[{"embeddable":true,"href":"https:\/\/elmetropolitano.com.gt\/es\/wp-json\/wp\/v2\/users\/1"}],"replies":[{"embeddable":true,"href":"https:\/\/elmetropolitano.com.gt\/es\/wp-json\/wp\/v2\/comments?post=72177"}],"version-history":[{"count":1,"href":"https:\/\/elmetropolitano.com.gt\/es\/wp-json\/wp\/v2\/posts\/72177\/revisions"}],"predecessor-version":[{"id":72182,"href":"https:\/\/elmetropolitano.com.gt\/es\/wp-json\/wp\/v2\/posts\/72177\/revisions\/72182"}],"wp:featuredmedia":[{"embeddable":true,"href":"https:\/\/elmetropolitano.com.gt\/es\/wp-json\/wp\/v2\/media\/72178"}],"wp:attachment":[{"href":"https:\/\/elmetropolitano.com.gt\/es\/wp-json\/wp\/v2\/media?parent=72177"}],"wp:term":[{"taxonomy":"category","embeddable":true,"href":"https:\/\/elmetropolitano.com.gt\/es\/wp-json\/wp\/v2\/categories?post=72177"},{"taxonomy":"post_tag","embeddable":true,"href":"https:\/\/elmetropolitano.com.gt\/es\/wp-json\/wp\/v2\/tags?post=72177"}],"curies":[{"name":"wp","href":"https:\/\/api.w.org\/{rel}","templated":true}]}}