{"id":72184,"date":"2023-09-11T20:44:32","date_gmt":"2023-09-12T02:44:32","guid":{"rendered":"https:\/\/elmetropolitano.com.gt\/es\/?p=72184"},"modified":"2023-09-11T20:44:33","modified_gmt":"2023-09-12T02:44:33","slug":"giammattei-entrega-de-carpetas-institucionales-al-equipo-designado-por-el-binomio-electo","status":"publish","type":"post","link":"https:\/\/elmetropolitano.com.gt\/es\/giammattei-entrega-de-carpetas-institucionales-al-equipo-designado-por-el-binomio-electo\/","title":{"rendered":"Giammattei entrega de carpetas institucionales al equipo designado por el binomio electo"},"content":{"rendered":"\n<p>El gobierno del presidente de la Rep\u00fablica, Alejandro Giammattei, hizo entrega de carpetas con los planes, programas, pol\u00edticas y estrategias institucionales al equipo designado por el binomio electo.<\/p>\n\n\n\n<p>Durante la presentaci\u00f3n se hizo \u00e9nfasis en las inversiones hechas en programas esenciales de cada ministerio. Asimismo, se hizo menci\u00f3n de los avances en otros <a><\/a>programas de Gobierno.<\/p><div class=\"elmet-contenido\" id=\"elmet-1095426369\"><div class=\"elmet-adlabel\">Anuncios<\/div><div style=\"margin-top: 20px;margin-right: 20px;margin-bottom: 20px;margin-left: 20px;\" id=\"elmet-2235925826\"><a href=\"https:\/\/www.facebook.com\/arrincuanantigua\/\" aria-label=\"cintillo-arrin-cual\"><img loading=\"lazy\" decoding=\"async\" src=\"https:\/\/elmetropolitano.com.gt\/es\/wp-content\/uploads\/2021\/11\/cintillo-arrin-cual-1.jpg\" alt=\"\"  srcset=\"https:\/\/elmetropolitano.com.gt\/es\/wp-content\/uploads\/2021\/11\/cintillo-arrin-cual-1.jpg 750w, https:\/\/elmetropolitano.com.gt\/es\/wp-content\/uploads\/2021\/11\/cintillo-arrin-cual-1-300x36.jpg 300w, https:\/\/elmetropolitano.com.gt\/es\/wp-content\/uploads\/2021\/11\/cintillo-arrin-cual-1-600x72.jpg 600w\" sizes=\"(max-width: 750px) 100vw, 750px\" width=\"750\" height=\"90\"   \/><\/a><\/div><\/div>\n\n\n\n<p>En su discurso, el presidente Giammattei record\u00f3 que estas acciones refuerzan el compromiso con la alternancia del poder y de que el equipo pr\u00f3ximo inicie funciones informado como corresponde. Adem\u00e1s, mencion\u00f3 que la democracia tiene que ver con el respeto a la forma de pensar del otro.<\/p>\n\n\n\n<p>Con una met\u00e1fora sobre las dos caras de una moneda, indic\u00f3 que aunque sean opuestos, ambos equipos deben trabajar en conjunto por el bienestar del pa\u00eds. Sobre los programas y planes ejecutados, indic\u00f3 que los datos est\u00e1n en las carpetas entregadas para que puedan tomar decisiones.<\/p>\n\n\n\n<p>\u201cEl nuevo gobierno necesitar\u00e1 evaluar todo lo avanzado. No tiene por qu\u00e9 empezar de cero. Si algo no les convence, ya podr\u00e1n tomar decisiones. Pero ser\u00e1n decisiones informadas. Ponemos en sus manos, presidente electo, toda la informaci\u00f3n de los asuntos del pa\u00eds. De las acciones, planes, proyectos, programas, estrategias y pol\u00edticas que est\u00e1n en marcha. Aqu\u00ed est\u00e1 todo lo que se ha trabajado desde el Organismo Ejecutivo, incluso desde antes de mi mandato\u201d expres\u00f3 el presidente Giammattei en su discurso<\/p>\n\n\n\n<p>Logros destacados<\/p>\n\n\n\n<p>Durante la entrega de las carpetas institucionales, se mencion\u00f3 la estrategia Guatemala no se Detiene, la cual se trata de una hoja de ruta para atraer inversi\u00f3n extranjera. Con estas acciones se busca crear un mill\u00f3n de empleos en la pr\u00f3xima d\u00e9cada. Es una iniciativa liderada por el Ministerio de Econom\u00eda, la cual da cumplimiento al primer pilar de la Pol\u00edtica General de Gobierno: Econom\u00eda, Competitividad y Prosperidad, en el cual se busca fortalecer al pa\u00eds en infraestructura, capital humano, turismo y competitividad para generar atracci\u00f3n de inversi\u00f3n y, con ello, fortalecer el desarrollo econ\u00f3mico y social del pa\u00eds.<\/p>\n\n\n\n<p>Asimismo, se hizo menci\u00f3n del aumento de la cobertura de electrificaci\u00f3n a nivel nacional. Como resultado de diversos esfuerzos, se indic\u00f3 que se alcanz\u00f3 un 95.55 % de cobertura.<\/p>\n\n\n\n<p>Seguidamente se resalt\u00f3 que en esta administraci\u00f3n se cre\u00f3 el Viceministerio del Agua. Espec\u00edficamente, en febrero de 2021 se public\u00f3 en el Diario de Centro Am\u00e9rica el Acuerdo Gubernativo 18-2021 para crear dicha dependencia, avalada por el presidente Alejandro Giammattei en Consejo de Ministros.<\/p>\n\n\n\n<p>Tambi\u00e9n se hizo menci\u00f3n de la millonaria inversi\u00f3n en proyectos de seguridad alimentaria, como la Gran Cruzada Nacional por la Nutrici\u00f3n, as\u00ed como en carreteras para el mejoramiento de la movilidad.<\/p>\n\n\n\n<p>Sin dejar atr\u00e1s a los menores de edad, se habl\u00f3 sobre los programas a favor de la educaci\u00f3n. En este sentido, destacan el Programa de Alimentaci\u00f3n Escolar y el Seguro M\u00e9dico Escolar. En este \u00faltimo, recientemente el Ministerio de Educaci\u00f3n inform\u00f3 que son 2.98 millones de alumnos beneficiados. Dando continuidad a estos esfuerzos, el pasado 5 de septiembre comenz\u00f3 la sexta entrega de alimentaci\u00f3n escolar del a\u00f1o.<\/p>\n\n\n\n<p>Texto Daniel Coromac<\/p>\n\n\n\n<p><a href=\"https:\/\/www.facebook.com\/hashtag\/metroredes?__eep__=6&amp;__cft__[0]=AZURSeZRyQ-9wo2bktHHBIIVYZaYGFLP93HxfM5FtmmU5HUvmyHLMwA-SCmjfBIm3iHct88bp7t8l2y0WyAyQ7x-8g-AYDsdFh7To5HNeKcIhepHlGb2ESdZIrFTLphXTrq32OqxGQrHPz7d9K5o7-as-qnfAdUdiNz1BMkDvQNRMsxK8oOIvlafZ6AvvIjACZc&amp;__tn__=*NK-R\">#metroredes<\/a><a href=\"https:\/\/www.facebook.com\/hashtag\/movimientosemilla?__eep__=6&amp;__cft__[0]=AZURSeZRyQ-9wo2bktHHBIIVYZaYGFLP93HxfM5FtmmU5HUvmyHLMwA-SCmjfBIm3iHct88bp7t8l2y0WyAyQ7x-8g-AYDsdFh7To5HNeKcIhepHlGb2ESdZIrFTLphXTrq32OqxGQrHPz7d9K5o7-as-qnfAdUdiNz1BMkDvQNRMsxK8oOIvlafZ6AvvIjACZc&amp;__tn__=*NK-R\">#movimientoSemilla<\/a><a href=\"https:\/\/www.facebook.com\/hashtag\/transisiondegobiernogt?__eep__=6&amp;__cft__[0]=AZURSeZRyQ-9wo2bktHHBIIVYZaYGFLP93HxfM5FtmmU5HUvmyHLMwA-SCmjfBIm3iHct88bp7t8l2y0WyAyQ7x-8g-AYDsdFh7To5HNeKcIhepHlGb2ESdZIrFTLphXTrq32OqxGQrHPz7d9K5o7-as-qnfAdUdiNz1BMkDvQNRMsxK8oOIvlafZ6AvvIjACZc&amp;__tn__=*NK-R\">#transisiondegobiernoGT<\/a><\/p>\n\n\n\n<figure class=\"wp-block-gallery has-nested-images columns-default is-cropped wp-block-gallery-1 is-layout-flex wp-block-gallery-is-layout-flex\">\n<figure class=\"wp-block-image size-large\"><img loading=\"lazy\" decoding=\"async\" width=\"458\" height=\"306\" data-id=\"72186\" src=\"https:\/\/elmetropolitano.com.gt\/es\/wp-content\/uploads\/2023\/09\/375831920_779193247540094_8172622069432685276_n.jpg\" alt=\"\" class=\"wp-image-72186\" srcset=\"https:\/\/elmetropolitano.com.gt\/es\/wp-content\/uploads\/2023\/09\/375831920_779193247540094_8172622069432685276_n.jpg 458w, https:\/\/elmetropolitano.com.gt\/es\/wp-content\/uploads\/2023\/09\/375831920_779193247540094_8172622069432685276_n-300x200.jpg 300w\" sizes=\"auto, (max-width: 458px) 100vw, 458px\" \/><\/figure>\n\n\n\n<figure class=\"wp-block-image size-large\"><img loading=\"lazy\" decoding=\"async\" width=\"458\" height=\"306\" data-id=\"72187\" src=\"https:\/\/elmetropolitano.com.gt\/es\/wp-content\/uploads\/2023\/09\/376059534_779193204206765_4855654905339247509_n.jpg\" alt=\"\" class=\"wp-image-72187\" srcset=\"https:\/\/elmetropolitano.com.gt\/es\/wp-content\/uploads\/2023\/09\/376059534_779193204206765_4855654905339247509_n.jpg 458w, https:\/\/elmetropolitano.com.gt\/es\/wp-content\/uploads\/2023\/09\/376059534_779193204206765_4855654905339247509_n-300x200.jpg 300w\" sizes=\"auto, (max-width: 458px) 100vw, 458px\" \/><\/figure>\n\n\n\n<figure class=\"wp-block-image size-large\"><img loading=\"lazy\" decoding=\"async\" width=\"458\" height=\"306\" data-id=\"72188\" src=\"https:\/\/elmetropolitano.com.gt\/es\/wp-content\/uploads\/2023\/09\/376238244_779193257540093_6842982281530344287_n.jpg\" alt=\"\" class=\"wp-image-72188\" srcset=\"https:\/\/elmetropolitano.com.gt\/es\/wp-content\/uploads\/2023\/09\/376238244_779193257540093_6842982281530344287_n.jpg 458w, https:\/\/elmetropolitano.com.gt\/es\/wp-content\/uploads\/2023\/09\/376238244_779193257540093_6842982281530344287_n-300x200.jpg 300w\" sizes=\"auto, (max-width: 458px) 100vw, 458px\" \/><\/figure>\n<\/figure>\n","protected":false},"excerpt":{"rendered":"<p>El gobierno del presidente de la Rep\u00fablica, Alejandro Giammattei, hizo entrega de carpetas con los planes, programas, pol\u00edticas y estrategias institucionales al equipo designado por el binomio electo. Durante la presentaci\u00f3n se hizo \u00e9nfasis en las inversiones hechas en programas esenciales de cada ministerio. Asimismo, se hizo menci\u00f3n de los avances en otros programas de <a class=\"read-more\" href=\"https:\/\/elmetropolitano.com.gt\/es\/giammattei-entrega-de-carpetas-institucionales-al-equipo-designado-por-el-binomio-electo\/\">Leer m\u00e1s<\/a><\/p>\n","protected":false},"author":1,"featured_media":72185,"comment_status":"open","ping_status":"closed","sticky":false,"template":"","format":"standard","meta":{"footnotes":""},"categories":[2],"tags":[12],"class_list":["post-72184","post","type-post","status-publish","format-standard","has-post-thumbnail","hentry","category-nacionales","tag-nacionales"],"_links":{"self":[{"href":"https:\/\/elmetropolitano.com.gt\/es\/wp-json\/wp\/v2\/posts\/72184","targetHints":{"allow":["GET"]}}],"collection":[{"href":"https:\/\/elmetropolitano.com.gt\/es\/wp-json\/wp\/v2\/posts"}],"about":[{"href":"https:\/\/elmetropolitano.com.gt\/es\/wp-json\/wp\/v2\/types\/post"}],"author":[{"embeddable":true,"href":"https:\/\/elmetropolitano.com.gt\/es\/wp-json\/wp\/v2\/users\/1"}],"replies":[{"embeddable":true,"href":"https:\/\/elmetropolitano.com.gt\/es\/wp-json\/wp\/v2\/comments?post=72184"}],"version-history":[{"count":1,"href":"https:\/\/elmetropolitano.com.gt\/es\/wp-json\/wp\/v2\/posts\/72184\/revisions"}],"predecessor-version":[{"id":72189,"href":"https:\/\/elmetropolitano.com.gt\/es\/wp-json\/wp\/v2\/posts\/72184\/revisions\/72189"}],"wp:featuredmedia":[{"embeddable":true,"href":"https:\/\/elmetropolitano.com.gt\/es\/wp-json\/wp\/v2\/media\/72185"}],"wp:attachment":[{"href":"https:\/\/elmetropolitano.com.gt\/es\/wp-json\/wp\/v2\/media?parent=72184"}],"wp:term":[{"taxonomy":"category","embeddable":true,"href":"https:\/\/elmetropolitano.com.gt\/es\/wp-json\/wp\/v2\/categories?post=72184"},{"taxonomy":"post_tag","embeddable":true,"href":"https:\/\/elmetropolitano.com.gt\/es\/wp-json\/wp\/v2\/tags?post=72184"}],"curies":[{"name":"wp","href":"https:\/\/api.w.org\/{rel}","templated":true}]}}